{"id":32213,"date":"2020-08-07T00:22:24","date_gmt":"2020-08-07T00:22:24","guid":{"rendered":"https:\/\/jorgezanoni.com.br\/2019\/?p=32213"},"modified":"2020-08-07T00:22:24","modified_gmt":"2020-08-07T00:22:24","slug":"por-motivo-de-covid-19-em-alguns-funcionarios-a-cooperativa-de-reciclagem-esta-parada","status":"publish","type":"post","link":"https:\/\/jorgezanoni.com.br\/2019\/por-motivo-de-covid-19-em-alguns-funcionarios-a-cooperativa-de-reciclagem-esta-parada\/","title":{"rendered":"Por motivo de COVID-19 em alguns funcion\u00e1rios a Cooperativa de Reciclagem est\u00e1 parada"},"content":{"rendered":"<p style=\"text-align: justify;\">INFORME \u00c0 POPULA\u00c7\u00c3O DE DRACENA<\/p>\n<p style=\"text-align: justify;\">A COTRARES &#8211; Cooperativa de Trabalho e Reciclagem de Res\u00edduos S\u00f3lidos, INFORMA A POPULA\u00c7\u00c3O QUE POR MOTIVO DE COVID EM ALGUNS COOPERADOS, N\u00c3O FOI REALIZADA A COLETA NA QUARTA (05), QUINTA (06) E NEM ACONTECER\u00c1 AMANH\u00c3 (07).<\/p>\n<p style=\"text-align: justify;\">A COOPERATIVA PEDE A COOPERA\u00c7\u00c3O DA POPULA\u00c7\u00c3O E QUE CONTINUEM GUARDANDO OS MATERIAIS RECICL\u00c1VEIS, QUE SER\u00c3O RETIRADOS NORMALMENTE A PARTIR DA SEGUNDA FEIRA (10).<\/p>\n<div class=\"text_exposed_show\">\n<p style=\"text-align: justify;\">LEMBRE-SE A COOPERATIVA PRECISA DOS MATERIAS QUE VOC\u00ca SEPARA EM SUA RESID\u00caNCIA. S\u00c3O 40 FAM\u00cdLIAS QUE DEPENDEM DESSE TRABALHO ESSENCIAL PARA TODOS N\u00d3S.<\/p>\n<\/div>\n","protected":false},"excerpt":{"rendered":"<p>INFORME \u00c0 POPULA\u00c7\u00c3O DE DRACENA A COTRARES &#8211; Cooperativa de Trabalho e Reciclagem de Res\u00edduos S\u00f3lidos, INFORMA A POPULA\u00c7\u00c3O QUE POR MOTIVO DE COVID EM ALGUNS COOPERADOS, N\u00c3O FOI REALIZADA A COLETA NA QUARTA (05), QUINTA (06) E NEM ACONTECER\u00c1 AMANH\u00c3 (07). A COOPERATIVA PEDE A COOPERA\u00c7\u00c3O DA POPULA\u00c7\u00c3O E QUE CONTINUEM GUARDANDO OS MATERIAIS [&hellip;]<\/p>\n","protected":false},"author":1,"featured_media":32214,"comment_status":"closed","ping_status":"open","sticky":false,"template":"","format":"standard","meta":{"footnotes":""},"categories":[179,184,110],"tags":[],"class_list":["post-32213","post","type-post","status-publish","format-standard","has-post-thumbnail","hentry","category-cidadeseregiao","category-dracena","category-noticiasdestaque"],"_links":{"self":[{"href":"https:\/\/jorgezanoni.com.br\/2019\/wp-json\/wp\/v2\/posts\/32213","targetHints":{"allow":["GET"]}}],"collection":[{"href":"https:\/\/jorgezanoni.com.br\/2019\/wp-json\/wp\/v2\/posts"}],"about":[{"href":"https:\/\/jorgezanoni.com.br\/2019\/wp-json\/wp\/v2\/types\/post"}],"author":[{"embeddable":true,"href":"https:\/\/jorgezanoni.com.br\/2019\/wp-json\/wp\/v2\/users\/1"}],"replies":[{"embeddable":true,"href":"https:\/\/jorgezanoni.com.br\/2019\/wp-json\/wp\/v2\/comments?post=32213"}],"version-history":[{"count":0,"href":"https:\/\/jorgezanoni.com.br\/2019\/wp-json\/wp\/v2\/posts\/32213\/revisions"}],"wp:featuredmedia":[{"embeddable":true,"href":"https:\/\/jorgezanoni.com.br\/2019\/wp-json\/wp\/v2\/media\/32214"}],"wp:attachment":[{"href":"https:\/\/jorgezanoni.com.br\/2019\/wp-json\/wp\/v2\/media?parent=32213"}],"wp:term":[{"taxonomy":"category","embeddable":true,"href":"https:\/\/jorgezanoni.com.br\/2019\/wp-json\/wp\/v2\/categories?post=32213"},{"taxonomy":"post_tag","embeddable":true,"href":"https:\/\/jorgezanoni.com.br\/2019\/wp-json\/wp\/v2\/tags?post=32213"}],"curies":[{"name":"wp","href":"https:\/\/api.w.org\/{rel}","templated":true}]}}