{"id":32209,"date":"2020-08-06T23:41:01","date_gmt":"2020-08-06T23:41:01","guid":{"rendered":"https:\/\/jorgezanoni.com.br\/2019\/?p=32209"},"modified":"2020-08-06T23:41:01","modified_gmt":"2020-08-06T23:41:01","slug":"jovem-morre-em-acidente-entre-moto-e-carro-no-centro-de-castilho","status":"publish","type":"post","link":"https:\/\/jorgezanoni.com.br\/2019\/jovem-morre-em-acidente-entre-moto-e-carro-no-centro-de-castilho\/","title":{"rendered":"Jovem morre em acidente entre moto e carro no centro de Castilho"},"content":{"rendered":"<h2 class=\"content-head__subtitle\" style=\"text-align: justify;\"><strong>De acordo com informa\u00e7\u00f5es da Pol\u00edcia Civil, a v\u00edtima estava em uma moto e bateu de frente com um carro, que seguia no sentido contr\u00e1rio.<\/strong><\/h2>\n<div class=\"mc-column content-text active-extra-styles \" data-block-type=\"unstyled\" data-block-weight=\"33\" data-block-id=\"2\">\n<p class=\"content-text__container \" style=\"text-align: justify;\" data-track-category=\"Link no Texto\" data-track-links=\"\">Um jovem de 23 anos morreu na manh\u00e3 desta quinta-feira (6) depois de sofrer um acidente no cruzamento da Rua Os\u00f3rio Junqueira com a Avenida Presidente Vargas, no centro de Castilho (SP).<\/p>\n<\/div>\n<div class=\"wall protected-content\">\n<div class=\"mc-column content-text active-extra-styles \" style=\"text-align: justify;\" data-block-type=\"unstyled\" data-block-weight=\"26\" data-block-id=\"3\">\n<p class=\"content-text__container \" data-track-category=\"Link no Texto\" data-track-links=\"\">De acordo com informa\u00e7\u00f5es da Pol\u00edcia Civil, a v\u00edtima estava em uma moto e bateu de frente com um carro, que seguia no sentido contr\u00e1rio.<\/p>\n<\/div>\n<div class=\"mc-column content-text active-extra-styles \" data-block-type=\"unstyled\" data-block-weight=\"32\" data-block-id=\"4\">\n<p class=\"content-text__container \" style=\"text-align: justify;\" data-track-category=\"Link no Texto\" data-track-links=\"\">O jovem chegou a ser socorrido, mas n\u00e3o resistiu aos ferimentos e morreu. O motorista do carro n\u00e3o se machucou. A per\u00edcia esteve no local e as causas do acidente ser\u00e3o investigadas.<\/p>\n<p style=\"text-align: justify;\" data-track-category=\"Link no Texto\" data-track-links=\"\">Fonte: G1<\/p>\n<\/div>\n<\/div>\n","protected":false},"excerpt":{"rendered":"<p>De acordo com informa\u00e7\u00f5es da Pol\u00edcia Civil, a v\u00edtima estava em uma moto e bateu de frente com um carro, que seguia no sentido contr\u00e1rio. Um jovem de 23 anos morreu na manh\u00e3 desta quinta-feira (6) depois de sofrer um acidente no cruzamento da Rua Os\u00f3rio Junqueira com a Avenida Presidente Vargas, no centro de [&hellip;]<\/p>\n","protected":false},"author":1,"featured_media":32210,"comment_status":"closed","ping_status":"open","sticky":false,"template":"","format":"standard","meta":{"footnotes":""},"categories":[170,110],"tags":[],"class_list":["post-32209","post","type-post","status-publish","format-standard","has-post-thumbnail","hentry","category-acidentes","category-noticiasdestaque"],"_links":{"self":[{"href":"https:\/\/jorgezanoni.com.br\/2019\/wp-json\/wp\/v2\/posts\/32209","targetHints":{"allow":["GET"]}}],"collection":[{"href":"https:\/\/jorgezanoni.com.br\/2019\/wp-json\/wp\/v2\/posts"}],"about":[{"href":"https:\/\/jorgezanoni.com.br\/2019\/wp-json\/wp\/v2\/types\/post"}],"author":[{"embeddable":true,"href":"https:\/\/jorgezanoni.com.br\/2019\/wp-json\/wp\/v2\/users\/1"}],"replies":[{"embeddable":true,"href":"https:\/\/jorgezanoni.com.br\/2019\/wp-json\/wp\/v2\/comments?post=32209"}],"version-history":[{"count":0,"href":"https:\/\/jorgezanoni.com.br\/2019\/wp-json\/wp\/v2\/posts\/32209\/revisions"}],"wp:featuredmedia":[{"embeddable":true,"href":"https:\/\/jorgezanoni.com.br\/2019\/wp-json\/wp\/v2\/media\/32210"}],"wp:attachment":[{"href":"https:\/\/jorgezanoni.com.br\/2019\/wp-json\/wp\/v2\/media?parent=32209"}],"wp:term":[{"taxonomy":"category","embeddable":true,"href":"https:\/\/jorgezanoni.com.br\/2019\/wp-json\/wp\/v2\/categories?post=32209"},{"taxonomy":"post_tag","embeddable":true,"href":"https:\/\/jorgezanoni.com.br\/2019\/wp-json\/wp\/v2\/tags?post=32209"}],"curies":[{"name":"wp","href":"https:\/\/api.w.org\/{rel}","templated":true}]}}