{"id":32206,"date":"2020-08-06T23:27:47","date_gmt":"2020-08-06T23:27:47","guid":{"rendered":"https:\/\/jorgezanoni.com.br\/2019\/?p=32206"},"modified":"2020-08-06T23:27:47","modified_gmt":"2020-08-06T23:27:47","slug":"medico-que-atuava-no-combate-a-covid-19-morre-com-a-doenca-aos-56-anos-em-tupa","status":"publish","type":"post","link":"https:\/\/jorgezanoni.com.br\/2019\/medico-que-atuava-no-combate-a-covid-19-morre-com-a-doenca-aos-56-anos-em-tupa\/","title":{"rendered":"M\u00e9dico que atuava no combate \u00e0 Covid-19 morre com a doen\u00e7a aos 56 anos em Tup\u00e3"},"content":{"rendered":"<h2 class=\"content-head__subtitle\" style=\"text-align: justify;\"><strong>Prefeitura decretou luto oficial pela morte do infectologista que ficou 14 dias internado com diagn\u00f3stico de coronav\u00edrus. Cidade tem 22 mortes e 378 casos confirmados da doen\u00e7a.<\/strong><\/h2>\n<div class=\"mc-column content-text active-extra-styles \" data-block-type=\"unstyled\" data-block-weight=\"29\" data-block-id=\"2\">\n<p class=\"content-text__container \" style=\"text-align: justify;\" data-track-category=\"Link no Texto\" data-track-links=\"\">A prefeitura de Tup\u00e3 (SP) informou na noite desta quarta-feira (5) a morte do m\u00e9dico infectologista Douglas Batista da Silva, aos 56 anos, em decorr\u00eancia das complica\u00e7\u00f5es da Covid-19.<\/p>\n<\/div>\n<div class=\"wall protected-content\">\n<div class=\"mc-column content-text active-extra-styles \" style=\"text-align: justify;\" data-block-type=\"unstyled\" data-block-weight=\"36\" data-block-id=\"3\">\n<p class=\"content-text__container \" data-track-category=\"Link no Texto\" data-track-links=\"\">O m\u00e9dico morreu no in\u00edcio da noite ap\u00f3s permanecer internado por 14 dias na UTI da Santa Casa. Segundo a prefeitura, Silva era considerado um dos principais nomes nas a\u00e7\u00f5es de enfrentamento \u00e0 doen\u00e7a cidade.<\/p>\n<\/div>\n<div class=\"mc-column content-text active-extra-styles \" style=\"text-align: justify;\" data-block-type=\"unstyled\" data-block-weight=\"43\" data-block-id=\"4\">\n<p class=\"content-text__container \" data-track-category=\"Link no Texto\" data-track-links=\"\">Por isso, o prefeito Caio Aoki decretou luto oficial por tr\u00eas dias. O decreto estende a homenagem tamb\u00e9m a todos os moradores da cidade que perderam a vida durante a pandemia. At\u00e9 agora, Tup\u00e3 registra 22 mortes e 378 casos confirmados de Covid-19.<\/p>\n<\/div>\n<div class=\"mc-column content-text active-extra-styles\" style=\"text-align: justify;\" data-block-type=\"raw\" data-block-weight=\"9\" data-block-id=\"5\">\n<ul class=\"content-unordered-list\">\n<li><a href=\"https:\/\/g1.globo.com\/sp\/bauru-marilia\/ao-vivo\/confira-as-ultimas-noticias-sobre-o-coronavirus-nas-regioes-de-bauru-e-marilia.ghtml\">Confira os n\u00fameros da pandemia de Covid-19 nas regi\u00f5es<\/a><\/li>\n<\/ul>\n<\/div>\n<div class=\"mc-column content-text active-extra-styles \" style=\"text-align: justify;\" data-block-type=\"unstyled\" data-block-weight=\"44\" data-block-id=\"6\">\n<p class=\"content-text__container \" data-track-category=\"Link no Texto\" data-track-links=\"\">Apesar de pertencer ao grupo de risco, por ser hipertenso e diab\u00e9tico, o m\u00e9dico Douglas Silva manteve-se na linha de frente do combate \u00e0 Covid-19, trabalhando desde o in\u00edcio da pandemia tanto no planejamento das estrat\u00e9gias contra a doen\u00e7a, como no atendimento aos pacientes.<\/p>\n<\/div>\n<div class=\"row medium-uncollapsed content-media content-photo\" style=\"text-align: justify;\" data-block-type=\"backstage-photo\" data-block-id=\"7\">\n<div class=\"mc-column content-media__container\">\n<figure><img decoding=\"async\" class=\"i-amphtml-fill-content i-amphtml-replaced-content\" src=\"https:\/\/s2.glbimg.com\/JhteYFGeAqPSVTqYH_AKVz5V-2U=\/0x0:1455x800\/984x0\/smart\/filters:strip_icc()\/i.s3.glbimg.com\/v1\/AUTH_59edd422c0c84a879bd37670ae4f538a\/internal_photos\/bs\/2020\/y\/i\/stAqkrQLKreZmMTHgeCQ\/tupa1.jpg\" sizes=\"(max-width: 1242px) 648px, 100vw\" srcset=\"https:\/\/s2.glbimg.com\/3gK_R1pSR4PaUXtdvekYaz_o1LM=\/0x0:1455x800\/1000x0\/smart\/filters:strip_icc()\/i.s3.glbimg.com\/v1\/AUTH_59edd422c0c84a879bd37670ae4f538a\/internal_photos\/bs\/2020\/y\/i\/stAqkrQLKreZmMTHgeCQ\/tupa1.jpg 1000w, https:\/\/s2.glbimg.com\/JhteYFGeAqPSVTqYH_AKVz5V-2U=\/0x0:1455x800\/984x0\/smart\/filters:strip_icc()\/i.s3.glbimg.com\/v1\/AUTH_59edd422c0c84a879bd37670ae4f538a\/internal_photos\/bs\/2020\/y\/i\/stAqkrQLKreZmMTHgeCQ\/tupa1.jpg 984w, https:\/\/s2.glbimg.com\/3cJGVUAY1-HmTPBkCxD0jMRvcz4=\/0x0:1455x800\/640x0\/smart\/filters:strip_icc()\/i.s3.glbimg.com\/v1\/AUTH_59edd422c0c84a879bd37670ae4f538a\/internal_photos\/bs\/2020\/y\/i\/stAqkrQLKreZmMTHgeCQ\/tupa1.jpg 640w, https:\/\/s2.glbimg.com\/jPHCx3UAxJn9UvuSHU5IGsNFIFk=\/0x0:1455x800\/600x0\/smart\/filters:strip_icc()\/i.s3.glbimg.com\/v1\/AUTH_59edd422c0c84a879bd37670ae4f538a\/internal_photos\/bs\/2020\/y\/i\/stAqkrQLKreZmMTHgeCQ\/tupa1.jpg 600w\" alt=\"Asilo Casa Emanuel, de Tupa, foi atingido por surto de coronav\u00edrus e 14 idosos morreram \u2014 Foto: TV TEM\/Reprodu\u00e7\u00e3o\" \/><\/figure>\n<p class=\"content-media__description \">Asilo Casa Emanuel, de Tupa, foi atingido por surto de coronav\u00edrus e 14 idosos morreram \u2014 Foto: TV TEM\/Reprodu\u00e7\u00e3o<\/p>\n<\/div>\n<\/div>\n<div class=\"mc-column content-text active-extra-styles \" style=\"text-align: justify;\" data-block-type=\"unstyled\" data-block-weight=\"51\" data-block-id=\"9\">\n<p class=\"content-text__container \" data-track-category=\"Link no Texto\" data-track-links=\"\">Durante a atual pandemia, Tup\u00e3 tamb\u00e9m sofreu com a\u00a0<a href=\"https:\/\/g1.globo.com\/sp\/bauru-marilia\/noticia\/2020\/07\/30\/tupa-tem-mais-duas-mortes-em-asilo-com-surto-de-covid-e-publica-decreto-com-restricoes-na-quarentena.ghtml\">morte de 14 idosos que moravam em um asilo onde foi detectado um surto de coronav\u00edrus<\/a>. No asilo, 50 pessoas foram contaminadas e todos os moradores foram\u00a0<a href=\"https:\/\/g1.globo.com\/sp\/bauru-marilia\/noticia\/2020\/07\/13\/asilo-com-surto-de-covid-19-registra-morte-de-dois-idosos-por-coronavirus-em-tupa.ghtml\">retirados da casa e levados para o antigo Hospital Dom Bosco<\/a>, que passou por desinfec\u00e7\u00e3o.<\/p>\n<\/div>\n<div class=\"mc-column content-text active-extra-styles\" style=\"text-align: justify;\" data-block-type=\"raw\" data-block-weight=\"3\" data-block-id=\"10\">\n<div class=\"content-intertitle\">\n<h2><strong>Flexibiliza\u00e7\u00e3o x Justi\u00e7a<\/strong><\/h2>\n<\/div>\n<\/div>\n<div class=\"mc-column content-text active-extra-styles \" style=\"text-align: justify;\" data-block-type=\"unstyled\" data-block-weight=\"42\" data-block-id=\"11\">\n<p class=\"content-text__container \" data-track-category=\"Link no Texto\" data-track-links=\"\">Por causa do avan\u00e7o da doen\u00e7a, a prefeitura publicou um novo decreto com restri\u00e7\u00f5es na quarentena. A prefeitura de Tup\u00e3 possui uma\u00a0<a href=\"https:\/\/g1.globo.com\/sp\/bauru-marilia\/noticia\/2020\/05\/11\/tupa-recorre-ao-tj-consegue-liminar-para-flexibilizar-comercio-e-servicos.ghtml\">liminar conquistada junto ao Tribunal de Justi\u00e7a de S\u00e3o Paulo<\/a>\u00a0que permite que o munic\u00edpio defina sua pr\u00f3pria quarentena.<\/p>\n<\/div>\n<div class=\"mc-column content-text active-extra-styles \" style=\"text-align: justify;\" data-block-type=\"unstyled\" data-block-weight=\"30\" data-block-id=\"12\">\n<p class=\"content-text__container \" data-track-category=\"Link no Texto\" data-track-links=\"\">Na cidade, desde maio o\u00a0<a href=\"https:\/\/g1.globo.com\/sp\/bauru-marilia\/noticia\/2020\/05\/11\/tupa-recorre-ao-tj-consegue-liminar-para-flexibilizar-comercio-e-servicos.ghtml\">com\u00e9rcio est\u00e1 funcionando<\/a>\u00a0oito horas por dia, diferente do que regulamenta o Plano S\u00e3o Paulo, que na fase laranja permite apenas quatro horas de funcionamento.<\/p>\n<\/div>\n<div class=\"row medium-uncollapsed content-media content-photo\" style=\"text-align: justify;\" data-block-type=\"backstage-photo\" data-block-id=\"13\">\n<div class=\"mc-column content-media__container\">\n<figure><img decoding=\"async\" class=\"i-amphtml-fill-content i-amphtml-replaced-content\" src=\"https:\/\/s2.glbimg.com\/jUBnzT1nCmWJ3PD0mHY3cwZpyGA=\/0x0:1280x853\/984x0\/smart\/filters:strip_icc()\/i.s3.glbimg.com\/v1\/AUTH_59edd422c0c84a879bd37670ae4f538a\/internal_photos\/bs\/2020\/7\/q\/UUXyLORTADCa344GpSfg\/reabre-tupa.jpg\" sizes=\"(max-width: 1242px) 648px, 100vw\" srcset=\"https:\/\/s2.glbimg.com\/PiKT9TfCgjA7SYKP5Q8efN9LrMw=\/0x0:1280x853\/1000x0\/smart\/filters:strip_icc()\/i.s3.glbimg.com\/v1\/AUTH_59edd422c0c84a879bd37670ae4f538a\/internal_photos\/bs\/2020\/7\/q\/UUXyLORTADCa344GpSfg\/reabre-tupa.jpg 1000w, https:\/\/s2.glbimg.com\/jUBnzT1nCmWJ3PD0mHY3cwZpyGA=\/0x0:1280x853\/984x0\/smart\/filters:strip_icc()\/i.s3.glbimg.com\/v1\/AUTH_59edd422c0c84a879bd37670ae4f538a\/internal_photos\/bs\/2020\/7\/q\/UUXyLORTADCa344GpSfg\/reabre-tupa.jpg 984w, https:\/\/s2.glbimg.com\/L62fUDCAvQgWh9gjuZFtcGUN79A=\/0x0:1280x853\/640x0\/smart\/filters:strip_icc()\/i.s3.glbimg.com\/v1\/AUTH_59edd422c0c84a879bd37670ae4f538a\/internal_photos\/bs\/2020\/7\/q\/UUXyLORTADCa344GpSfg\/reabre-tupa.jpg 640w, https:\/\/s2.glbimg.com\/XpfKuJC7cu5AV6V8-5l4lc1Xy_o=\/0x0:1280x853\/600x0\/smart\/filters:strip_icc()\/i.s3.glbimg.com\/v1\/AUTH_59edd422c0c84a879bd37670ae4f538a\/internal_photos\/bs\/2020\/7\/q\/UUXyLORTADCa344GpSfg\/reabre-tupa.jpg 600w\" alt=\"Tup\u00e3 flexibilizou a quarentena e com\u00e9rcio come\u00e7ou a funcionar de forma gradual desde o dia 11 de maio \u2014 Foto: Prefeitura de Tup\u00e3\/ Divulga\u00e7\u00e3o \" \/><\/figure>\n<p class=\"content-media__description \">Tup\u00e3 flexibilizou a quarentena e com\u00e9rcio come\u00e7ou a funcionar de forma gradual desde o dia 11 de maio \u2014 Foto: Prefeitura de Tup\u00e3\/ Divulga\u00e7\u00e3o<\/p>\n<\/div>\n<\/div>\n<div class=\"mc-column content-text active-extra-styles \" style=\"text-align: justify;\" data-block-type=\"unstyled\" data-block-weight=\"39\" data-block-id=\"14\">\n<p class=\"content-text__container \" data-track-category=\"Link no Texto\" data-track-links=\"\">Diante do aumento de casos, especialmente no asilo, a prefeitura editou esta semana um\u00a0<a href=\"https:\/\/g1.globo.com\/sp\/bauru-marilia\/noticia\/2020\/07\/30\/tupa-tem-mais-duas-mortes-em-asilo-com-surto-de-covid-e-publica-decreto-com-restricoes-na-quarentena.ghtml\">novo decreto aumentando as restri\u00e7\u00f5es de sua quarentena<\/a>\u00a0. Desta vez, foram impostas novas regras para encontros, cultos e reuni\u00f5es religiosas e para os supermercados.<\/p>\n<\/div>\n<div class=\"mc-column content-text active-extra-styles \" style=\"text-align: justify;\" data-block-type=\"unstyled\" data-block-weight=\"49\" data-block-id=\"15\">\n<p class=\"content-text__container \" data-track-category=\"Link no Texto\" data-track-links=\"\">De acordo com o decreto, fica proibida a realiza\u00e7\u00e3o de quaisquer tipos de encontros, cultos ou reuni\u00f5es religiosas na modalidade presencial, com exce\u00e7\u00e3o das atividades com dura\u00e7\u00e3o m\u00e1xima de 1h aos domingos. Est\u00e1 vetada a participa\u00e7\u00e3o de crian\u00e7as at\u00e9 12 anos e de pessoas com mais de 65 anos.<\/p>\n<\/div>\n<div class=\"mc-column content-text active-extra-styles \" data-block-type=\"unstyled\" data-block-weight=\"35\" data-block-id=\"17\">\n<p class=\"content-text__container \" style=\"text-align: justify;\" data-track-category=\"Link no Texto\" data-track-links=\"\">Segundo o documento, os supermercados tamb\u00e9m dever\u00e3o intensificar o cuidado sanit\u00e1rio. Somente uma pessoa da fam\u00edlia pode entrar no local e tamb\u00e9m est\u00e1 proibida a presen\u00e7a de crian\u00e7as at\u00e9 12 anos.<\/p>\n<p style=\"text-align: justify;\" data-track-category=\"Link no Texto\" data-track-links=\"\">Fonte: G1<\/p>\n<\/div>\n<\/div>\n","protected":false},"excerpt":{"rendered":"<p>Prefeitura decretou luto oficial pela morte do infectologista que ficou 14 dias internado com diagn\u00f3stico de coronav\u00edrus. Cidade tem 22 mortes e 378 casos confirmados da doen\u00e7a. A prefeitura de Tup\u00e3 (SP) informou na noite desta quarta-feira (5) a morte do m\u00e9dico infectologista Douglas Batista da Silva, aos 56 anos, em decorr\u00eancia das complica\u00e7\u00f5es da [&hellip;]<\/p>\n","protected":false},"author":1,"featured_media":32207,"comment_status":"closed","ping_status":"open","sticky":false,"template":"","format":"standard","meta":{"footnotes":""},"categories":[178,110],"tags":[],"class_list":["post-32206","post","type-post","status-publish","format-standard","has-post-thumbnail","hentry","category-notadefalecimento","category-noticiasdestaque"],"_links":{"self":[{"href":"https:\/\/jorgezanoni.com.br\/2019\/wp-json\/wp\/v2\/posts\/32206","targetHints":{"allow":["GET"]}}],"collection":[{"href":"https:\/\/jorgezanoni.com.br\/2019\/wp-json\/wp\/v2\/posts"}],"about":[{"href":"https:\/\/jorgezanoni.com.br\/2019\/wp-json\/wp\/v2\/types\/post"}],"author":[{"embeddable":true,"href":"https:\/\/jorgezanoni.com.br\/2019\/wp-json\/wp\/v2\/users\/1"}],"replies":[{"embeddable":true,"href":"https:\/\/jorgezanoni.com.br\/2019\/wp-json\/wp\/v2\/comments?post=32206"}],"version-history":[{"count":0,"href":"https:\/\/jorgezanoni.com.br\/2019\/wp-json\/wp\/v2\/posts\/32206\/revisions"}],"wp:featuredmedia":[{"embeddable":true,"href":"https:\/\/jorgezanoni.com.br\/2019\/wp-json\/wp\/v2\/media\/32207"}],"wp:attachment":[{"href":"https:\/\/jorgezanoni.com.br\/2019\/wp-json\/wp\/v2\/media?parent=32206"}],"wp:term":[{"taxonomy":"category","embeddable":true,"href":"https:\/\/jorgezanoni.com.br\/2019\/wp-json\/wp\/v2\/categories?post=32206"},{"taxonomy":"post_tag","embeddable":true,"href":"https:\/\/jorgezanoni.com.br\/2019\/wp-json\/wp\/v2\/tags?post=32206"}],"curies":[{"name":"wp","href":"https:\/\/api.w.org\/{rel}","templated":true}]}}