{"id":32203,"date":"2020-08-06T23:15:05","date_gmt":"2020-08-06T23:15:05","guid":{"rendered":"https:\/\/jorgezanoni.com.br\/2019\/?p=32203"},"modified":"2020-08-06T23:15:28","modified_gmt":"2020-08-06T23:15:28","slug":"tse-cassa-mandatos-do-prefeito-e-vice-de-lins-e-determina-eleicoes-indiretas","status":"publish","type":"post","link":"https:\/\/jorgezanoni.com.br\/2019\/tse-cassa-mandatos-do-prefeito-e-vice-de-lins-e-determina-eleicoes-indiretas\/","title":{"rendered":"TSE cassa mandatos do prefeito e vice de Lins e determina elei\u00e7\u00f5es indiretas"},"content":{"rendered":"<h2 class=\"content-head__subtitle\" style=\"text-align: justify;\"><strong>Edgar de Souza e o vice, Carlos Alberto Daher, foram condenados por abuso de poder pol\u00edtico e econ\u00f4mico. Vereadores far\u00e3o a escolha do substituto.<\/strong><\/h2>\n<div class=\"mc-column content-text active-extra-styles \" data-block-type=\"unstyled\" data-block-weight=\"44\" data-block-id=\"2\">\n<p class=\"content-text__container \" style=\"text-align: justify;\" data-track-category=\"Link no Texto\" data-track-links=\"\">O Tribunal Superior Eleitoral (TSE) decidiu, nesta quinta-feira (6), determinar a cassa\u00e7\u00e3o imediata do prefeito de Lins, Edgar de Souza (PSDB) e do vice Carlos Alberto Daher (PSDB), com a realiza\u00e7\u00e3o de elei\u00e7\u00f5es indiretas pela C\u00e2mara Municipal para a escolha dos novos dirigentes.<\/p>\n<\/div>\n<div class=\"wall protected-content\">\n<div class=\"mc-column content-text active-extra-styles \" style=\"text-align: justify;\" data-block-type=\"unstyled\" data-block-weight=\"39\" data-block-id=\"3\">\n<p class=\"content-text__container \" data-track-category=\"Link no Texto\" data-track-links=\"\">A decis\u00e3o foi tomada ap\u00f3s manifesta\u00e7\u00e3o do Minist\u00e9rio P\u00fablico Eleitoral, que alertou para o perigo de se manter no cargo prefeitos cassados, apenas com o prop\u00f3sito de evitar a descontinuidade de gest\u00f5es municipais em raz\u00e3o da pandemia de Covid-19.<\/p>\n<\/div>\n<div class=\"mc-column content-text active-extra-styles \" style=\"text-align: justify;\" data-block-type=\"unstyled\" data-block-weight=\"28\" data-block-id=\"4\">\n<p class=\"content-text__container \" data-track-category=\"Link no Texto\" data-track-links=\"\">Ap\u00f3s a manifesta\u00e7\u00e3o, por maioria, os ministros seguiram o entendimento do MP Eleitoral e decidiram pela execu\u00e7\u00e3o imediata da decis\u00e3o com realiza\u00e7\u00e3o de elei\u00e7\u00f5es indiretas na cidade.<\/p>\n<\/div>\n<div class=\"mc-column content-text active-extra-styles \" style=\"text-align: justify;\" data-block-type=\"unstyled\" data-block-weight=\"43\" data-block-id=\"5\">\n<p class=\"content-text__container \" data-track-category=\"Link no Texto\" data-track-links=\"\">O C\u00f3digo Eleitoral permite essa modalidade de elei\u00e7\u00e3o quando a vac\u00e2ncia no cargo se d\u00e1 a menos de seis meses do t\u00e9rmino do mandato. Nesse caso, a vota\u00e7\u00e3o para escolha do novo prefeito de Lins ser\u00e1 feita apenas pelos integrantes da C\u00e2mara Municipal.<\/p>\n<\/div>\n<div class=\"mc-column content-text active-extra-styles \" style=\"text-align: justify;\" data-block-type=\"unstyled\" data-block-weight=\"34\" data-block-id=\"6\">\n<p class=\"content-text__container \" data-track-category=\"Link no Texto\" data-track-links=\"\">O julgamento desse caso foi iniciado na \u00faltima ter\u00e7a-feira (4), quando os ministros do TSE mantiveram a cassa\u00e7\u00e3o do prefeito reeleito no munic\u00edpio, em 2016, Edgar de Souza, e o vice, Carlos Alberto Daher.<\/p>\n<\/div>\n<div class=\"row medium-uncollapsed content-media content-photo\" style=\"text-align: justify;\" data-block-type=\"backstage-photo\" data-block-id=\"7\">\n<div class=\"mc-column content-media__container\">\n<figure><img decoding=\"async\" class=\"i-amphtml-fill-content i-amphtml-replaced-content\" src=\"https:\/\/s2.glbimg.com\/0aK8CkkQms6ihN3Tx76oE-f4sKM=\/0x0:865x489\/984x0\/smart\/filters:strip_icc()\/i.s3.glbimg.com\/v1\/AUTH_59edd422c0c84a879bd37670ae4f538a\/internal_photos\/bs\/2020\/u\/d\/ECKKGdSUAiK3AVso5zOg\/edgar-live1.jpg\" sizes=\"(max-width: 1242px) 648px, 100vw\" srcset=\"https:\/\/s2.glbimg.com\/LKMmnBE6rnzWV8c823QmTot5UVg=\/0x0:865x489\/1000x0\/smart\/filters:strip_icc()\/i.s3.glbimg.com\/v1\/AUTH_59edd422c0c84a879bd37670ae4f538a\/internal_photos\/bs\/2020\/u\/d\/ECKKGdSUAiK3AVso5zOg\/edgar-live1.jpg 1000w, https:\/\/s2.glbimg.com\/0aK8CkkQms6ihN3Tx76oE-f4sKM=\/0x0:865x489\/984x0\/smart\/filters:strip_icc()\/i.s3.glbimg.com\/v1\/AUTH_59edd422c0c84a879bd37670ae4f538a\/internal_photos\/bs\/2020\/u\/d\/ECKKGdSUAiK3AVso5zOg\/edgar-live1.jpg 984w, https:\/\/s2.glbimg.com\/TflyI6P92iK17RBau-T48wRIwgo=\/0x0:865x489\/640x0\/smart\/filters:strip_icc()\/i.s3.glbimg.com\/v1\/AUTH_59edd422c0c84a879bd37670ae4f538a\/internal_photos\/bs\/2020\/u\/d\/ECKKGdSUAiK3AVso5zOg\/edgar-live1.jpg 640w, https:\/\/s2.glbimg.com\/7h0MfUfZG0xynBn2Is-hBF7Qdvs=\/0x0:865x489\/600x0\/smart\/filters:strip_icc()\/i.s3.glbimg.com\/v1\/AUTH_59edd422c0c84a879bd37670ae4f538a\/internal_photos\/bs\/2020\/u\/d\/ECKKGdSUAiK3AVso5zOg\/edgar-live1.jpg 600w\" alt=\"Edgar de Souza acredita que h\u00e1 jurisprud\u00eancia que o manter\u00e1 no cargo at\u00e9 o fim do processo \u2014 Foto: Facebook\/Reprodu\u00e7\u00e3o\" \/><\/figure>\n<p class=\"content-media__description \">Edgar de Souza acredita que h\u00e1 jurisprud\u00eancia que o manter\u00e1 no cargo at\u00e9 o fim do processo \u2014 Foto: Facebook\/Reprodu\u00e7\u00e3o<\/p>\n<\/div>\n<\/div>\n<div class=\"mc-column content-text active-extra-styles \" style=\"text-align: justify;\" data-block-type=\"unstyled\" data-block-weight=\"42\" data-block-id=\"9\">\n<p class=\"content-text__container \" data-track-category=\"Link no Texto\" data-track-links=\"\">Seguindo o entendimento do MP Eleitoral, o plen\u00e1rio entendeu que ficaram configurados abuso de poder pol\u00edtico e econ\u00f4mico e pr\u00e1tica de condutas vedadas aos agentes p\u00fablicos. O prefeito tamb\u00e9m foi declarado ineleg\u00edvel e foram aplicadas multas ao vice e \u00e0 coliga\u00e7\u00e3o.<\/p>\n<\/div>\n<div class=\"mc-column content-text active-extra-styles \" style=\"text-align: justify;\" data-block-type=\"unstyled\" data-block-weight=\"30\" data-block-id=\"10\">\n<p class=\"content-text__container \" data-track-category=\"Link no Texto\" data-track-links=\"\">Os pol\u00edticos foram acusados pela doa\u00e7\u00e3o de im\u00f3veis a eleitores em ano eleitoral, realiza\u00e7\u00e3o de propaganda institucional durante o per\u00edodo vedado e omiss\u00e3o de despesas pessoais na presta\u00e7\u00e3o de contas.<\/p>\n<\/div>\n<div class=\"mc-column content-text active-extra-styles \" style=\"text-align: justify;\" data-block-type=\"unstyled\" data-block-weight=\"35\" data-block-id=\"11\">\n<p class=\"content-text__container \" data-track-category=\"Link no Texto\" data-track-links=\"\">Edgar de Souza e Carlos Alberto Daher foram eleitos com 17.491 votos (47,99%) nas elei\u00e7\u00f5es municipais de 2016. Comparecerem \u00e0s urnas 42.263 eleitores, cerca de 75% dos 56.529 eleitores da cidade aptos a votar.<\/p>\n<\/div>\n<div class=\"mc-column content-text active-extra-styles \" style=\"text-align: justify;\" data-block-type=\"unstyled\" data-block-weight=\"11\" data-block-id=\"12\">\n<p class=\"content-text__container \" data-track-category=\"Link no Texto\" data-track-links=\"\">Em 2018,\u00a0<a href=\"https:\/\/g1.globo.com\/sp\/bauru-marilia\/noticia\/2018\/08\/09\/tre-sp-cassa-diploma-de-prefeito-e-vice-prefeito-de-lins-por-abuso-de-poder-politico.ghtml\">eles foram cassados pelo TRE e recorreram ao TSE.<\/a><\/p>\n<\/div>\n<div class=\"mc-column content-text active-extra-styles \" style=\"text-align: justify;\" data-block-type=\"unstyled\" data-block-weight=\"63\" data-block-id=\"13\">\n<p class=\"content-text__container \" data-track-category=\"Link no Texto\" data-track-links=\"\">A prefeitura de Lins, em nota, informou que o prefeito n\u00e3o vai se manifestar enquanto n\u00e3o receber a notifica\u00e7\u00e3o oficial, mas em uma live na sua p\u00e1gina pessoal, Edgar de Souza informou que sua defesa j\u00e1 prepara recursos, tanto ao TSE como tamb\u00e9m ao Supremo Tribunal Federal (STF). Segundo Souza, h\u00e1 jurisprud\u00eancia que garante sua perman\u00eancia no cargo e at\u00e9 mesmo sua absolvi\u00e7\u00e3o.<\/p>\n<\/div>\n<div class=\"mc-column content-text active-extra-styles \" style=\"text-align: justify;\" data-block-type=\"unstyled\" data-block-weight=\"40\" data-block-id=\"14\">\n<p class=\"content-text__container \" data-track-category=\"Link no Texto\" data-track-links=\"\">&#8220;Tivemos uma decis\u00e3o n\u00e3o esperada, pois at\u00e9 ter\u00e7a-feira o tribunal tinha um entendimento sobre a perman\u00eancia de prefeitos cassados e que foram mantidos no cargo na pandemia, mas eles mudaram esse entendimento e lamentamos essa injusti\u00e7a&#8221;, disse Souza na live.<\/p>\n<\/div>\n<div class=\"mc-column content-text active-extra-styles \" style=\"text-align: justify;\" data-block-type=\"unstyled\" data-block-weight=\"39\" data-block-id=\"15\">\n<p class=\"content-text__container \" data-track-category=\"Link no Texto\" data-track-links=\"\">Tamb\u00e9m em nota, a C\u00e2mara de Vereadores de Lins informou que, com rela\u00e7\u00e3o \u00e0s elei\u00e7\u00f5es indiretas, &#8220;nos pr\u00f3ximos dias estar\u00e1 regulamentando os procedimentos a serem realizados, quando ent\u00e3o tornar\u00e1 p\u00fablico o rito eleitoral e outras informa\u00e7\u00f5es pertinentes&#8221;.<\/p>\n<\/div>\n<div class=\"mc-column content-text active-extra-styles\" style=\"text-align: justify;\" data-block-type=\"raw\" data-block-weight=\"3\" data-block-id=\"16\">\n<div class=\"content-intertitle\">\n<h2>Cassa\u00e7\u00e3o x Covid<\/h2>\n<\/div>\n<\/div>\n<div class=\"mc-column content-text active-extra-styles \" style=\"text-align: justify;\" data-block-type=\"unstyled\" data-block-weight=\"21\" data-block-id=\"17\">\n<p class=\"content-text__container \" data-track-category=\"Link no Texto\" data-track-links=\"\">Desde junho, o TSE vinha mantendo os dirigentes municipais no cargo, excepcionalmente, sob o argumento da situa\u00e7\u00e3o sanit\u00e1ria vivenciada no pa\u00eds.<\/p>\n<\/div>\n<div class=\"mc-column content-text active-extra-styles \" style=\"text-align: justify;\" data-block-type=\"unstyled\" data-block-weight=\"63\" data-block-id=\"18\">\n<p class=\"content-text__container \" data-track-category=\"Link no Texto\" data-track-links=\"\">Durante a sess\u00e3o, o vice-procurador-geral Eleitoral, Renato Brill de G\u00f3es, alertou para o perigo de o TSE suspender o afastamento de prefeitos e vices cassados, em raz\u00e3o da pandemia, de forma gen\u00e9rica, sem avaliar os riscos sanit\u00e1rios existentes em cada munic\u00edpio. Para o vice-PGE, essa interpreta\u00e7\u00e3o nega jurisdi\u00e7\u00e3o na execu\u00e7\u00e3o de decis\u00f5es que determinam a troca de comando do chefe do Executivo local.<\/p>\n<\/div>\n<div class=\"mc-column content-text active-extra-styles \" style=\"text-align: justify;\" data-block-type=\"unstyled\" data-block-weight=\"44\" data-block-id=\"20\">\n<p class=\"content-text__container \" data-track-category=\"Link no Texto\" data-track-links=\"\">Brill de G\u00f3es defendeu que as decis\u00f5es devem levar em conta a situa\u00e7\u00e3o sanit\u00e1ria espec\u00edfica de cada munic\u00edpio que justifique, ou n\u00e3o, manter o chefe do Executivo. &#8220;H\u00e1 peculiaridades em cada localidade, que n\u00e3o est\u00e3o sendo consideradas nas decis\u00f5es do TSE\u201d, pontua.<\/p>\n<\/div>\n<div class=\"mc-column content-text active-extra-styles \" style=\"text-align: justify;\" data-block-type=\"unstyled\" data-block-weight=\"65\" data-block-id=\"21\">\n<p class=\"content-text__container \" data-track-category=\"Link no Texto\" data-track-links=\"\">Ele exemplificou que, em Iacanga (SP), onde o prefeito acabou sendo mantido no cargo com base nessa argumenta\u00e7\u00e3o gen\u00e9rica, houve apenas uma morte ocasionada pela Covid-19. \u201cO MP Eleitoral comunga da preocupa\u00e7\u00e3o referente \u00e0 sa\u00fade das pessoas, em raz\u00e3o da pandemia. No entanto, tamb\u00e9m nos preocupa que o TSE esteja dando um passo largo em demasia e desproporcional ao negar jurisdi\u00e7\u00e3o suspendendo esses afastamentos\u201d, declarou.<\/p>\n<\/div>\n<div class=\"mc-column content-text active-extra-styles \" style=\"text-align: justify;\" data-block-type=\"unstyled\" data-block-weight=\"33\" data-block-id=\"22\">\n<p class=\"content-text__container \" data-track-category=\"Link no Texto\" data-track-links=\"\">Brill de G\u00f3es lembrou, ainda, que o C\u00f3digo de Processo Civil n\u00e3o admite decis\u00f5es judiciais que empreguem conceitos jur\u00eddicos gen\u00e9ricos e abstratos, sem explicar o motivo concreto de incid\u00eancia em cada caso.<\/p>\n<\/div>\n<div class=\"mc-column content-text active-extra-styles \" data-block-type=\"unstyled\" data-block-weight=\"42\" data-block-id=\"23\">\n<p class=\"content-text__container \" style=\"text-align: justify;\" data-track-category=\"Link no Texto\" data-track-links=\"\">&#8220;Esse argumento pode servir para qualquer caso, qualquer munic\u00edpio, para a administra\u00e7\u00e3o municipal, estadual ou at\u00e9 para o pr\u00f3prio presidente da Rep\u00fablica, porque \u00e9 abstrato e gen\u00e9rico. \u00c9 preciso deliberar em termos concretos, a partir da situa\u00e7\u00e3o espec\u00edfica de cada munic\u00edpio\u201d, concluiu.<\/p>\n<p data-track-category=\"Link no Texto\" data-track-links=\"\">Fonte: G1<\/p>\n<\/div>\n<\/div>\n","protected":false},"excerpt":{"rendered":"<p>Edgar de Souza e o vice, Carlos Alberto Daher, foram condenados por abuso de poder pol\u00edtico e econ\u00f4mico. Vereadores far\u00e3o a escolha do substituto. O Tribunal Superior Eleitoral (TSE) decidiu, nesta quinta-feira (6), determinar a cassa\u00e7\u00e3o imediata do prefeito de Lins, Edgar de Souza (PSDB) e do vice Carlos Alberto Daher (PSDB), com a realiza\u00e7\u00e3o [&hellip;]<\/p>\n","protected":false},"author":1,"featured_media":32204,"comment_status":"closed","ping_status":"open","sticky":false,"template":"","format":"standard","meta":{"footnotes":""},"categories":[120,110,116],"tags":[],"class_list":["post-32203","post","type-post","status-publish","format-standard","has-post-thumbnail","hentry","category-justicahabitacaotecnologia","category-noticiasdestaque","category-politicaeeconomia"],"_links":{"self":[{"href":"https:\/\/jorgezanoni.com.br\/2019\/wp-json\/wp\/v2\/posts\/32203","targetHints":{"allow":["GET"]}}],"collection":[{"href":"https:\/\/jorgezanoni.com.br\/2019\/wp-json\/wp\/v2\/posts"}],"about":[{"href":"https:\/\/jorgezanoni.com.br\/2019\/wp-json\/wp\/v2\/types\/post"}],"author":[{"embeddable":true,"href":"https:\/\/jorgezanoni.com.br\/2019\/wp-json\/wp\/v2\/users\/1"}],"replies":[{"embeddable":true,"href":"https:\/\/jorgezanoni.com.br\/2019\/wp-json\/wp\/v2\/comments?post=32203"}],"version-history":[{"count":0,"href":"https:\/\/jorgezanoni.com.br\/2019\/wp-json\/wp\/v2\/posts\/32203\/revisions"}],"wp:featuredmedia":[{"embeddable":true,"href":"https:\/\/jorgezanoni.com.br\/2019\/wp-json\/wp\/v2\/media\/32204"}],"wp:attachment":[{"href":"https:\/\/jorgezanoni.com.br\/2019\/wp-json\/wp\/v2\/media?parent=32203"}],"wp:term":[{"taxonomy":"category","embeddable":true,"href":"https:\/\/jorgezanoni.com.br\/2019\/wp-json\/wp\/v2\/categories?post=32203"},{"taxonomy":"post_tag","embeddable":true,"href":"https:\/\/jorgezanoni.com.br\/2019\/wp-json\/wp\/v2\/tags?post=32203"}],"curies":[{"name":"wp","href":"https:\/\/api.w.org\/{rel}","templated":true}]}}