{"id":32196,"date":"2020-08-06T20:45:56","date_gmt":"2020-08-06T20:45:56","guid":{"rendered":"https:\/\/jorgezanoni.com.br\/2019\/?p=32196"},"modified":"2020-08-06T20:45:56","modified_gmt":"2020-08-06T20:45:56","slug":"boletim-atualizado-da-covid-19-da-secretaria-municipal-de-saude-de-dracena-06-08-20","status":"publish","type":"post","link":"https:\/\/jorgezanoni.com.br\/2019\/boletim-atualizado-da-covid-19-da-secretaria-municipal-de-saude-de-dracena-06-08-20\/","title":{"rendered":"Boletim atualizado da COVID-19 da Secretaria Municipal de Sa\u00fade de Dracena 06\/08\/20"},"content":{"rendered":"<p style=\"text-align: justify;\">Secretaria Municipal de Sa\u00fade e Higiene P\u00fablica informa a atualiza\u00e7\u00e3o do quadro de casos suspeitos e confirmados de Covid-19 em Dracena.<\/p>\n<p style=\"text-align: justify;\">Fonte: https:\/\/www.facebook.com\/prefeituradracena\/<\/p>\n","protected":false},"excerpt":{"rendered":"<p>Secretaria Municipal de Sa\u00fade e Higiene P\u00fablica informa a atualiza\u00e7\u00e3o do quadro de casos suspeitos e confirmados de Covid-19 em Dracena. Fonte: https:\/\/www.facebook.com\/prefeituradracena\/<\/p>\n","protected":false},"author":1,"featured_media":32197,"comment_status":"closed","ping_status":"open","sticky":false,"template":"","format":"standard","meta":{"footnotes":""},"categories":[179,184,110],"tags":[],"class_list":["post-32196","post","type-post","status-publish","format-standard","has-post-thumbnail","hentry","category-cidadeseregiao","category-dracena","category-noticiasdestaque"],"_links":{"self":[{"href":"https:\/\/jorgezanoni.com.br\/2019\/wp-json\/wp\/v2\/posts\/32196","targetHints":{"allow":["GET"]}}],"collection":[{"href":"https:\/\/jorgezanoni.com.br\/2019\/wp-json\/wp\/v2\/posts"}],"about":[{"href":"https:\/\/jorgezanoni.com.br\/2019\/wp-json\/wp\/v2\/types\/post"}],"author":[{"embeddable":true,"href":"https:\/\/jorgezanoni.com.br\/2019\/wp-json\/wp\/v2\/users\/1"}],"replies":[{"embeddable":true,"href":"https:\/\/jorgezanoni.com.br\/2019\/wp-json\/wp\/v2\/comments?post=32196"}],"version-history":[{"count":0,"href":"https:\/\/jorgezanoni.com.br\/2019\/wp-json\/wp\/v2\/posts\/32196\/revisions"}],"wp:featuredmedia":[{"embeddable":true,"href":"https:\/\/jorgezanoni.com.br\/2019\/wp-json\/wp\/v2\/media\/32197"}],"wp:attachment":[{"href":"https:\/\/jorgezanoni.com.br\/2019\/wp-json\/wp\/v2\/media?parent=32196"}],"wp:term":[{"taxonomy":"category","embeddable":true,"href":"https:\/\/jorgezanoni.com.br\/2019\/wp-json\/wp\/v2\/categories?post=32196"},{"taxonomy":"post_tag","embeddable":true,"href":"https:\/\/jorgezanoni.com.br\/2019\/wp-json\/wp\/v2\/tags?post=32196"}],"curies":[{"name":"wp","href":"https:\/\/api.w.org\/{rel}","templated":true}]}}