{"id":32180,"date":"2020-08-06T18:23:12","date_gmt":"2020-08-06T18:23:12","guid":{"rendered":"https:\/\/jorgezanoni.com.br\/2019\/?p=32180"},"modified":"2020-08-06T18:23:12","modified_gmt":"2020-08-06T18:23:12","slug":"morre-eurides-garcia-mae-do-vice-governador-e-fundadora-do-centro-espirita-rancho-de-luz","status":"publish","type":"post","link":"https:\/\/jorgezanoni.com.br\/2019\/morre-eurides-garcia-mae-do-vice-governador-e-fundadora-do-centro-espirita-rancho-de-luz\/","title":{"rendered":"Morre Eurides Garcia, m\u00e3e do vice-governador e fundadora do Centro Esp\u00edrita Rancho de Luz"},"content":{"rendered":"<h2 class=\"pt-1 gazeta-content__head--subtitle\" style=\"text-align: justify;\"><strong>O vel\u00f3rio ser\u00e1 na Capela do Cemit\u00e9rio Jardim da Paz e o enterro no mesmo local \u00e0s 18h desta quinta-feira, dia 6 de agosto.<\/strong><\/h2>\n<p style=\"text-align: justify;\">Morreu nesta quinta-feira, dia 6, dona Eurides Garcia de 75 anos, m\u00e3e do vice-governador Rodrigo Garcia e fundadora do Recanto Esp\u00edrita \u201cRancho de Luz Paulino Garcia\u201d. A primeira informa\u00e7\u00e3o diz que n\u00e3o haver\u00e1 vel\u00f3rio. O enterro est\u00e1 marcado para \u00e0s 18 horas, no Cemit\u00e9rio Jardim da Paz.<\/p>\n<p style=\"text-align: justify;\">Conhecida pela sensibilidade em prol da solidariedade, Dona Eurides deixa o marido, Paulino Garcia e os filhos, Rodrigo, Marco Aur\u00e9lio e Patr\u00edcia. Paulininho Garcia, seu outro filho, faleceu em 1993, v\u00edtima de acidente automobil\u00edstico. Foi em homenagem ao filho falecido que Eur\u00eddes e o marido fundaram o Rancho de Luz.<\/p>\n<p style=\"text-align: justify;\">A causa da morte n\u00e3o foi revelada.<\/p>\n<p>Fonte: https:\/\/www.gazetaderiopreto.com.br\/<\/p>\n","protected":false},"excerpt":{"rendered":"<p>O vel\u00f3rio ser\u00e1 na Capela do Cemit\u00e9rio Jardim da Paz e o enterro no mesmo local \u00e0s 18h desta quinta-feira, dia 6 de agosto. Morreu nesta quinta-feira, dia 6, dona Eurides Garcia de 75 anos, m\u00e3e do vice-governador Rodrigo Garcia e fundadora do Recanto Esp\u00edrita \u201cRancho de Luz Paulino Garcia\u201d. A primeira informa\u00e7\u00e3o diz que [&hellip;]<\/p>\n","protected":false},"author":1,"featured_media":32182,"comment_status":"closed","ping_status":"open","sticky":false,"template":"","format":"standard","meta":{"footnotes":""},"categories":[178,110],"tags":[],"class_list":["post-32180","post","type-post","status-publish","format-standard","has-post-thumbnail","hentry","category-notadefalecimento","category-noticiasdestaque"],"_links":{"self":[{"href":"https:\/\/jorgezanoni.com.br\/2019\/wp-json\/wp\/v2\/posts\/32180","targetHints":{"allow":["GET"]}}],"collection":[{"href":"https:\/\/jorgezanoni.com.br\/2019\/wp-json\/wp\/v2\/posts"}],"about":[{"href":"https:\/\/jorgezanoni.com.br\/2019\/wp-json\/wp\/v2\/types\/post"}],"author":[{"embeddable":true,"href":"https:\/\/jorgezanoni.com.br\/2019\/wp-json\/wp\/v2\/users\/1"}],"replies":[{"embeddable":true,"href":"https:\/\/jorgezanoni.com.br\/2019\/wp-json\/wp\/v2\/comments?post=32180"}],"version-history":[{"count":0,"href":"https:\/\/jorgezanoni.com.br\/2019\/wp-json\/wp\/v2\/posts\/32180\/revisions"}],"wp:featuredmedia":[{"embeddable":true,"href":"https:\/\/jorgezanoni.com.br\/2019\/wp-json\/wp\/v2\/media\/32182"}],"wp:attachment":[{"href":"https:\/\/jorgezanoni.com.br\/2019\/wp-json\/wp\/v2\/media?parent=32180"}],"wp:term":[{"taxonomy":"category","embeddable":true,"href":"https:\/\/jorgezanoni.com.br\/2019\/wp-json\/wp\/v2\/categories?post=32180"},{"taxonomy":"post_tag","embeddable":true,"href":"https:\/\/jorgezanoni.com.br\/2019\/wp-json\/wp\/v2\/tags?post=32180"}],"curies":[{"name":"wp","href":"https:\/\/api.w.org\/{rel}","templated":true}]}}