{"id":32177,"date":"2020-08-06T17:45:16","date_gmt":"2020-08-06T17:45:16","guid":{"rendered":"https:\/\/jorgezanoni.com.br\/2019\/?p=32177"},"modified":"2020-08-06T17:45:17","modified_gmt":"2020-08-06T17:45:17","slug":"policia-militar-prende-homem-por-trafico-de-drogas-em-dracena-2","status":"publish","type":"post","link":"https:\/\/jorgezanoni.com.br\/2019\/policia-militar-prende-homem-por-trafico-de-drogas-em-dracena-2\/","title":{"rendered":"Pol\u00edcia Militar prende homem por Tr\u00e1fico de Drogas em Dracena"},"content":{"rendered":"<p style=\"text-align: justify;\">EM DRACENA: POL\u00cdCIA MILITAR PRENDE HOMEM POR TR\u00c1FICO DE DROGAS<\/p>\n<p>Na data de ontem (5) as equipes de For\u00e7a T\u00e1tica em averigua\u00e7\u00e3o tr\u00e1fico de drogas pelo bairro sol nascente abordou um indiv\u00edduo de 26 anos com 0,363kg de maconha, balan\u00e7a de precis\u00e3o e R$160,00 em notas diversas.<br \/>\nO indiv\u00edduo permaneceu preso \u00e0 disposi\u00e7\u00e3o da Justi\u00e7a.<br \/>\n<span class=\"text_exposed_show\"><br \/>\nPol\u00edcia Militar, a For\u00e7a P\u00fablica de S\u00e3o Paulo!<\/p>\n<p><a class=\"_58cn\" href=\"https:\/\/www.facebook.com\/hashtag\/25bpmi?__eep__=6&amp;epa=HASHTAG\" data-ft=\"{&quot;type&quot;:104,&quot;tn&quot;:&quot;*N&quot;}\">#25BPMI<\/a><br \/>\n<a class=\"_58cn\" href=\"https:\/\/www.facebook.com\/hashtag\/policiamilitarsp?__eep__=6&amp;epa=HASHTAG\" data-ft=\"{&quot;type&quot;:104,&quot;tn&quot;:&quot;*N&quot;}\">#POLICIAMILITARSP<\/a><br \/>\n<a class=\"_58cn\" href=\"https:\/\/www.facebook.com\/hashtag\/afor%C3%A7ap%C3%BAblicades%C3%A3opaulo?__eep__=6&amp;epa=HASHTAG\" data-ft=\"{&quot;type&quot;:104,&quot;tn&quot;:&quot;*N&quot;}\">#AFOR\u00c7AP\u00daBLICADES\u00c3OPAULO<\/a><br \/>\nCOMUNICA\u00c7\u00c3O SOCIAL DO 25BPMI<\/span><\/p>\n","protected":false},"excerpt":{"rendered":"<p>EM DRACENA: POL\u00cdCIA MILITAR PRENDE HOMEM POR TR\u00c1FICO DE DROGAS Na data de ontem (5) as equipes de For\u00e7a T\u00e1tica em averigua\u00e7\u00e3o tr\u00e1fico de drogas pelo bairro sol nascente abordou um indiv\u00edduo de 26 anos com 0,363kg de maconha, balan\u00e7a de precis\u00e3o e R$160,00 em notas diversas. O indiv\u00edduo permaneceu preso \u00e0 disposi\u00e7\u00e3o da Justi\u00e7a. [&hellip;]<\/p>\n","protected":false},"author":1,"featured_media":32178,"comment_status":"closed","ping_status":"open","sticky":false,"template":"","format":"standard","meta":{"footnotes":""},"categories":[110,2],"tags":[],"class_list":["post-32177","post","type-post","status-publish","format-standard","has-post-thumbnail","hentry","category-noticiasdestaque","category-policial"],"_links":{"self":[{"href":"https:\/\/jorgezanoni.com.br\/2019\/wp-json\/wp\/v2\/posts\/32177","targetHints":{"allow":["GET"]}}],"collection":[{"href":"https:\/\/jorgezanoni.com.br\/2019\/wp-json\/wp\/v2\/posts"}],"about":[{"href":"https:\/\/jorgezanoni.com.br\/2019\/wp-json\/wp\/v2\/types\/post"}],"author":[{"embeddable":true,"href":"https:\/\/jorgezanoni.com.br\/2019\/wp-json\/wp\/v2\/users\/1"}],"replies":[{"embeddable":true,"href":"https:\/\/jorgezanoni.com.br\/2019\/wp-json\/wp\/v2\/comments?post=32177"}],"version-history":[{"count":0,"href":"https:\/\/jorgezanoni.com.br\/2019\/wp-json\/wp\/v2\/posts\/32177\/revisions"}],"wp:featuredmedia":[{"embeddable":true,"href":"https:\/\/jorgezanoni.com.br\/2019\/wp-json\/wp\/v2\/media\/32178"}],"wp:attachment":[{"href":"https:\/\/jorgezanoni.com.br\/2019\/wp-json\/wp\/v2\/media?parent=32177"}],"wp:term":[{"taxonomy":"category","embeddable":true,"href":"https:\/\/jorgezanoni.com.br\/2019\/wp-json\/wp\/v2\/categories?post=32177"},{"taxonomy":"post_tag","embeddable":true,"href":"https:\/\/jorgezanoni.com.br\/2019\/wp-json\/wp\/v2\/tags?post=32177"}],"curies":[{"name":"wp","href":"https:\/\/api.w.org\/{rel}","templated":true}]}}