{"id":32170,"date":"2020-08-06T16:51:09","date_gmt":"2020-08-06T16:51:09","guid":{"rendered":"https:\/\/jorgezanoni.com.br\/2019\/?p=32170"},"modified":"2020-08-06T16:51:09","modified_gmt":"2020-08-06T16:51:09","slug":"devastacao-ambiental-em-area-preparada-para-o-cultivo-de-mandioca-rende-multas-de-quase-r-100-mil-a-sitiante","status":"publish","type":"post","link":"https:\/\/jorgezanoni.com.br\/2019\/devastacao-ambiental-em-area-preparada-para-o-cultivo-de-mandioca-rende-multas-de-quase-r-100-mil-a-sitiante\/","title":{"rendered":"Devasta\u00e7\u00e3o ambiental em \u00e1rea preparada para o cultivo de mandioca rende multas de quase R$ 100 mil a sitiante"},"content":{"rendered":"<h2 class=\"content-head__subtitle\" style=\"text-align: justify;\"><strong>Policiais militares compareceram \u00e0 propriedade rural, em Mirante do Paranapanema, nesta quarta-feira (5), ap\u00f3s imagens de sat\u00e9lite indicarem degrada\u00e7\u00f5es no local.<\/strong><\/h2>\n<div class=\"mc-column content-text active-extra-styles \" data-block-type=\"unstyled\" data-block-weight=\"54\" data-block-id=\"2\">\n<p class=\"content-text__container \" style=\"text-align: justify;\" data-track-category=\"Link no Texto\" data-track-links=\"\">A Pol\u00edcia Militar Ambiental aplicou nesta quarta-feira (5) multas que totalizaram quase R$ 100 mil contra o dono de uma propriedade rural, em\u00a0<a href=\"https:\/\/g1.globo.com\/sp\/presidente-prudente-regiao\/cidade\/mirante-do-paranapanema\/\">Mirante do Paranapanema (SP)<\/a>, onde foram constatadas degrada\u00e7\u00f5es na vegeta\u00e7\u00e3o nativa causadas por queimada, al\u00e9m da derrubada de \u00e1rvores, em uma \u00e1rea que est\u00e1 sendo preparada para o cultivo de mandioca.<\/p>\n<\/div>\n<div class=\"wall protected-content\">\n<div class=\"mc-column content-text active-extra-styles \" style=\"text-align: justify;\" data-block-type=\"unstyled\" data-block-weight=\"30\" data-block-id=\"3\">\n<p class=\"content-text__container \" data-track-category=\"Link no Texto\" data-track-links=\"\">Durante a Opera\u00e7\u00e3o Corta Fogo, uma equipe da Pol\u00edcia Militar Ambiental compareceu ao s\u00edtio munida de imagens de sat\u00e9lite que indicavam degrada\u00e7\u00f5es ambientais e efetuou a fiscaliza\u00e7\u00e3o na propriedade rural.<\/p>\n<\/div>\n<div class=\"mc-column content-text active-extra-styles \" style=\"text-align: justify;\" data-block-type=\"unstyled\" data-block-weight=\"28\" data-block-id=\"4\">\n<p class=\"content-text__container \" data-track-category=\"Link no Texto\" data-track-links=\"\">No local, foi feito contato com o propriet\u00e1rio, um homem de 32 anos, e, durante a vistoria, os policiais constataram a queima de 84,477 hectares em \u00e1rea agropastoril.<\/p>\n<\/div>\n<div class=\"mc-column content-text active-extra-styles \" style=\"text-align: justify;\" data-block-type=\"unstyled\" data-block-weight=\"28\" data-block-id=\"5\">\n<p class=\"content-text__container \" data-track-category=\"Link no Texto\" data-track-links=\"\">Os militares tamb\u00e9m verificaram que 13 \u00e1rvores nativas haviam sido danificadas pelo fogo e que outras 32 \u00e1rvores, das esp\u00e9cies palmeira-guariroba, leiteiro, ip\u00ea e angico, tinham sido suprimidas.<\/p>\n<\/div>\n<div class=\"mc-column content-text active-extra-styles \" style=\"text-align: justify;\" data-block-type=\"unstyled\" data-block-weight=\"17\" data-block-id=\"6\">\n<p class=\"content-text__container \" data-track-category=\"Link no Texto\" data-track-links=\"\">De acordo com a corpora\u00e7\u00e3o, a \u00e1rea em quest\u00e3o est\u00e1 sendo preparada para o cultivo de mandioca.<\/p>\n<\/div>\n<div class=\"row medium-uncollapsed content-media content-photo\" style=\"text-align: justify;\" data-block-type=\"backstage-photo\" data-block-id=\"7\">\n<div class=\"mc-column content-media__container\">\n<figure><img decoding=\"async\" class=\"i-amphtml-fill-content i-amphtml-replaced-content\" src=\"https:\/\/s2.glbimg.com\/rKCH5Ev3uG-DfwPXhIU2B9nYnuU=\/0x0:1280x960\/984x0\/smart\/filters:strip_icc()\/i.s3.glbimg.com\/v1\/AUTH_59edd422c0c84a879bd37670ae4f538a\/internal_photos\/bs\/2020\/P\/B\/nLOuk2S1yqWiay8uGoOA\/mira-1.jpg\" sizes=\"(max-width: 1242px) 648px, 100vw\" srcset=\"https:\/\/s2.glbimg.com\/Dj0YNo9Ueoy5_WEE3tsfhEZEPC0=\/0x0:1280x960\/1000x0\/smart\/filters:strip_icc()\/i.s3.glbimg.com\/v1\/AUTH_59edd422c0c84a879bd37670ae4f538a\/internal_photos\/bs\/2020\/P\/B\/nLOuk2S1yqWiay8uGoOA\/mira-1.jpg 1000w, https:\/\/s2.glbimg.com\/rKCH5Ev3uG-DfwPXhIU2B9nYnuU=\/0x0:1280x960\/984x0\/smart\/filters:strip_icc()\/i.s3.glbimg.com\/v1\/AUTH_59edd422c0c84a879bd37670ae4f538a\/internal_photos\/bs\/2020\/P\/B\/nLOuk2S1yqWiay8uGoOA\/mira-1.jpg 984w, https:\/\/s2.glbimg.com\/pdAbqIBJb4vKJFhnvvQo9nKvAoQ=\/0x0:1280x960\/640x0\/smart\/filters:strip_icc()\/i.s3.glbimg.com\/v1\/AUTH_59edd422c0c84a879bd37670ae4f538a\/internal_photos\/bs\/2020\/P\/B\/nLOuk2S1yqWiay8uGoOA\/mira-1.jpg 640w, https:\/\/s2.glbimg.com\/4GorSaJEaWKpzGskWvPD84pzbFc=\/0x0:1280x960\/600x0\/smart\/filters:strip_icc()\/i.s3.glbimg.com\/v1\/AUTH_59edd422c0c84a879bd37670ae4f538a\/internal_photos\/bs\/2020\/P\/B\/nLOuk2S1yqWiay8uGoOA\/mira-1.jpg 600w\" alt=\"Degrada\u00e7\u00e3o ambiental foi constatada em s\u00edtio em Mirante do Paranapanema \u2014 Foto: Pol\u00edcia Militar Ambiental\" \/><\/figure>\n<p class=\"content-media__description \">Degrada\u00e7\u00e3o ambiental foi constatada em s\u00edtio em Mirante do Paranapanema \u2014 Foto: Pol\u00edcia Militar Ambiental<\/p>\n<\/div>\n<\/div>\n<div class=\"content-ads content-ads--reveal\" style=\"text-align: justify;\" data-block-type=\"ads\" data-block-id=\"8\">\n<div id=\"banner_materia2\" class=\"tag-manager-publicidade-container mc-has-reveal mc-has-ad-lazyload tag-manager-publicidade-banner_materia2 tag-manager-publicidade-container--carregado tag-manager-publicidade-container--visivel\" data-id=\"banner_materia2\" data-google-query-id=\"CN7f_42Eh-sCFdx7wQodu3EKcw\" data-cid=\"138319465669\" data-lid=\"5424355191\">\n<div id=\"google_ads_iframe_\/95377733\/tvg_G1\/Sua_Regiao&gt;Sudeste&gt;Sao_Paulo_(Pres_Prudente)_2__container__\" style=\"box-sizing: inherit; margin: auto; padding: 0px; border: 0pt none; font: inherit; vertical-align: baseline; width: 970px; max-width: 100%; text-align: center; height: 250px;\"><iframe loading=\"lazy\" id=\"google_ads_iframe_\/95377733\/tvg_G1\/Sua_Regiao&gt;Sudeste&gt;Sao_Paulo_(Pres_Prudente)_2\" style=\"box-sizing: inherit; margin: 0px; padding: 0px; border: 0px; font: inherit; vertical-align: bottom;\" title=\"3rd party ad content\" src=\"https:\/\/tpc.googlesyndication.com\/safeframe\/1-0-37\/html\/container.html\" name=\"\" width=\"970\" height=\"250\" frameborder=\"0\" marginwidth=\"0\" marginheight=\"0\" scrolling=\"no\" sandbox=\"allow-forms allow-pointer-lock allow-popups allow-popups-to-escape-sandbox allow-same-origin allow-scripts allow-top-navigation-by-user-activation\" data-is-safeframe=\"true\" data-google-container-id=\"3\" data-load-complete=\"true\" data-mce-fragment=\"1\"><\/iframe><\/div>\n<\/div>\n<\/div>\n<div class=\"mc-column content-text active-extra-styles \" style=\"text-align: justify;\" data-block-type=\"unstyled\" data-block-weight=\"14\" data-block-id=\"9\">\n<p class=\"content-text__container \" data-track-category=\"Link no Texto\" data-track-links=\"\">A fiscaliza\u00e7\u00e3o resultou na aplica\u00e7\u00e3o de tr\u00eas autos de infra\u00e7\u00e3o ambiental contra o sitiante:<\/p>\n<\/div>\n<div class=\"mc-column content-text active-extra-styles\" style=\"text-align: justify;\" data-block-type=\"raw\" data-block-weight=\"69\" data-block-id=\"10\">\n<ul class=\"content-unordered-list\">\n<li>um por fazer uso de fogo em \u00e1rea de 84,477 hectares, com multa\u00a0<strong>no valor de R$ 84.477,00<\/strong>, conforme o artigo 58, da Resolu\u00e7\u00e3o SMA 48\/2014;<\/li>\n<li>um por danificar 13 \u00e1rvores com uso de fogo,\u00a0<strong>no valor de R$ 5.850,00<\/strong>, conforme o artigo 53, da Resolu\u00e7\u00e3o SMA 48\/2014;<\/li>\n<li>e um por supress\u00e3o de 32 \u00e1rvores isoladas,\u00a0<strong>no valor de R$ 9.600,00<\/strong>, conforme o artigo 53, da Resolu\u00e7\u00e3o SMA 48\/2014.<\/li>\n<\/ul>\n<\/div>\n<div class=\"mc-column content-text active-extra-styles \" style=\"text-align: justify;\" data-block-type=\"unstyled\" data-block-weight=\"9\" data-block-id=\"11\">\n<p class=\"content-text__container \" data-track-category=\"Link no Texto\" data-track-links=\"\">No total,\u00a0<strong>as multas somadas chegaram a R$ 99.927,00<\/strong>.<\/p>\n<\/div>\n<div class=\"mc-column content-text active-extra-styles \" style=\"text-align: justify;\" data-block-type=\"unstyled\" data-block-weight=\"18\" data-block-id=\"12\">\n<p class=\"content-text__container \" data-track-category=\"Link no Texto\" data-track-links=\"\">Ainda foram apreendidos 10 metros c\u00fabicos de lenha, que permaneceram sob a guarda do sitiante, como deposit\u00e1rio fiel.<\/p>\n<\/div>\n<div class=\"row medium-uncollapsed content-media content-photo\" style=\"text-align: justify;\" data-block-type=\"backstage-photo\" data-block-id=\"13\">\n<div class=\"mc-column content-media__container\">\n<figure><img decoding=\"async\" class=\"i-amphtml-fill-content i-amphtml-replaced-content\" src=\"https:\/\/s2.glbimg.com\/ywMLU6VfsTkIK6VWhYDEZGdmfpw=\/0x0:1152x864\/984x0\/smart\/filters:strip_icc()\/i.s3.glbimg.com\/v1\/AUTH_59edd422c0c84a879bd37670ae4f538a\/internal_photos\/bs\/2020\/6\/M\/qSFiUSSr2dF296ufZQEg\/mira-2.jpg\" sizes=\"(max-width: 1242px) 648px, 100vw\" srcset=\"https:\/\/s2.glbimg.com\/-AD5AHYPlcB96mhIdcnE27OrcVQ=\/0x0:1152x864\/1000x0\/smart\/filters:strip_icc()\/i.s3.glbimg.com\/v1\/AUTH_59edd422c0c84a879bd37670ae4f538a\/internal_photos\/bs\/2020\/6\/M\/qSFiUSSr2dF296ufZQEg\/mira-2.jpg 1000w, https:\/\/s2.glbimg.com\/ywMLU6VfsTkIK6VWhYDEZGdmfpw=\/0x0:1152x864\/984x0\/smart\/filters:strip_icc()\/i.s3.glbimg.com\/v1\/AUTH_59edd422c0c84a879bd37670ae4f538a\/internal_photos\/bs\/2020\/6\/M\/qSFiUSSr2dF296ufZQEg\/mira-2.jpg 984w, https:\/\/s2.glbimg.com\/07rxt-jZ7vmDZZzZafFEmhGuJn4=\/0x0:1152x864\/640x0\/smart\/filters:strip_icc()\/i.s3.glbimg.com\/v1\/AUTH_59edd422c0c84a879bd37670ae4f538a\/internal_photos\/bs\/2020\/6\/M\/qSFiUSSr2dF296ufZQEg\/mira-2.jpg 640w, https:\/\/s2.glbimg.com\/yKZ3F89ifqLpY1vZY8UzA9Ln8gc=\/0x0:1152x864\/600x0\/smart\/filters:strip_icc()\/i.s3.glbimg.com\/v1\/AUTH_59edd422c0c84a879bd37670ae4f538a\/internal_photos\/bs\/2020\/6\/M\/qSFiUSSr2dF296ufZQEg\/mira-2.jpg 600w\" alt=\"Degrada\u00e7\u00e3o ambiental foi constatada em s\u00edtio em Mirante do Paranapanema \u2014 Foto: Pol\u00edcia Militar Ambiental\" \/><\/figure>\n<p class=\"content-media__description \">Degrada\u00e7\u00e3o ambiental foi constatada em s\u00edtio em Mirante do Paranapanema \u2014 Foto: Pol\u00edcia Militar Ambiental<\/p>\n<\/div>\n<\/div>\n<div class=\"row medium-uncollapsed content-media content-photo\" style=\"text-align: justify;\" data-block-type=\"backstage-photo\" data-block-id=\"14\">\n<div class=\"mc-column content-media__container\">\n<figure><img decoding=\"async\" class=\"i-amphtml-fill-content i-amphtml-replaced-content\" src=\"https:\/\/s2.glbimg.com\/muyEEO_qsb_Re7iRLuV1ltfn7rw=\/0x0:1280x960\/984x0\/smart\/filters:strip_icc()\/i.s3.glbimg.com\/v1\/AUTH_59edd422c0c84a879bd37670ae4f538a\/internal_photos\/bs\/2020\/s\/K\/wndF48RMKhbfUfb7tGgw\/mira-3.jpg\" sizes=\"(max-width: 1242px) 648px, 100vw\" srcset=\"https:\/\/s2.glbimg.com\/qGEzHJhJ8b97hFBss_gnZOiO55c=\/0x0:1280x960\/1000x0\/smart\/filters:strip_icc()\/i.s3.glbimg.com\/v1\/AUTH_59edd422c0c84a879bd37670ae4f538a\/internal_photos\/bs\/2020\/s\/K\/wndF48RMKhbfUfb7tGgw\/mira-3.jpg 1000w, https:\/\/s2.glbimg.com\/muyEEO_qsb_Re7iRLuV1ltfn7rw=\/0x0:1280x960\/984x0\/smart\/filters:strip_icc()\/i.s3.glbimg.com\/v1\/AUTH_59edd422c0c84a879bd37670ae4f538a\/internal_photos\/bs\/2020\/s\/K\/wndF48RMKhbfUfb7tGgw\/mira-3.jpg 984w, https:\/\/s2.glbimg.com\/s5j7-5nHk56MNYl_WYIqOvhYvU0=\/0x0:1280x960\/640x0\/smart\/filters:strip_icc()\/i.s3.glbimg.com\/v1\/AUTH_59edd422c0c84a879bd37670ae4f538a\/internal_photos\/bs\/2020\/s\/K\/wndF48RMKhbfUfb7tGgw\/mira-3.jpg 640w, https:\/\/s2.glbimg.com\/cmJu7b6wkO-Ok-MMRiZUe54n6Q4=\/0x0:1280x960\/600x0\/smart\/filters:strip_icc()\/i.s3.glbimg.com\/v1\/AUTH_59edd422c0c84a879bd37670ae4f538a\/internal_photos\/bs\/2020\/s\/K\/wndF48RMKhbfUfb7tGgw\/mira-3.jpg 600w\" alt=\"Degrada\u00e7\u00e3o ambiental foi constatada em s\u00edtio em Mirante do Paranapanema \u2014 Foto: Pol\u00edcia Militar Ambiental\" \/><\/figure>\n<p class=\"content-media__description \">Degrada\u00e7\u00e3o ambiental foi constatada em s\u00edtio em Mirante do Paranapanema \u2014 Foto: Pol\u00edcia Militar Ambiental<\/p>\n<\/div>\n<\/div>\n<div class=\"row medium-uncollapsed content-media content-photo\" style=\"text-align: justify;\" data-block-type=\"backstage-photo\" data-block-id=\"16\">\n<div class=\"mc-column content-media__container\">\n<figure><img decoding=\"async\" class=\"i-amphtml-fill-content i-amphtml-replaced-content\" src=\"https:\/\/s2.glbimg.com\/ImiO35ncABurdElhfIG6cvCFoDo=\/0x0:1152x864\/984x0\/smart\/filters:strip_icc()\/i.s3.glbimg.com\/v1\/AUTH_59edd422c0c84a879bd37670ae4f538a\/internal_photos\/bs\/2020\/U\/k\/EVFAHGSiWn74l7RSAaDA\/mira-5.jpg\" sizes=\"(max-width: 1242px) 648px, 100vw\" srcset=\"https:\/\/s2.glbimg.com\/NpjfvqJaI-OjkX8md6724zIiF7I=\/0x0:1152x864\/1000x0\/smart\/filters:strip_icc()\/i.s3.glbimg.com\/v1\/AUTH_59edd422c0c84a879bd37670ae4f538a\/internal_photos\/bs\/2020\/U\/k\/EVFAHGSiWn74l7RSAaDA\/mira-5.jpg 1000w, https:\/\/s2.glbimg.com\/ImiO35ncABurdElhfIG6cvCFoDo=\/0x0:1152x864\/984x0\/smart\/filters:strip_icc()\/i.s3.glbimg.com\/v1\/AUTH_59edd422c0c84a879bd37670ae4f538a\/internal_photos\/bs\/2020\/U\/k\/EVFAHGSiWn74l7RSAaDA\/mira-5.jpg 984w, https:\/\/s2.glbimg.com\/-q8H4Y_-rnav3eZwh-Rbzcq_Onk=\/0x0:1152x864\/640x0\/smart\/filters:strip_icc()\/i.s3.glbimg.com\/v1\/AUTH_59edd422c0c84a879bd37670ae4f538a\/internal_photos\/bs\/2020\/U\/k\/EVFAHGSiWn74l7RSAaDA\/mira-5.jpg 640w, https:\/\/s2.glbimg.com\/PDWOU3pwflqNwcvbgtN1gQmNWtI=\/0x0:1152x864\/600x0\/smart\/filters:strip_icc()\/i.s3.glbimg.com\/v1\/AUTH_59edd422c0c84a879bd37670ae4f538a\/internal_photos\/bs\/2020\/U\/k\/EVFAHGSiWn74l7RSAaDA\/mira-5.jpg 600w\" alt=\"Degrada\u00e7\u00e3o ambiental foi constatada em s\u00edtio em Mirante do Paranapanema \u2014 Foto: Pol\u00edcia Militar Ambiental\" \/><\/figure>\n<p class=\"content-media__description \">Degrada\u00e7\u00e3o ambiental foi constatada em s\u00edtio em Mirante do Paranapanema \u2014 Foto: Pol\u00edcia Militar Ambiental<\/p>\n<\/div>\n<\/div>\n<div class=\"row medium-uncollapsed content-media content-photo\" data-block-type=\"backstage-photo\" data-block-id=\"17\">\n<div class=\"mc-column content-media__container\">\n<figure style=\"text-align: justify;\"><img decoding=\"async\" class=\"i-amphtml-fill-content i-amphtml-replaced-content\" src=\"https:\/\/s2.glbimg.com\/GI2BgGw9H3NK_jtXAHeJryqu0w4=\/0x0:1280x960\/984x0\/smart\/filters:strip_icc()\/i.s3.glbimg.com\/v1\/AUTH_59edd422c0c84a879bd37670ae4f538a\/internal_photos\/bs\/2020\/I\/i\/1s5kchSs2y7mX9okancA\/mira-6.jpg\" sizes=\"(max-width: 1242px) 648px, 100vw\" srcset=\"https:\/\/s2.glbimg.com\/gKRtBcxnTfsEyAWMEHeeDwPsSk4=\/0x0:1280x960\/1000x0\/smart\/filters:strip_icc()\/i.s3.glbimg.com\/v1\/AUTH_59edd422c0c84a879bd37670ae4f538a\/internal_photos\/bs\/2020\/I\/i\/1s5kchSs2y7mX9okancA\/mira-6.jpg 1000w, https:\/\/s2.glbimg.com\/GI2BgGw9H3NK_jtXAHeJryqu0w4=\/0x0:1280x960\/984x0\/smart\/filters:strip_icc()\/i.s3.glbimg.com\/v1\/AUTH_59edd422c0c84a879bd37670ae4f538a\/internal_photos\/bs\/2020\/I\/i\/1s5kchSs2y7mX9okancA\/mira-6.jpg 984w, https:\/\/s2.glbimg.com\/Y7FuqBlvWgH55AnTupVQrQwLteg=\/0x0:1280x960\/640x0\/smart\/filters:strip_icc()\/i.s3.glbimg.com\/v1\/AUTH_59edd422c0c84a879bd37670ae4f538a\/internal_photos\/bs\/2020\/I\/i\/1s5kchSs2y7mX9okancA\/mira-6.jpg 640w, https:\/\/s2.glbimg.com\/e62cHKezKkoeyZVVTOzRW5FfgdQ=\/0x0:1280x960\/600x0\/smart\/filters:strip_icc()\/i.s3.glbimg.com\/v1\/AUTH_59edd422c0c84a879bd37670ae4f538a\/internal_photos\/bs\/2020\/I\/i\/1s5kchSs2y7mX9okancA\/mira-6.jpg 600w\" alt=\"Degrada\u00e7\u00e3o ambiental foi constatada em s\u00edtio em Mirante do Paranapanema \u2014 Foto: Pol\u00edcia Militar Ambiental\" \/><\/figure>\n<p class=\"content-media__description \" style=\"text-align: justify;\">Degrada\u00e7\u00e3o ambiental foi constatada em s\u00edtio em Mirante do Paranapanema \u2014 Foto: Pol\u00edcia Militar Ambiental<\/p>\n<p style=\"text-align: justify;\">Fonte: G1<\/p>\n<\/div>\n<\/div>\n<\/div>\n","protected":false},"excerpt":{"rendered":"<p>Policiais militares compareceram \u00e0 propriedade rural, em Mirante do Paranapanema, nesta quarta-feira (5), ap\u00f3s imagens de sat\u00e9lite indicarem degrada\u00e7\u00f5es no local. A Pol\u00edcia Militar Ambiental aplicou nesta quarta-feira (5) multas que totalizaram quase R$ 100 mil contra o dono de uma propriedade rural, em\u00a0Mirante do Paranapanema (SP), onde foram constatadas degrada\u00e7\u00f5es na vegeta\u00e7\u00e3o nativa causadas [&hellip;]<\/p>\n","protected":false},"author":1,"featured_media":32171,"comment_status":"closed","ping_status":"open","sticky":false,"template":"","format":"standard","meta":{"footnotes":""},"categories":[176,110],"tags":[],"class_list":["post-32170","post","type-post","status-publish","format-standard","has-post-thumbnail","hentry","category-meioambienteeagricultura","category-noticiasdestaque"],"_links":{"self":[{"href":"https:\/\/jorgezanoni.com.br\/2019\/wp-json\/wp\/v2\/posts\/32170","targetHints":{"allow":["GET"]}}],"collection":[{"href":"https:\/\/jorgezanoni.com.br\/2019\/wp-json\/wp\/v2\/posts"}],"about":[{"href":"https:\/\/jorgezanoni.com.br\/2019\/wp-json\/wp\/v2\/types\/post"}],"author":[{"embeddable":true,"href":"https:\/\/jorgezanoni.com.br\/2019\/wp-json\/wp\/v2\/users\/1"}],"replies":[{"embeddable":true,"href":"https:\/\/jorgezanoni.com.br\/2019\/wp-json\/wp\/v2\/comments?post=32170"}],"version-history":[{"count":0,"href":"https:\/\/jorgezanoni.com.br\/2019\/wp-json\/wp\/v2\/posts\/32170\/revisions"}],"wp:featuredmedia":[{"embeddable":true,"href":"https:\/\/jorgezanoni.com.br\/2019\/wp-json\/wp\/v2\/media\/32171"}],"wp:attachment":[{"href":"https:\/\/jorgezanoni.com.br\/2019\/wp-json\/wp\/v2\/media?parent=32170"}],"wp:term":[{"taxonomy":"category","embeddable":true,"href":"https:\/\/jorgezanoni.com.br\/2019\/wp-json\/wp\/v2\/categories?post=32170"},{"taxonomy":"post_tag","embeddable":true,"href":"https:\/\/jorgezanoni.com.br\/2019\/wp-json\/wp\/v2\/tags?post=32170"}],"curies":[{"name":"wp","href":"https:\/\/api.w.org\/{rel}","templated":true}]}}