{"id":32167,"date":"2020-08-06T15:33:33","date_gmt":"2020-08-06T15:33:33","guid":{"rendered":"https:\/\/jorgezanoni.com.br\/2019\/?p=32167"},"modified":"2020-08-06T15:33:33","modified_gmt":"2020-08-06T15:33:33","slug":"acidente-de-transito-entre-carro-e-caminhao-deixa-uma-vitima-grave-na-sp-294-em-osvaldo-cruz","status":"publish","type":"post","link":"https:\/\/jorgezanoni.com.br\/2019\/acidente-de-transito-entre-carro-e-caminhao-deixa-uma-vitima-grave-na-sp-294-em-osvaldo-cruz\/","title":{"rendered":"Acidente de tr\u00e2nsito entre carro e caminh\u00e3o deixa uma v\u00edtima grave na SP-294, em Osvaldo Cruz"},"content":{"rendered":"<h2 class=\"content-head__subtitle\" style=\"text-align: justify;\"><strong>Homem de 34 anos que era passageiro do autom\u00f3vel foi socorrido ao Pronto-socorro local. Batida transversal foi na manh\u00e3 desta quarta-feira (5).<\/strong><\/h2>\n<div class=\"mc-column content-text active-extra-styles \" data-block-type=\"unstyled\" data-block-weight=\"36\" data-block-id=\"2\">\n<p class=\"content-text__container \" style=\"text-align: justify;\" data-track-category=\"Link no Texto\" data-track-links=\"\">Um grave acidente foi registrado na manh\u00e3 desta quarta-feira (5) na Rodovia Comandante Jo\u00e3o Ribeiro de Barros (SP-294), em\u00a0<a href=\"http:\/\/g1.globo.com\/sp\/presidente-prudente-regiao\/cidade\/osvaldo-cruz.html\">Osvaldo Cruz<\/a>. A batida envolveu um carro e um caminh\u00e3o e deixou uma v\u00edtima de natureza grave.<\/p>\n<\/div>\n<div class=\"wall protected-content\">\n<div class=\"mc-column content-text active-extra-styles \" style=\"text-align: justify;\" data-block-type=\"unstyled\" data-block-weight=\"5\" data-block-id=\"3\">\n<p class=\"content-text__container \" data-track-category=\"Link no Texto\" data-track-links=\"\">Conforme a Pol\u00edcia Rodovi\u00e1ria, foi um acidente de tr\u00e2nsito do tipo colis\u00e3o transversal. O carro, com placas de Osvaldo Cruz, cruzou a rodovia e acabou atingido por um caminh\u00e3o, com placas de Rancharia, que transitava no sentido Parapu\u00e3 a In\u00fabia Paulista.<\/p>\n<\/div>\n<div class=\"mc-column content-text active-extra-styles \" style=\"text-align: justify;\" data-block-type=\"unstyled\" data-block-weight=\"20\" data-block-id=\"5\">\n<p class=\"content-text__container \" data-track-category=\"Link no Texto\" data-track-links=\"\">A batida resultou em uma v\u00edtima grave, sendo ela um homem de 34 anos que era passageiro do carro.<\/p>\n<\/div>\n<div class=\"mc-column content-text active-extra-styles \" style=\"text-align: justify;\" data-block-type=\"unstyled\" data-block-weight=\"29\" data-block-id=\"6\">\n<p class=\"content-text__container \" data-track-category=\"Link no Texto\" data-track-links=\"\">A v\u00edtima foi socorrida para o Pronto-socorro de Osvaldo Cruz e, posteriormente, \u00e0s 11h40, foi transferida para o Hospital das Cl\u00ednicas, em Mar\u00edlia, em estado considerado grave.<\/p>\n<\/div>\n<div class=\"mc-column content-text active-extra-styles \" style=\"text-align: justify;\" data-block-type=\"unstyled\" data-block-weight=\"5\" data-block-id=\"7\">\n<p class=\"content-text__container \" data-track-category=\"Link no Texto\" data-track-links=\"\">N\u00e3o houve preju\u00edzo ao tr\u00e2nsito.<\/p>\n<\/div>\n<div class=\"row medium-uncollapsed content-media content-photo\" data-block-type=\"backstage-photo\" data-block-id=\"8\">\n<div class=\"mc-column content-media__container\">\n<figure style=\"text-align: justify;\"><img decoding=\"async\" class=\"i-amphtml-fill-content i-amphtml-replaced-content\" src=\"https:\/\/s2.glbimg.com\/WxLtLR35XRSZWpbZYalo42-9R40=\/0x0:1032x581\/984x0\/smart\/filters:strip_icc()\/i.s3.glbimg.com\/v1\/AUTH_59edd422c0c84a879bd37670ae4f538a\/internal_photos\/bs\/2020\/N\/D\/xyBARTS8Ogx7gD411cBQ\/whatsapp-image-2020-08-05-at-09.16.41.jpeg\" sizes=\"(max-width: 1242px) 648px, 100vw\" srcset=\"https:\/\/s2.glbimg.com\/gtbzXYnF-vWkjGy-lTnH3kKNJfA=\/0x0:1032x581\/1000x0\/smart\/filters:strip_icc()\/i.s3.glbimg.com\/v1\/AUTH_59edd422c0c84a879bd37670ae4f538a\/internal_photos\/bs\/2020\/N\/D\/xyBARTS8Ogx7gD411cBQ\/whatsapp-image-2020-08-05-at-09.16.41.jpeg 1000w, https:\/\/s2.glbimg.com\/WxLtLR35XRSZWpbZYalo42-9R40=\/0x0:1032x581\/984x0\/smart\/filters:strip_icc()\/i.s3.glbimg.com\/v1\/AUTH_59edd422c0c84a879bd37670ae4f538a\/internal_photos\/bs\/2020\/N\/D\/xyBARTS8Ogx7gD411cBQ\/whatsapp-image-2020-08-05-at-09.16.41.jpeg 984w, https:\/\/s2.glbimg.com\/X6EcTFzhxxTbwU9ZeHbXI79g-Bg=\/0x0:1032x581\/640x0\/smart\/filters:strip_icc()\/i.s3.glbimg.com\/v1\/AUTH_59edd422c0c84a879bd37670ae4f538a\/internal_photos\/bs\/2020\/N\/D\/xyBARTS8Ogx7gD411cBQ\/whatsapp-image-2020-08-05-at-09.16.41.jpeg 640w, https:\/\/s2.glbimg.com\/IQM7VAJCHLNu18b1s1s66dFgqR0=\/0x0:1032x581\/600x0\/smart\/filters:strip_icc()\/i.s3.glbimg.com\/v1\/AUTH_59edd422c0c84a879bd37670ae4f538a\/internal_photos\/bs\/2020\/N\/D\/xyBARTS8Ogx7gD411cBQ\/whatsapp-image-2020-08-05-at-09.16.41.jpeg 600w\" alt=\"Batida transversal foi na SP-294, em Osvaldo Cruz \u2014 Foto: Pol\u00edcia Rodovi\u00e1ria\" \/><\/figure>\n<p class=\"content-media__description \">Batida transversal foi na SP-294, em Osvaldo Cruz \u2014 Foto: Pol\u00edcia Rodovi\u00e1ria<\/p>\n<p>Fonte: G1<\/p>\n<\/div>\n<\/div>\n<div class=\"content-ads content-ads--reveal\" data-block-type=\"ads\" data-block-id=\"9\">\n<div id=\"banner_materia2\" class=\"tag-manager-publicidade-container mc-has-reveal mc-has-ad-lazyload tag-manager-publicidade-banner_materia2 tag-manager-publicidade-container--carregado tag-manager-publicidade-container--visivel\" data-id=\"banner_materia2\" data-google-query-id=\"CMj65_3yhusCFehmwQodjkkONw\" data-cid=\"138319465669\" data-lid=\"5424355191\"><\/div>\n<\/div>\n<\/div>\n","protected":false},"excerpt":{"rendered":"<p>Homem de 34 anos que era passageiro do autom\u00f3vel foi socorrido ao Pronto-socorro local. Batida transversal foi na manh\u00e3 desta quarta-feira (5). Um grave acidente foi registrado na manh\u00e3 desta quarta-feira (5) na Rodovia Comandante Jo\u00e3o Ribeiro de Barros (SP-294), em\u00a0Osvaldo Cruz. A batida envolveu um carro e um caminh\u00e3o e deixou uma v\u00edtima de [&hellip;]<\/p>\n","protected":false},"author":1,"featured_media":32168,"comment_status":"closed","ping_status":"open","sticky":false,"template":"","format":"standard","meta":{"footnotes":""},"categories":[170,110],"tags":[],"class_list":["post-32167","post","type-post","status-publish","format-standard","has-post-thumbnail","hentry","category-acidentes","category-noticiasdestaque"],"_links":{"self":[{"href":"https:\/\/jorgezanoni.com.br\/2019\/wp-json\/wp\/v2\/posts\/32167","targetHints":{"allow":["GET"]}}],"collection":[{"href":"https:\/\/jorgezanoni.com.br\/2019\/wp-json\/wp\/v2\/posts"}],"about":[{"href":"https:\/\/jorgezanoni.com.br\/2019\/wp-json\/wp\/v2\/types\/post"}],"author":[{"embeddable":true,"href":"https:\/\/jorgezanoni.com.br\/2019\/wp-json\/wp\/v2\/users\/1"}],"replies":[{"embeddable":true,"href":"https:\/\/jorgezanoni.com.br\/2019\/wp-json\/wp\/v2\/comments?post=32167"}],"version-history":[{"count":0,"href":"https:\/\/jorgezanoni.com.br\/2019\/wp-json\/wp\/v2\/posts\/32167\/revisions"}],"wp:featuredmedia":[{"embeddable":true,"href":"https:\/\/jorgezanoni.com.br\/2019\/wp-json\/wp\/v2\/media\/32168"}],"wp:attachment":[{"href":"https:\/\/jorgezanoni.com.br\/2019\/wp-json\/wp\/v2\/media?parent=32167"}],"wp:term":[{"taxonomy":"category","embeddable":true,"href":"https:\/\/jorgezanoni.com.br\/2019\/wp-json\/wp\/v2\/categories?post=32167"},{"taxonomy":"post_tag","embeddable":true,"href":"https:\/\/jorgezanoni.com.br\/2019\/wp-json\/wp\/v2\/tags?post=32167"}],"curies":[{"name":"wp","href":"https:\/\/api.w.org\/{rel}","templated":true}]}}