{"id":32161,"date":"2020-08-06T15:03:57","date_gmt":"2020-08-06T15:03:57","guid":{"rendered":"https:\/\/jorgezanoni.com.br\/2019\/?p=32161"},"modified":"2020-08-06T15:03:57","modified_gmt":"2020-08-06T15:03:57","slug":"capotamento-de-veiculo-na-sp-294-deixa-homem-ferido-em-pauliceia","status":"publish","type":"post","link":"https:\/\/jorgezanoni.com.br\/2019\/capotamento-de-veiculo-na-sp-294-deixa-homem-ferido-em-pauliceia\/","title":{"rendered":"Capotamento de ve\u00edculo na SP-294 deixa homem ferido em Paulic\u00e9ia"},"content":{"rendered":"<h2 class=\"content-head__subtitle\" style=\"text-align: justify;\"><strong>V\u00edtima, de natureza leve, \u00e9 um rapaz de 24 anos, passageiro do carro envolvido no acidente.<\/strong><\/h2>\n<div class=\"mc-column content-text active-extra-styles \" data-block-type=\"unstyled\" data-block-weight=\"35\" data-block-id=\"2\">\n<p class=\"content-text__container \" style=\"text-align: justify;\" data-track-category=\"Link no Texto\" data-track-links=\"\">Um capotamento de ve\u00edculo foi registrado na Rodovia Comandante Jo\u00e3o Ribeiro de Barros (SP-294), em\u00a0<a href=\"http:\/\/g1.globo.com\/sp\/presidente-prudente-regiao\/cidade\/pauliceia.html\">Paulic\u00e9ia<\/a>. O acidente, registrado na noite desta quarta-feira (5), deixou um rapaz de 24 anos com ferimentos de natureza leve.<\/p>\n<\/div>\n<div class=\"wall protected-content\">\n<div class=\"mc-column content-text active-extra-styles \" style=\"text-align: justify;\" data-block-type=\"unstyled\" data-block-weight=\"38\" data-block-id=\"3\">\n<p class=\"content-text__container \" data-track-category=\"Link no Texto\" data-track-links=\"\">De acordo com a Pol\u00edcia Militar Rodovi\u00e1ria, o condutor transitava com o ve\u00edculo no sentido Santa Mercedes a Panorama, quando no km 683,700 perdeu o controle da dire\u00e7\u00e3o e capotou o ve\u00edculo, al\u00e9m do acostamento \u00e0 sua direita.<\/p>\n<\/div>\n<div class=\"mc-column content-text active-extra-styles \" data-block-type=\"unstyled\" data-block-weight=\"33\" data-block-id=\"4\">\n<p class=\"content-text__container \" style=\"text-align: justify;\" data-track-category=\"Link no Texto\" data-track-links=\"\">O carro era ocupado por duas pessoas, mas de acordo com a pol\u00edcia, apenas o passageiro do banco dianteiro sofreu ferimentos de natureza leve e foi socorrido para a Santa Casa de Panorama.<\/p>\n<p style=\"text-align: justify;\" data-track-category=\"Link no Texto\" data-track-links=\"\">Fonte: G1 e 2\u00aa Cia. PMR<\/p>\n<\/div>\n<\/div>\n","protected":false},"excerpt":{"rendered":"<p>V\u00edtima, de natureza leve, \u00e9 um rapaz de 24 anos, passageiro do carro envolvido no acidente. Um capotamento de ve\u00edculo foi registrado na Rodovia Comandante Jo\u00e3o Ribeiro de Barros (SP-294), em\u00a0Paulic\u00e9ia. O acidente, registrado na noite desta quarta-feira (5), deixou um rapaz de 24 anos com ferimentos de natureza leve. De acordo com a Pol\u00edcia [&hellip;]<\/p>\n","protected":false},"author":1,"featured_media":32162,"comment_status":"closed","ping_status":"open","sticky":false,"template":"","format":"standard","meta":{"footnotes":""},"categories":[170,110],"tags":[],"class_list":["post-32161","post","type-post","status-publish","format-standard","has-post-thumbnail","hentry","category-acidentes","category-noticiasdestaque"],"_links":{"self":[{"href":"https:\/\/jorgezanoni.com.br\/2019\/wp-json\/wp\/v2\/posts\/32161","targetHints":{"allow":["GET"]}}],"collection":[{"href":"https:\/\/jorgezanoni.com.br\/2019\/wp-json\/wp\/v2\/posts"}],"about":[{"href":"https:\/\/jorgezanoni.com.br\/2019\/wp-json\/wp\/v2\/types\/post"}],"author":[{"embeddable":true,"href":"https:\/\/jorgezanoni.com.br\/2019\/wp-json\/wp\/v2\/users\/1"}],"replies":[{"embeddable":true,"href":"https:\/\/jorgezanoni.com.br\/2019\/wp-json\/wp\/v2\/comments?post=32161"}],"version-history":[{"count":0,"href":"https:\/\/jorgezanoni.com.br\/2019\/wp-json\/wp\/v2\/posts\/32161\/revisions"}],"wp:featuredmedia":[{"embeddable":true,"href":"https:\/\/jorgezanoni.com.br\/2019\/wp-json\/wp\/v2\/media\/32162"}],"wp:attachment":[{"href":"https:\/\/jorgezanoni.com.br\/2019\/wp-json\/wp\/v2\/media?parent=32161"}],"wp:term":[{"taxonomy":"category","embeddable":true,"href":"https:\/\/jorgezanoni.com.br\/2019\/wp-json\/wp\/v2\/categories?post=32161"},{"taxonomy":"post_tag","embeddable":true,"href":"https:\/\/jorgezanoni.com.br\/2019\/wp-json\/wp\/v2\/tags?post=32161"}],"curies":[{"name":"wp","href":"https:\/\/api.w.org\/{rel}","templated":true}]}}