{"id":32119,"date":"2020-08-05T23:51:05","date_gmt":"2020-08-05T23:51:05","guid":{"rendered":"https:\/\/jorgezanoni.com.br\/2019\/?p=32119"},"modified":"2020-08-05T23:51:05","modified_gmt":"2020-08-05T23:51:05","slug":"pandemia-em-nivel-glocal","status":"publish","type":"post","link":"https:\/\/jorgezanoni.com.br\/2019\/pandemia-em-nivel-glocal\/","title":{"rendered":"Pandemia em n\u00edvel Glocal&#8230;"},"content":{"rendered":"<p style=\"text-align: justify;\"><strong>PANDEMIA EM N\u00cdVEL GLOCAL&#8230;<\/strong><\/p>\n<p style=\"text-align: justify;\"><em>\u201cDeixe as suas esperan\u00e7as, e n\u00e3o as suas dores, moldarem o seu futuro.\u201d (<\/em><em>Robert H. Schiller)<\/em><\/p>\n<p style=\"text-align: justify;\"><strong><em>S\u00e9rgio Barbosa (*)<\/em><\/strong><\/p>\n<p style=\"text-align: justify;\">Pode-se afirmar que daqui pra frente ocorram muitos desencontros nos quatro cantos deste PA\u00cdS DO FAZ DE CONTA por causa disto ou daquilo, por\u00e9m, todos\/as est\u00e3o comprometidos com a mesma CAUSA, ou seja, seguir as recomenda\u00e7\u00f5es m\u00e9dicas quanto ao COVID-19 em tempo de p\u00f3s-globaliza\u00e7\u00e3o da PANDEMIA&#8230;<\/p>\n<p style=\"text-align: justify;\">Talvez apare\u00e7a uma VACINA at\u00e9 o final deste ano, entretanto, o cen\u00e1rio continua o mesmo nestes \u00faltimos meses em n\u00edvel mundial, portanto, TODO CUIDADO \u00c9 POUCO neste contexto plural para a sociedade&#8230;<\/p>\n<p style=\"text-align: justify;\">Todas as preocupa\u00e7\u00f5es quanto ao CORONAV\u00cdRUS s\u00e3o necess\u00e1rias para que a PREVEN\u00c7\u00c3O possa fazer a diferen\u00e7a em todas as \u00e1reas do MERCADO, bem como, na EDUCA\u00c7\u00c3O e atividades afins da comunidade em n\u00edvel GLOCAL, a saber, do GLOBAL para o LOCAL&#8230;<\/p>\n<p style=\"text-align: justify;\">De acordo com os\/as Especialistas que atuam e buscam resultados efetivos quanto ao problema em pauta, atestam que o MUNDO dever\u00e1 seguir outros rumos depois deste processo mediado pela PANDEMIA&#8230;<\/p>\n<p style=\"text-align: justify;\">Desta forma, a comunidade local deve continuar com os mesmos CUIDADOS de sempre, tamb\u00e9m, procurar de todas as formas darem apoio \u00e0s iniciativas das autoridades especializadas na \u00e1rea da SA\u00daDE e tudo mais em meio ao tudo de menos nestes ocasos do COVID-19&#8230;<\/p>\n<p style=\"text-align: justify;\">Tamb\u00e9m, n\u00e3o se pode esquecer que as ditas AUTORIDADES constitu\u00eddas nas \u00e1reas do EXECUTIVO, LEGISLATIVO E JUDICI\u00c1RIO, continuam com suas preocupa\u00e7\u00f5es e determina\u00e7\u00f5es de acordo com os interesses pautados pelo MERCADO GLOCAL&#8230;<\/p>\n<p style=\"text-align: justify;\">Entretanto, existem diversas PREOCUPA\u00c7\u00d5ES que envolvem aspectos SOCIAIS neste cen\u00e1rio de PANDEMIA, tendo em vista as dificuldades de sobreviv\u00eancias das denominadas MINORIAS e ponto quase final&#8230;<\/p>\n<p style=\"text-align: justify;\">O COMPROMISSO deve estar acima dos interesses espec\u00edficos desta ou daquela \u00e1rea, tendo em vista que a SOBREVIV\u00caNCIA da SOCIEDADE est\u00e1 ref\u00e9m deste cen\u00e1rio complicado para a maioria da popula\u00e7\u00e3o&#8230;<\/p>\n<p style=\"text-align: justify;\">Por\u00e9m, como sempre, QUEM SOBREVIVER VAI SABER e tudo pode ficar na mesma de sempre, pelo menos neste PA\u00cdS DO FAZ DE CONTA, bem como, nas milhares de PROV\u00cdNCIAS perdidas neste vasto territ\u00f3rio TUPINIQUIM&#8230;<\/p>\n<p style=\"text-align: justify;\">QUEM SOBREVIVER VAI SABER&#8230;<\/p>\n<p style=\"text-align: justify;\"><strong><em>_________________________<\/em><\/strong><\/p>\n<p style=\"text-align: justify;\"><strong><em>(*) jornalista diplomado e professor universit\u00e1rio.<\/em><\/strong><\/p>\n<p style=\"text-align: justify;\">\n<p style=\"text-align: justify;\">\n<p style=\"text-align: justify;\">\n<p style=\"text-align: justify;\">\n<p style=\"text-align: justify;\">\n<p>&nbsp;<\/p>\n<p>&nbsp;<\/p>\n<p>&nbsp;<\/p>\n<p>&nbsp;<\/p>\n<p>&nbsp;<\/p>\n","protected":false},"excerpt":{"rendered":"<p>PANDEMIA EM N\u00cdVEL GLOCAL&#8230; \u201cDeixe as suas esperan\u00e7as, e n\u00e3o as suas dores, moldarem o seu futuro.\u201d (Robert H. Schiller) S\u00e9rgio Barbosa (*) Pode-se afirmar que daqui pra frente ocorram muitos desencontros nos quatro cantos deste PA\u00cdS DO FAZ DE CONTA por causa disto ou daquilo, por\u00e9m, todos\/as est\u00e3o comprometidos com a mesma CAUSA, ou [&hellip;]<\/p>\n","protected":false},"author":1,"featured_media":32120,"comment_status":"closed","ping_status":"open","sticky":false,"template":"","format":"standard","meta":{"footnotes":""},"categories":[175],"tags":[],"class_list":["post-32119","post","type-post","status-publish","format-standard","has-post-thumbnail","hentry","category-artigos"],"_links":{"self":[{"href":"https:\/\/jorgezanoni.com.br\/2019\/wp-json\/wp\/v2\/posts\/32119","targetHints":{"allow":["GET"]}}],"collection":[{"href":"https:\/\/jorgezanoni.com.br\/2019\/wp-json\/wp\/v2\/posts"}],"about":[{"href":"https:\/\/jorgezanoni.com.br\/2019\/wp-json\/wp\/v2\/types\/post"}],"author":[{"embeddable":true,"href":"https:\/\/jorgezanoni.com.br\/2019\/wp-json\/wp\/v2\/users\/1"}],"replies":[{"embeddable":true,"href":"https:\/\/jorgezanoni.com.br\/2019\/wp-json\/wp\/v2\/comments?post=32119"}],"version-history":[{"count":0,"href":"https:\/\/jorgezanoni.com.br\/2019\/wp-json\/wp\/v2\/posts\/32119\/revisions"}],"wp:featuredmedia":[{"embeddable":true,"href":"https:\/\/jorgezanoni.com.br\/2019\/wp-json\/wp\/v2\/media\/32120"}],"wp:attachment":[{"href":"https:\/\/jorgezanoni.com.br\/2019\/wp-json\/wp\/v2\/media?parent=32119"}],"wp:term":[{"taxonomy":"category","embeddable":true,"href":"https:\/\/jorgezanoni.com.br\/2019\/wp-json\/wp\/v2\/categories?post=32119"},{"taxonomy":"post_tag","embeddable":true,"href":"https:\/\/jorgezanoni.com.br\/2019\/wp-json\/wp\/v2\/tags?post=32119"}],"curies":[{"name":"wp","href":"https:\/\/api.w.org\/{rel}","templated":true}]}}