{"id":32099,"date":"2020-08-05T01:20:27","date_gmt":"2020-08-05T01:20:27","guid":{"rendered":"https:\/\/jorgezanoni.com.br\/2019\/?p=32099"},"modified":"2020-08-05T01:20:27","modified_gmt":"2020-08-05T01:20:27","slug":"policia-militar-prende-individuo-por-furto-em-farmacia-de-dracena","status":"publish","type":"post","link":"https:\/\/jorgezanoni.com.br\/2019\/policia-militar-prende-individuo-por-furto-em-farmacia-de-dracena\/","title":{"rendered":"Pol\u00edcia Militar prende indiv\u00edduo por furto em Farm\u00e1cia de Dracena"},"content":{"rendered":"<p style=\"text-align: justify;\">Na data de ontem (03) por volta das 21h45min na cidade de Dracena, em patrulhamento pela avenida Presidente Vargas na altura do cruzamento com a rua monte castelo avistamos o indiv\u00edduo que saiu correndo do\u00a0\u00a0interior de uma farm\u00e1cia sentido pra\u00e7a Arthur Pagnozzi, momento que suspeitando da atitude do indiv\u00edduo foi realizado o acompanhamento at\u00e9 o momento que deparamos com o autor na frente de um restaurante, que n\u00e3o obedeceu a ordem de parada e investiu fuga tomando sentido contr\u00e1rio da viatura cruzando toda pra\u00e7a Arthur Pagnozzi tomando sentido avenida expedicion\u00e1rios, onde foi acompanhado a p\u00e9, enquanto o motorista efetuou o cerco com \u00eaxito na abordagem em frente ao numeral 1422 da avenida Expedicion\u00e1rios. Em busca pessoal foi encontrado as r\u00e9s furtivas no bolso de tr\u00e1s da cal\u00e7a e dentro da cal\u00e7a parte da frente, Diante dos fatos foi feito contato na farm\u00e1cia e foi reconhecido como sendo de propriedade do local. Dado voz de pris\u00e3o em flagrante onde permaneceu preso \u00e0 disposi\u00e7\u00e3o da Justi\u00e7a.<\/p>\n<p style=\"text-align: justify;\">Fonte: Com. Social 25\u00ba BPM\/I<\/p>\n","protected":false},"excerpt":{"rendered":"<p>Na data de ontem (03) por volta das 21h45min na cidade de Dracena, em patrulhamento pela avenida Presidente Vargas na altura do cruzamento com a rua monte castelo avistamos o indiv\u00edduo que saiu correndo do\u00a0\u00a0interior de uma farm\u00e1cia sentido pra\u00e7a Arthur Pagnozzi, momento que suspeitando da atitude do indiv\u00edduo foi realizado o acompanhamento at\u00e9 o [&hellip;]<\/p>\n","protected":false},"author":1,"featured_media":32100,"comment_status":"closed","ping_status":"open","sticky":false,"template":"","format":"standard","meta":{"footnotes":""},"categories":[110,2],"tags":[],"class_list":["post-32099","post","type-post","status-publish","format-standard","has-post-thumbnail","hentry","category-noticiasdestaque","category-policial"],"_links":{"self":[{"href":"https:\/\/jorgezanoni.com.br\/2019\/wp-json\/wp\/v2\/posts\/32099","targetHints":{"allow":["GET"]}}],"collection":[{"href":"https:\/\/jorgezanoni.com.br\/2019\/wp-json\/wp\/v2\/posts"}],"about":[{"href":"https:\/\/jorgezanoni.com.br\/2019\/wp-json\/wp\/v2\/types\/post"}],"author":[{"embeddable":true,"href":"https:\/\/jorgezanoni.com.br\/2019\/wp-json\/wp\/v2\/users\/1"}],"replies":[{"embeddable":true,"href":"https:\/\/jorgezanoni.com.br\/2019\/wp-json\/wp\/v2\/comments?post=32099"}],"version-history":[{"count":0,"href":"https:\/\/jorgezanoni.com.br\/2019\/wp-json\/wp\/v2\/posts\/32099\/revisions"}],"wp:featuredmedia":[{"embeddable":true,"href":"https:\/\/jorgezanoni.com.br\/2019\/wp-json\/wp\/v2\/media\/32100"}],"wp:attachment":[{"href":"https:\/\/jorgezanoni.com.br\/2019\/wp-json\/wp\/v2\/media?parent=32099"}],"wp:term":[{"taxonomy":"category","embeddable":true,"href":"https:\/\/jorgezanoni.com.br\/2019\/wp-json\/wp\/v2\/categories?post=32099"},{"taxonomy":"post_tag","embeddable":true,"href":"https:\/\/jorgezanoni.com.br\/2019\/wp-json\/wp\/v2\/tags?post=32099"}],"curies":[{"name":"wp","href":"https:\/\/api.w.org\/{rel}","templated":true}]}}