{"id":32090,"date":"2020-08-05T00:30:36","date_gmt":"2020-08-05T00:30:36","guid":{"rendered":"https:\/\/jorgezanoni.com.br\/2019\/?p=32090"},"modified":"2020-08-05T00:30:36","modified_gmt":"2020-08-05T00:30:36","slug":"caminhonete-tem-grande-parte-destruida-por-fogo-em-zona-rural-de-dracena","status":"publish","type":"post","link":"https:\/\/jorgezanoni.com.br\/2019\/caminhonete-tem-grande-parte-destruida-por-fogo-em-zona-rural-de-dracena\/","title":{"rendered":"Caminhonete tem grande parte destru\u00edda por fogo em zona rural de Dracena"},"content":{"rendered":"<p style=\"text-align: justify;\">Por volta de 13:30 Horas desta ter\u00e7a-feira (4), uma guarni\u00e7\u00e3o do Corpo de Bombeiros de Dracena atendeu um inc\u00eandio em ve\u00edculo na Estrada que demanda ao Bairro Maquininha.<\/p>\n<p style=\"text-align: justify;\">Segundo informa\u00e7\u00f5es obtidas pela reportagem do <strong>SITE JORGE ZANONI<\/strong>, trata-se de uma Caminhonete S-10. Ningu\u00e9m se feriu.<\/p>\n<p><img loading=\"lazy\" decoding=\"async\" class=\"alignnone size-full wp-image-32091\" src=\"https:\/\/jorgezanoni.com.br\/2019\/wp-content\/uploads\/2020\/08\/maqui.jpg\" alt=\"\" width=\"960\" height=\"1280\" srcset=\"https:\/\/jorgezanoni.com.br\/2019\/wp-content\/uploads\/2020\/08\/maqui.jpg 960w, https:\/\/jorgezanoni.com.br\/2019\/wp-content\/uploads\/2020\/08\/maqui-225x300.jpg 225w, https:\/\/jorgezanoni.com.br\/2019\/wp-content\/uploads\/2020\/08\/maqui-768x1024.jpg 768w, https:\/\/jorgezanoni.com.br\/2019\/wp-content\/uploads\/2020\/08\/maqui-696x928.jpg 696w, https:\/\/jorgezanoni.com.br\/2019\/wp-content\/uploads\/2020\/08\/maqui-315x420.jpg 315w\" sizes=\"auto, (max-width: 960px) 100vw, 960px\" \/><\/p>\n<p style=\"text-align: justify;\">Jorge Zanoni<\/p>\n<p style=\"text-align: justify;\">Fotos de Internauta<\/p>\n","protected":false},"excerpt":{"rendered":"<p>Por volta de 13:30 Horas desta ter\u00e7a-feira (4), uma guarni\u00e7\u00e3o do Corpo de Bombeiros de Dracena atendeu um inc\u00eandio em ve\u00edculo na Estrada que demanda ao Bairro Maquininha. Segundo informa\u00e7\u00f5es obtidas pela reportagem do SITE JORGE ZANONI, trata-se de uma Caminhonete S-10. Ningu\u00e9m se feriu. Jorge Zanoni Fotos de Internauta<\/p>\n","protected":false},"author":1,"featured_media":32092,"comment_status":"closed","ping_status":"open","sticky":false,"template":"","format":"standard","meta":{"footnotes":""},"categories":[110,2],"tags":[],"class_list":["post-32090","post","type-post","status-publish","format-standard","has-post-thumbnail","hentry","category-noticiasdestaque","category-policial"],"_links":{"self":[{"href":"https:\/\/jorgezanoni.com.br\/2019\/wp-json\/wp\/v2\/posts\/32090","targetHints":{"allow":["GET"]}}],"collection":[{"href":"https:\/\/jorgezanoni.com.br\/2019\/wp-json\/wp\/v2\/posts"}],"about":[{"href":"https:\/\/jorgezanoni.com.br\/2019\/wp-json\/wp\/v2\/types\/post"}],"author":[{"embeddable":true,"href":"https:\/\/jorgezanoni.com.br\/2019\/wp-json\/wp\/v2\/users\/1"}],"replies":[{"embeddable":true,"href":"https:\/\/jorgezanoni.com.br\/2019\/wp-json\/wp\/v2\/comments?post=32090"}],"version-history":[{"count":0,"href":"https:\/\/jorgezanoni.com.br\/2019\/wp-json\/wp\/v2\/posts\/32090\/revisions"}],"wp:featuredmedia":[{"embeddable":true,"href":"https:\/\/jorgezanoni.com.br\/2019\/wp-json\/wp\/v2\/media\/32092"}],"wp:attachment":[{"href":"https:\/\/jorgezanoni.com.br\/2019\/wp-json\/wp\/v2\/media?parent=32090"}],"wp:term":[{"taxonomy":"category","embeddable":true,"href":"https:\/\/jorgezanoni.com.br\/2019\/wp-json\/wp\/v2\/categories?post=32090"},{"taxonomy":"post_tag","embeddable":true,"href":"https:\/\/jorgezanoni.com.br\/2019\/wp-json\/wp\/v2\/tags?post=32090"}],"curies":[{"name":"wp","href":"https:\/\/api.w.org\/{rel}","templated":true}]}}