{"id":32084,"date":"2020-08-04T23:29:36","date_gmt":"2020-08-04T23:29:36","guid":{"rendered":"https:\/\/jorgezanoni.com.br\/2019\/?p=32084"},"modified":"2020-08-04T23:29:36","modified_gmt":"2020-08-04T23:29:36","slug":"vitima-denuncia-agressao-e-homem-acaba-preso-em-flagrante-por-violencia-domestica-em-dracena","status":"publish","type":"post","link":"https:\/\/jorgezanoni.com.br\/2019\/vitima-denuncia-agressao-e-homem-acaba-preso-em-flagrante-por-violencia-domestica-em-dracena\/","title":{"rendered":"V\u00edtima denuncia agress\u00e3o e homem acaba preso em flagrante por viol\u00eancia dom\u00e9stica, em Dracena"},"content":{"rendered":"<h2 class=\"content-head__subtitle\" style=\"text-align: justify;\"><strong>Mulher de 23 anos apresentava ferimentos pelo corpo. Crime, no bairro Portal dos Girass\u00f3is, foi registrado na madrugada desta ter\u00e7a-feira (4).<\/strong><\/h2>\n<div class=\"mc-column content-text active-extra-styles active-capital-letter\" data-block-type=\"unstyled\" data-block-weight=\"37\" data-block-id=\"1\">\n<p class=\"content-text__container theme-color-primary-first-letter\" style=\"text-align: justify;\" data-track-category=\"Link no Texto\" data-track-links=\"\">Um homem de 31 anos foi preso em flagrante por viol\u00eancia dom\u00e9stica, em\u00a0<a href=\"http:\/\/g1.globo.com\/sp\/presidente-prudente-regiao\/cidade\/dracena.html\">Dracena<\/a>. A v\u00edtima, de 23 anos, apresentava ferimentos pelo corpo. O crime, no bairro Portal dos Girass\u00f3is, foi registrado na madrugada desta ter\u00e7a-feira (4).<\/p>\n<\/div>\n<div class=\"wall protected-content\">\n<div class=\"mc-column content-text active-extra-styles \" style=\"text-align: justify;\" data-block-type=\"unstyled\" data-block-weight=\"36\" data-block-id=\"2\">\n<p class=\"content-text__container \" data-track-category=\"Link no Texto\" data-track-links=\"\">A v\u00edtima acionou a Pol\u00edcia Militar e declarou que o indiv\u00edduo tentou mat\u00e1-la. A mulher ainda contou que foi agredida e foi constatado que estavam feridos a m\u00e3o direita, pesco\u00e7o, ombro direito e p\u00e9 esquerdo.<\/p>\n<\/div>\n<div class=\"mc-column content-text active-extra-styles \" data-block-type=\"unstyled\" data-block-weight=\"23\" data-block-id=\"3\">\n<p class=\"content-text__container \" style=\"text-align: justify;\" data-track-category=\"Link no Texto\" data-track-links=\"\">O indiv\u00edduo foi localizado na casa da irm\u00e3 e n\u00e3o ofereceu resist\u00eancia no momento de sua condu\u00e7\u00e3o. Ele permaneceu \u00e0 disposi\u00e7\u00e3o da Justi\u00e7a.<\/p>\n<p style=\"text-align: justify;\" data-track-category=\"Link no Texto\" data-track-links=\"\">Fonte: G1 e Com. Social 25\u00ba BPM\/I<\/p>\n<\/div>\n<\/div>\n","protected":false},"excerpt":{"rendered":"<p>Mulher de 23 anos apresentava ferimentos pelo corpo. Crime, no bairro Portal dos Girass\u00f3is, foi registrado na madrugada desta ter\u00e7a-feira (4). Um homem de 31 anos foi preso em flagrante por viol\u00eancia dom\u00e9stica, em\u00a0Dracena. A v\u00edtima, de 23 anos, apresentava ferimentos pelo corpo. O crime, no bairro Portal dos Girass\u00f3is, foi registrado na madrugada desta [&hellip;]<\/p>\n","protected":false},"author":1,"featured_media":32085,"comment_status":"closed","ping_status":"open","sticky":false,"template":"","format":"standard","meta":{"footnotes":""},"categories":[110,2],"tags":[],"class_list":["post-32084","post","type-post","status-publish","format-standard","has-post-thumbnail","hentry","category-noticiasdestaque","category-policial"],"_links":{"self":[{"href":"https:\/\/jorgezanoni.com.br\/2019\/wp-json\/wp\/v2\/posts\/32084","targetHints":{"allow":["GET"]}}],"collection":[{"href":"https:\/\/jorgezanoni.com.br\/2019\/wp-json\/wp\/v2\/posts"}],"about":[{"href":"https:\/\/jorgezanoni.com.br\/2019\/wp-json\/wp\/v2\/types\/post"}],"author":[{"embeddable":true,"href":"https:\/\/jorgezanoni.com.br\/2019\/wp-json\/wp\/v2\/users\/1"}],"replies":[{"embeddable":true,"href":"https:\/\/jorgezanoni.com.br\/2019\/wp-json\/wp\/v2\/comments?post=32084"}],"version-history":[{"count":0,"href":"https:\/\/jorgezanoni.com.br\/2019\/wp-json\/wp\/v2\/posts\/32084\/revisions"}],"wp:featuredmedia":[{"embeddable":true,"href":"https:\/\/jorgezanoni.com.br\/2019\/wp-json\/wp\/v2\/media\/32085"}],"wp:attachment":[{"href":"https:\/\/jorgezanoni.com.br\/2019\/wp-json\/wp\/v2\/media?parent=32084"}],"wp:term":[{"taxonomy":"category","embeddable":true,"href":"https:\/\/jorgezanoni.com.br\/2019\/wp-json\/wp\/v2\/categories?post=32084"},{"taxonomy":"post_tag","embeddable":true,"href":"https:\/\/jorgezanoni.com.br\/2019\/wp-json\/wp\/v2\/tags?post=32084"}],"curies":[{"name":"wp","href":"https:\/\/api.w.org\/{rel}","templated":true}]}}