{"id":32081,"date":"2020-08-04T23:08:31","date_gmt":"2020-08-04T23:08:31","guid":{"rendered":"https:\/\/jorgezanoni.com.br\/2019\/?p=32081"},"modified":"2020-08-04T23:08:31","modified_gmt":"2020-08-04T23:08:31","slug":"apos-investigacao-motorista-e-flagrado-com-65-tabletes-de-cocaina-escondidos-sob-carga-de-pedra","status":"publish","type":"post","link":"https:\/\/jorgezanoni.com.br\/2019\/apos-investigacao-motorista-e-flagrado-com-65-tabletes-de-cocaina-escondidos-sob-carga-de-pedra\/","title":{"rendered":"Ap\u00f3s investiga\u00e7\u00e3o, motorista \u00e9 flagrado com 65 tabletes de coca\u00edna escondidos sob carga de pedra"},"content":{"rendered":"<h2 class=\"content-head__subtitle\" style=\"text-align: justify;\"><strong>Homem foi preso em flagrante nesta segunda-feira (3), em Santa Mercedes. Ve\u00edculo foi parado na Rodovia Comandante Jo\u00e3o Ribeiro de Barros (SP-294).<\/strong><\/h2>\n<div class=\"mc-column content-text active-extra-styles \" data-block-type=\"unstyled\" data-block-weight=\"41\" data-block-id=\"2\">\n<p class=\"content-text__container \" style=\"text-align: justify;\" data-track-category=\"Link no Texto\" data-track-links=\"\">O Departamento Estadual de Investiga\u00e7\u00f5es Criminais (Deic) apreendeu 65 tabletes de coca\u00edna, nesta segunda-feira (3), em Santa Mercedes. De acordo com a Pol\u00edcia Civil, a droga estava em um caminh\u00e3o, que foi parado na Rodovia Comandante Jo\u00e3o Ribeiro de Barros (SP-294).<\/p>\n<\/div>\n<div class=\"wall protected-content\">\n<div class=\"mc-column content-text active-extra-styles \" style=\"text-align: justify;\" data-block-type=\"unstyled\" data-block-weight=\"42\" data-block-id=\"3\">\n<p class=\"content-text__container \" data-track-category=\"Link no Texto\" data-track-links=\"\">Ainda segundo a corpora\u00e7\u00e3o, as investiga\u00e7\u00f5es da 6\u00aa Delegacia da Divis\u00e3o de Investiga\u00e7\u00f5es sobre Crimes contra o Patrim\u00f4nio (Disccpat) levaram as equipes at\u00e9 um caminh\u00e3o que, a servi\u00e7o de uma organiza\u00e7\u00e3o criminosa, &#8220;transportava os entorpecentes escondidos sob uma carga de pedra gusa&#8221;.<\/p>\n<\/div>\n<div class=\"mc-column content-text active-extra-styles \" style=\"text-align: justify;\" data-block-type=\"unstyled\" data-block-weight=\"23\" data-block-id=\"4\">\n<p class=\"content-text__container \" data-track-category=\"Link no Texto\" data-track-links=\"\">De acordo com a pol\u00edcia, o motorista foi preso em flagrante e levado para a delegacia, onde foi indiciado por tr\u00e1fico de drogas.<\/p>\n<\/div>\n<div class=\"mc-column content-text active-extra-styles \" style=\"text-align: justify;\" data-block-type=\"unstyled\" data-block-weight=\"7\" data-block-id=\"5\">\n<p class=\"content-text__container \" data-track-category=\"Link no Texto\" data-track-links=\"\">Os entorpecentes e o caminh\u00e3o foram apreendidos.<\/p>\n<\/div>\n<div class=\"row medium-uncollapsed content-media content-photo\" data-block-type=\"backstage-photo\" data-block-id=\"6\">\n<div class=\"mc-column content-media__container\">\n<figure style=\"text-align: justify;\"><img decoding=\"async\" class=\"i-amphtml-fill-content i-amphtml-replaced-content\" src=\"https:\/\/s2.glbimg.com\/qupRGsOXgFvLnDhMvSUVS1G7raM=\/0x0:1000x750\/984x0\/smart\/filters:strip_icc()\/i.s3.glbimg.com\/v1\/AUTH_59edd422c0c84a879bd37670ae4f538a\/internal_photos\/bs\/2020\/b\/v\/CZ99s4Q0WK62DIMSjiGA\/00041615.jpeg\" sizes=\"(max-width: 1242px) 648px, 100vw\" srcset=\"https:\/\/s2.glbimg.com\/eiHQ0ndxeEPofC8TebffY0ph5vs=\/0x0:1000x750\/1000x0\/smart\/filters:strip_icc()\/i.s3.glbimg.com\/v1\/AUTH_59edd422c0c84a879bd37670ae4f538a\/internal_photos\/bs\/2020\/b\/v\/CZ99s4Q0WK62DIMSjiGA\/00041615.jpeg 1000w, https:\/\/s2.glbimg.com\/qupRGsOXgFvLnDhMvSUVS1G7raM=\/0x0:1000x750\/984x0\/smart\/filters:strip_icc()\/i.s3.glbimg.com\/v1\/AUTH_59edd422c0c84a879bd37670ae4f538a\/internal_photos\/bs\/2020\/b\/v\/CZ99s4Q0WK62DIMSjiGA\/00041615.jpeg 984w, https:\/\/s2.glbimg.com\/Yp-yfOmcRMREeNSxukvfmnBJAtM=\/0x0:1000x750\/640x0\/smart\/filters:strip_icc()\/i.s3.glbimg.com\/v1\/AUTH_59edd422c0c84a879bd37670ae4f538a\/internal_photos\/bs\/2020\/b\/v\/CZ99s4Q0WK62DIMSjiGA\/00041615.jpeg 640w, https:\/\/s2.glbimg.com\/s-_5Te-kQcKAnKnS4_wMJYgmErs=\/0x0:1000x750\/600x0\/smart\/filters:strip_icc()\/i.s3.glbimg.com\/v1\/AUTH_59edd422c0c84a879bd37670ae4f538a\/internal_photos\/bs\/2020\/b\/v\/CZ99s4Q0WK62DIMSjiGA\/00041615.jpeg 600w\" alt=\"Tabletes de coca\u00edna estavam escondidos em um caminh\u00e3o \u2014 Foto: Pol\u00edcia Civil\" \/><\/figure>\n<p class=\"content-media__description \" style=\"text-align: justify;\">Tabletes de coca\u00edna estavam escondidos em um caminh\u00e3o \u2014 Foto: Pol\u00edcia Civil<\/p>\n<p style=\"text-align: justify;\">Fonte: G1<\/p>\n<\/div>\n<\/div>\n<\/div>\n","protected":false},"excerpt":{"rendered":"<p>Homem foi preso em flagrante nesta segunda-feira (3), em Santa Mercedes. Ve\u00edculo foi parado na Rodovia Comandante Jo\u00e3o Ribeiro de Barros (SP-294). O Departamento Estadual de Investiga\u00e7\u00f5es Criminais (Deic) apreendeu 65 tabletes de coca\u00edna, nesta segunda-feira (3), em Santa Mercedes. De acordo com a Pol\u00edcia Civil, a droga estava em um caminh\u00e3o, que foi parado [&hellip;]<\/p>\n","protected":false},"author":1,"featured_media":32082,"comment_status":"closed","ping_status":"open","sticky":false,"template":"","format":"standard","meta":{"footnotes":""},"categories":[110,2],"tags":[],"class_list":["post-32081","post","type-post","status-publish","format-standard","has-post-thumbnail","hentry","category-noticiasdestaque","category-policial"],"_links":{"self":[{"href":"https:\/\/jorgezanoni.com.br\/2019\/wp-json\/wp\/v2\/posts\/32081","targetHints":{"allow":["GET"]}}],"collection":[{"href":"https:\/\/jorgezanoni.com.br\/2019\/wp-json\/wp\/v2\/posts"}],"about":[{"href":"https:\/\/jorgezanoni.com.br\/2019\/wp-json\/wp\/v2\/types\/post"}],"author":[{"embeddable":true,"href":"https:\/\/jorgezanoni.com.br\/2019\/wp-json\/wp\/v2\/users\/1"}],"replies":[{"embeddable":true,"href":"https:\/\/jorgezanoni.com.br\/2019\/wp-json\/wp\/v2\/comments?post=32081"}],"version-history":[{"count":0,"href":"https:\/\/jorgezanoni.com.br\/2019\/wp-json\/wp\/v2\/posts\/32081\/revisions"}],"wp:featuredmedia":[{"embeddable":true,"href":"https:\/\/jorgezanoni.com.br\/2019\/wp-json\/wp\/v2\/media\/32082"}],"wp:attachment":[{"href":"https:\/\/jorgezanoni.com.br\/2019\/wp-json\/wp\/v2\/media?parent=32081"}],"wp:term":[{"taxonomy":"category","embeddable":true,"href":"https:\/\/jorgezanoni.com.br\/2019\/wp-json\/wp\/v2\/categories?post=32081"},{"taxonomy":"post_tag","embeddable":true,"href":"https:\/\/jorgezanoni.com.br\/2019\/wp-json\/wp\/v2\/tags?post=32081"}],"curies":[{"name":"wp","href":"https:\/\/api.w.org\/{rel}","templated":true}]}}