{"id":32073,"date":"2020-08-04T22:05:38","date_gmt":"2020-08-04T22:05:38","guid":{"rendered":"https:\/\/jorgezanoni.com.br\/2019\/?p=32073"},"modified":"2020-08-04T22:06:46","modified_gmt":"2020-08-04T22:06:46","slug":"explosao-em-beirute-deixa-pelo-menos-73-mortos-e-27-mil-feridos","status":"publish","type":"post","link":"https:\/\/jorgezanoni.com.br\/2019\/explosao-em-beirute-deixa-pelo-menos-73-mortos-e-27-mil-feridos\/","title":{"rendered":"Explos\u00e3o em Beirute deixa pelo menos 73 mortos e 2,7 mil feridos"},"content":{"rendered":"<h2 class=\"content-head__subtitle\" style=\"text-align: justify;\"><strong>A explos\u00e3o aconteceu em um dep\u00f3sito de nitrato de am\u00f4nio na zona portu\u00e1ria e n\u00e3o h\u00e1 evid\u00eancia de que se trate de um atentado terrorista.<\/strong><\/h2>\n<div class=\"mc-column content-text active-extra-styles \" data-block-type=\"unstyled\" data-block-weight=\"47\" data-block-id=\"2\">\n<p class=\"content-text__container \" style=\"text-align: justify;\" data-track-category=\"Link no Texto\" data-track-links=\"\">Uma explos\u00e3o na regi\u00e3o portu\u00e1ria de Beirute deixou\u00a0<span class=\"highlight highlighted\">ao menos 73 mortos e cerca de 2,7 mil feridos\u00a0<\/span>nesta ter\u00e7a-feira (4), segundo a contagem oficial do governo do\u00a0<a href=\"https:\/\/g1.globo.com\/tudo-sobre\/libano\/\">L\u00edbano<\/a>. A suspeita \u00e9 que a explos\u00e3o tenha atingido um armaz\u00e9m que guardava grandes quantidades de nitrato de am\u00f4nio.<\/p>\n<\/div>\n<div class=\"wall protected-content\">\n<div class=\"mc-column content-text active-extra-styles \" style=\"text-align: justify;\" data-block-type=\"unstyled\" data-block-weight=\"43\" data-block-id=\"3\">\n<p class=\"content-text__container \" data-track-category=\"Link no Texto\" data-track-links=\"\">O presidente do pa\u00eds, Michel Aoun, disse que a capital deve declarar estado de emerg\u00eancia para as pr\u00f3ximas duas semanas e defendeu ser<span class=\"highlight highlighted\">\u00a0&#8220;inaceit\u00e1vel&#8221; que 2.750 toneladas de nitrato de am\u00f4nio fossem armazenadas<\/span>\u00a0por seis anos em um dep\u00f3sito sem a seguran\u00e7a necess\u00e1ria.<\/p>\n<\/div>\n<div class=\"mc-column content-text active-extra-styles\" style=\"text-align: justify;\" data-block-type=\"raw\" data-block-weight=\"32\" data-block-id=\"4\">\n<ul class=\"content-unordered-list\">\n<li><a href=\"https:\/\/g1.globo.com\/mundo\/noticia\/2020\/08\/04\/explosao-em-beirute-fotos.ghtml\"><strong>Explos\u00e3o em Beirute; FOTOS<\/strong><\/a><\/li>\n<li><a href=\"https:\/\/g1.globo.com\/playlist\/videos-explosao-em-beirute-no-libano.ghtml\"><strong>V\u00cdDEOS da explos\u00e3o em Beirute<\/strong><\/a><\/li>\n<li><a href=\"https:\/\/g1.globo.com\/mundo\/noticia\/2020\/08\/04\/veja-como-era-a-regiao-portuaria-de-beirute-antes-da-explosao.ghtml\"><strong>Veja como era a o porto de Beirute antes da explos\u00e3o<\/strong><\/a><\/li>\n<li><a href=\"https:\/\/g1.globo.com\/mundo\/noticia\/2020\/08\/04\/especialistas-avaliam-explosao-em-beirute-onda-de-choque-e-calor-e-nitida.ghtml\"><strong>Especialistas avaliam explos\u00e3o em Beirute: &#8216;onda de choque e calor \u00e9 n\u00edtida&#8217;<\/strong><\/a><\/li>\n<\/ul>\n<\/div>\n<div class=\"mc-column content-text active-extra-styles \" style=\"text-align: justify;\" data-block-type=\"unstyled\" data-block-weight=\"42\" data-block-id=\"5\">\n<p class=\"content-text__container \" data-track-category=\"Link no Texto\" data-track-links=\"\">O primeiro-ministro liban\u00eas, Hassan Diab, disse em um pronunciamento que o pa\u00eds enfrenta uma cat\u00e1strofe e\u00a0<span class=\"highlight highlighted\">declarou luto oficial de tr\u00eas dias<\/span>. Ele disse tamb\u00e9m que o governo ir\u00e1 investigar os respons\u00e1veis pelo armaz\u00e9m que funcionava no porto da capital desde 2014.<\/p>\n<\/div>\n<div class=\"mc-column content-text active-extra-styles \" data-block-type=\"unstyled\" data-block-weight=\"27\" data-block-id=\"6\">\n<p class=\"content-text__container \" style=\"text-align: justify;\" data-track-category=\"Link no Texto\" data-track-links=\"\">Apesar de o pa\u00eds j\u00e1 ter sido alvo de terroristas e viver per\u00edodo de instabilidade pol\u00edtica,\u00a0<span class=\"highlight highlighted\">n\u00e3o h\u00e1 evid\u00eancia de que se trate de um atentado terrorista.<\/span><\/p>\n<div class=\"mc-column content-text active-extra-styles \" style=\"text-align: justify;\" data-block-type=\"unstyled\" data-block-weight=\"56\" data-block-id=\"9\">\n<p class=\"content-text__container \" data-track-category=\"Link no Texto\" data-track-links=\"\">A explos\u00e3o no porto causou destrui\u00e7\u00e3o em larga escala e quebrou o vidro de janelas a quil\u00f4metros de dist\u00e2ncia. Alguns barcos que navegavam pr\u00f3ximos \u00e0 costa do L\u00edbano chegaram a ser balan\u00e7ados pela for\u00e7a da explos\u00e3o. As explos\u00f5es chegaram a ser ouvidas em Larnaca, no Chipre, a pouco mais de 200 km da costa libanesa.<\/p>\n<\/div>\n<div class=\"mc-column content-text active-extra-styles\" style=\"text-align: justify;\" data-block-type=\"raw\" data-block-weight=\"12\" data-block-id=\"10\">\n<ul class=\"content-unordered-list\">\n<li><a href=\"https:\/\/g1.globo.com\/mundo\/noticia\/2020\/08\/04\/explosao-em-beirute-o-que-sabe-e-o-que-falta-saber.ghtml\">Explos\u00e3o em Beirute: o que se sabe e o que falta saber<\/a><\/li>\n<\/ul>\n<\/div>\n<div class=\"mc-column content-text active-extra-styles \" style=\"text-align: justify;\" data-block-type=\"unstyled\" data-block-weight=\"40\" data-block-id=\"11\">\n<p class=\"content-text__container \" data-track-category=\"Link no Texto\" data-track-links=\"\">O chefe de seguran\u00e7a interna do L\u00edbano, Abbas Ibrahim, disse em entrevista a uma rede de televis\u00e3o que a explos\u00e3o aconteceu em uma\u00a0<span class=\"highlight highlighted\">\u00e1rea que armazena materiais altamente explosivos<\/span>, o nitrato de am\u00f4nio, mas que n\u00e3o s\u00e3o explosivos em si.<\/p>\n<\/div>\n<div class=\"mc-column content-text active-extra-styles \" style=\"text-align: justify;\" data-block-type=\"unstyled\" data-block-weight=\"41\" data-block-id=\"12\">\n<p class=\"content-text__container \" data-track-category=\"Link no Texto\" data-track-links=\"\">Uma embarca\u00e7\u00e3o da For\u00e7a Interina das Na\u00e7\u00f5es Unidas no L\u00edbano (UNIFIL) foi danificada ap\u00f3s a explos\u00e3o no porto. Em um comunicado, os capacetes azuis informaram que alguns membros da miss\u00e3o de paz se feriram e foram transferidos para hospitais do pa\u00eds.<\/p>\n<\/div>\n<div class=\"row medium-uncollapsed content-media content-photo\" style=\"text-align: justify;\" data-block-type=\"backstage-photo\" data-block-id=\"13\">\n<div class=\"mc-column content-media__container\">\n<figure><img decoding=\"async\" class=\"i-amphtml-fill-content i-amphtml-replaced-content\" src=\"https:\/\/s2.glbimg.com\/J-fjEfT_FKAW03ifIZ_Q5y40LWU=\/0x0:650x1877\/984x0\/smart\/filters:strip_icc()\/i.s3.glbimg.com\/v1\/AUTH_59edd422c0c84a879bd37670ae4f538a\/internal_photos\/bs\/2020\/m\/D\/pdVOAbQBaHFKa8xAoSHQ\/explosao-beirute-v7-3-.png\" sizes=\"(max-width: 1242px) 648px, 100vw\" srcset=\"https:\/\/s2.glbimg.com\/0L_RSZhCpcFqbSLu8zOXcov7fb4=\/0x0:650x1877\/1000x0\/smart\/filters:strip_icc()\/i.s3.glbimg.com\/v1\/AUTH_59edd422c0c84a879bd37670ae4f538a\/internal_photos\/bs\/2020\/m\/D\/pdVOAbQBaHFKa8xAoSHQ\/explosao-beirute-v7-3-.png 1000w, https:\/\/s2.glbimg.com\/J-fjEfT_FKAW03ifIZ_Q5y40LWU=\/0x0:650x1877\/984x0\/smart\/filters:strip_icc()\/i.s3.glbimg.com\/v1\/AUTH_59edd422c0c84a879bd37670ae4f538a\/internal_photos\/bs\/2020\/m\/D\/pdVOAbQBaHFKa8xAoSHQ\/explosao-beirute-v7-3-.png 984w, https:\/\/s2.glbimg.com\/t24cpmT_cNTEGJI5Ia-sw4OHoYM=\/0x0:650x1877\/640x0\/smart\/filters:strip_icc()\/i.s3.glbimg.com\/v1\/AUTH_59edd422c0c84a879bd37670ae4f538a\/internal_photos\/bs\/2020\/m\/D\/pdVOAbQBaHFKa8xAoSHQ\/explosao-beirute-v7-3-.png 640w, https:\/\/s2.glbimg.com\/CGWxb34ky1CtltruEWOtAOzDcZ8=\/0x0:650x1877\/600x0\/smart\/filters:strip_icc()\/i.s3.glbimg.com\/v1\/AUTH_59edd422c0c84a879bd37670ae4f538a\/internal_photos\/bs\/2020\/m\/D\/pdVOAbQBaHFKa8xAoSHQ\/explosao-beirute-v7-3-.png 600w\" alt=\"Mapa identifica a regi\u00e3o portu\u00e1ria de Beirute, onde aconteceu uma grande explos\u00e3o nesta ter\u00e7a-feira (4) \u2014 Foto: G1\" \/><\/figure>\n<p class=\"content-media__description \">Mapa identifica a regi\u00e3o portu\u00e1ria de Beirute, onde aconteceu uma grande explos\u00e3o nesta ter\u00e7a-feira (4) \u2014 Foto: G1<\/p>\n<\/div>\n<\/div>\n<div class=\"mc-column content-text active-extra-styles \" style=\"text-align: justify;\" data-block-type=\"unstyled\" data-block-weight=\"34\" data-block-id=\"14\">\n<p class=\"content-text__container \" data-track-category=\"Link no Texto\" data-track-links=\"\">Segundo a Cruz Vermelha, barcos foram mobilizados para resgatar pessoas que foram jogadas ao mar ap\u00f3s a explos\u00e3o. Tamb\u00e9m segundo a organiza\u00e7\u00e3o humanit\u00e1ria, ainda h\u00e1 gente presa nos escombros e dentro de suas casas.<\/p>\n<\/div>\n<div class=\"mc-column content-text active-extra-styles \" data-block-type=\"unstyled\" data-block-weight=\"43\" data-block-id=\"15\">\n<p class=\"content-text__container \" style=\"text-align: justify;\" data-track-category=\"Link no Texto\" data-track-links=\"\">A emissora libanesa LBCI informou que o hospital H\u00f4tel-Dieu de France, no centro da capital libanesa, atende a mais de 500 feridos. O governo da capital pede que os feridos sejam levados para atendimento em centros de sa\u00fade de fora da cidade.<\/p>\n<div class=\"mc-column content-text active-extra-styles\" style=\"text-align: justify;\" data-block-type=\"raw\" data-block-weight=\"15\" data-block-id=\"18\">\n<blockquote class=\"content-blockquote theme-border-color-primary-before\"><p>H\u00e1 opera\u00e7\u00f5es para retirar as pessoas da regi\u00e3o, de acordo com ag\u00eancia oficial, a NNA.<\/p><\/blockquote>\n<\/div>\n<div class=\"mc-column content-text active-extra-styles \" style=\"text-align: justify;\" data-block-type=\"unstyled\" data-block-weight=\"27\" data-block-id=\"19\">\n<p class=\"content-text__container \" data-track-category=\"Link no Texto\" data-track-links=\"\">Um fot\u00f3grafo da ag\u00eancia norte-americana Associated Press, que trabalha perto do porto de Beirute, contou ver\u00a0<span class=\"highlight highlighted\">pessoas feridas no ch\u00e3o<\/span>\u00a0e uma destrui\u00e7\u00e3o generalizada no local.<\/p>\n<\/div>\n<div class=\"row medium-uncollapsed content-media content-photo\" style=\"text-align: justify;\" data-block-type=\"backstage-photo\" data-block-id=\"20\">\n<div class=\"mc-column content-media__container\">\n<figure><img decoding=\"async\" class=\"i-amphtml-fill-content i-amphtml-replaced-content\" src=\"https:\/\/s2.glbimg.com\/O8IqJ37EsX-zKndmtJ62IIDIuMg=\/0x0:3228x2069\/984x0\/smart\/filters:strip_icc()\/i.s3.glbimg.com\/v1\/AUTH_59edd422c0c84a879bd37670ae4f538a\/internal_photos\/bs\/2020\/g\/l\/CeUz5kTsycU5AeNNLWLg\/000-1wa49v.jpg\" sizes=\"(max-width: 1242px) 648px, 100vw\" srcset=\"https:\/\/s2.glbimg.com\/Ch3rmtnBzHeqOjkw7wkf2rNWNnU=\/0x0:3228x2069\/1000x0\/smart\/filters:strip_icc()\/i.s3.glbimg.com\/v1\/AUTH_59edd422c0c84a879bd37670ae4f538a\/internal_photos\/bs\/2020\/g\/l\/CeUz5kTsycU5AeNNLWLg\/000-1wa49v.jpg 1000w, https:\/\/s2.glbimg.com\/O8IqJ37EsX-zKndmtJ62IIDIuMg=\/0x0:3228x2069\/984x0\/smart\/filters:strip_icc()\/i.s3.glbimg.com\/v1\/AUTH_59edd422c0c84a879bd37670ae4f538a\/internal_photos\/bs\/2020\/g\/l\/CeUz5kTsycU5AeNNLWLg\/000-1wa49v.jpg 984w, https:\/\/s2.glbimg.com\/MJ6-nvNzIlKpL62qyH1QgUOQmqA=\/0x0:3228x2069\/640x0\/smart\/filters:strip_icc()\/i.s3.glbimg.com\/v1\/AUTH_59edd422c0c84a879bd37670ae4f538a\/internal_photos\/bs\/2020\/g\/l\/CeUz5kTsycU5AeNNLWLg\/000-1wa49v.jpg 640w, https:\/\/s2.glbimg.com\/_Lh_JorLpcL16gGH8-YrBe4USbw=\/0x0:3228x2069\/600x0\/smart\/filters:strip_icc()\/i.s3.glbimg.com\/v1\/AUTH_59edd422c0c84a879bd37670ae4f538a\/internal_photos\/bs\/2020\/g\/l\/CeUz5kTsycU5AeNNLWLg\/000-1wa49v.jpg 600w\" alt=\"Enfermeiro cuida de mulher ferida em explos\u00e3o na zona portu\u00e1ria de Beirute, no L\u00edbano \u2014 Foto: IBRAHIM AMRO\/AFP\" \/><\/figure>\n<p class=\"content-media__description \">Enfermeiro cuida de mulher ferida em explos\u00e3o na zona portu\u00e1ria de Beirute, no L\u00edbano \u2014 Foto: IBRAHIM AMRO\/AFP<\/p>\n<\/div>\n<\/div>\n<div class=\"row medium-uncollapsed content-media content-photo\" data-block-type=\"backstage-photo\" data-block-id=\"21\">\n<div class=\"mc-column content-media__container\">\n<figure style=\"text-align: justify;\"><img decoding=\"async\" class=\"i-amphtml-fill-content i-amphtml-replaced-content\" src=\"https:\/\/s2.glbimg.com\/-QHWJuOIQ3xcKZTCz7C2njuY8Ys=\/0x0:2949x2000\/984x0\/smart\/filters:strip_icc()\/i.s3.glbimg.com\/v1\/AUTH_59edd422c0c84a879bd37670ae4f538a\/internal_photos\/bs\/2020\/I\/2\/fMVXRBTYC1IqCNXAnTHA\/000-1wa2jm-b.jpg\" sizes=\"(max-width: 1242px) 648px, 100vw\" srcset=\"https:\/\/s2.glbimg.com\/5wzJP8yBnng3rLQBt3MfRRkl1bU=\/0x0:2949x2000\/1000x0\/smart\/filters:strip_icc()\/i.s3.glbimg.com\/v1\/AUTH_59edd422c0c84a879bd37670ae4f538a\/internal_photos\/bs\/2020\/I\/2\/fMVXRBTYC1IqCNXAnTHA\/000-1wa2jm-b.jpg 1000w, https:\/\/s2.glbimg.com\/-QHWJuOIQ3xcKZTCz7C2njuY8Ys=\/0x0:2949x2000\/984x0\/smart\/filters:strip_icc()\/i.s3.glbimg.com\/v1\/AUTH_59edd422c0c84a879bd37670ae4f538a\/internal_photos\/bs\/2020\/I\/2\/fMVXRBTYC1IqCNXAnTHA\/000-1wa2jm-b.jpg 984w, https:\/\/s2.glbimg.com\/Tr_NY8xkBigDvdHXLFf-OvzrEmY=\/0x0:2949x2000\/640x0\/smart\/filters:strip_icc()\/i.s3.glbimg.com\/v1\/AUTH_59edd422c0c84a879bd37670ae4f538a\/internal_photos\/bs\/2020\/I\/2\/fMVXRBTYC1IqCNXAnTHA\/000-1wa2jm-b.jpg 640w, https:\/\/s2.glbimg.com\/Jal0IQA7SXLvBgmd8RtpSx0nsDw=\/0x0:2949x2000\/600x0\/smart\/filters:strip_icc()\/i.s3.glbimg.com\/v1\/AUTH_59edd422c0c84a879bd37670ae4f538a\/internal_photos\/bs\/2020\/I\/2\/fMVXRBTYC1IqCNXAnTHA\/000-1wa2jm-b.jpg 600w\" alt=\"Homem ferido \u00e9 examinado por um bombeiro perto do local da explos\u00e3o em um porto de Beirute nesta ter\u00e7a (4) \u2014 Foto: Anwar Amro\/AFP\" \/><\/figure>\n<p class=\"content-media__description \" style=\"text-align: justify;\">Homem ferido \u00e9 examinado por um bombeiro perto do local da explos\u00e3o em um porto de Beirute nesta ter\u00e7a (4) \u2014 Foto: Anwar Amro\/AFP<\/p>\n<div class=\"row medium-uncollapsed content-media content-photo\" style=\"text-align: justify;\" data-block-type=\"backstage-photo\" data-block-id=\"24\">\n<div class=\"mc-column content-media__container\">\n<figure><img decoding=\"async\" class=\"i-amphtml-fill-content i-amphtml-replaced-content\" src=\"https:\/\/s2.glbimg.com\/pqjuhwGF9sza9o_7PYRgS063Ios=\/0x0:1280x960\/984x0\/smart\/filters:strip_icc()\/i.s3.glbimg.com\/v1\/AUTH_59edd422c0c84a879bd37670ae4f538a\/internal_photos\/bs\/2020\/T\/F\/EJGN8LS4mT4L3fjUrF1g\/2020-08-04t153724z-1813866046-rc237i947wtl-rtrmadp-3-lebanon-security-blast.jpg\" sizes=\"(max-width: 1242px) 648px, 100vw\" srcset=\"https:\/\/s2.glbimg.com\/iMIBdGZKzZf4BqIIYT2tfwLYVek=\/0x0:1280x960\/1000x0\/smart\/filters:strip_icc()\/i.s3.glbimg.com\/v1\/AUTH_59edd422c0c84a879bd37670ae4f538a\/internal_photos\/bs\/2020\/T\/F\/EJGN8LS4mT4L3fjUrF1g\/2020-08-04t153724z-1813866046-rc237i947wtl-rtrmadp-3-lebanon-security-blast.jpg 1000w, https:\/\/s2.glbimg.com\/pqjuhwGF9sza9o_7PYRgS063Ios=\/0x0:1280x960\/984x0\/smart\/filters:strip_icc()\/i.s3.glbimg.com\/v1\/AUTH_59edd422c0c84a879bd37670ae4f538a\/internal_photos\/bs\/2020\/T\/F\/EJGN8LS4mT4L3fjUrF1g\/2020-08-04t153724z-1813866046-rc237i947wtl-rtrmadp-3-lebanon-security-blast.jpg 984w, https:\/\/s2.glbimg.com\/SGwSLxpcgFikMLvfw33Sn_MJtm8=\/0x0:1280x960\/640x0\/smart\/filters:strip_icc()\/i.s3.glbimg.com\/v1\/AUTH_59edd422c0c84a879bd37670ae4f538a\/internal_photos\/bs\/2020\/T\/F\/EJGN8LS4mT4L3fjUrF1g\/2020-08-04t153724z-1813866046-rc237i947wtl-rtrmadp-3-lebanon-security-blast.jpg 640w, https:\/\/s2.glbimg.com\/JDOVqlWJNC34QtWyp-WGlFp68T8=\/0x0:1280x960\/600x0\/smart\/filters:strip_icc()\/i.s3.glbimg.com\/v1\/AUTH_59edd422c0c84a879bd37670ae4f538a\/internal_photos\/bs\/2020\/T\/F\/EJGN8LS4mT4L3fjUrF1g\/2020-08-04t153724z-1813866046-rc237i947wtl-rtrmadp-3-lebanon-security-blast.jpg 600w\" alt=\"Coluna de fuma\u00e7am sobre Beirute, nesta ter\u00e7a (4). Uma grande explos\u00e3o ocorreu na cidade \u2014 Foto: Reuters\/Mohamed Azakir\" \/><\/figure>\n<p class=\"content-media__description \">Coluna de fuma\u00e7am sobre Beirute, nesta ter\u00e7a (4). Uma grande explos\u00e3o ocorreu na cidade \u2014 Foto: Reuters\/Mohamed Azakir<\/p>\n<\/div>\n<\/div>\n<div class=\"mc-column content-text active-extra-styles\" style=\"text-align: justify;\" data-block-type=\"raw\" data-block-weight=\"3\" data-block-id=\"25\">\n<div class=\"content-intertitle\">\n<h2>Veredito de julgamento<\/h2>\n<\/div>\n<\/div>\n<div class=\"mc-column content-text active-extra-styles \" style=\"text-align: justify;\" data-block-type=\"unstyled\" data-block-weight=\"43\" data-block-id=\"26\">\n<p class=\"content-text__container \" data-track-category=\"Link no Texto\" data-track-links=\"\">O\u00a0<span class=\"highlight highlighted\">L\u00edbano vive um per\u00edodo de instabilidade pol\u00edtica<\/span>. No fim do ano passado, o primeiro-ministro Saad Al-Hariri renunciou. O pa\u00eds viveu um per\u00edodo com um v\u00e1cuo de poder, at\u00e9 que Hassan Diab assumiu e anunciou a forma\u00e7\u00e3o de um novo governo em janeiro.<\/p>\n<\/div>\n<div class=\"mc-column content-text active-extra-styles \" style=\"text-align: justify;\" data-block-type=\"unstyled\" data-block-weight=\"44\" data-block-id=\"27\">\n<p class=\"content-text__container \" data-track-category=\"Link no Texto\" data-track-links=\"\">Nesta sexta-feira (7), um tribunal apoiado pela ONU deve divulgar seu veredito no julgamento contra quatro homens acusados de terem participado do\u00a0<span class=\"highlight highlighted\">assassinato do ex-primeiro-ministro liban\u00eas Rafic Hariri<\/span>\u00a0em 2005, uma etapa fundamental em um longo processo no qual os suspeitos continuam em liberdade.<\/p>\n<\/div>\n<div class=\"mc-column content-text active-extra-styles\" style=\"text-align: justify;\" data-block-type=\"raw\" data-block-weight=\"6\" data-block-id=\"28\">\n<ul class=\"content-unordered-list\">\n<li><a href=\"https:\/\/g1.globo.com\/mundo\/blog\/sandra-cohen\/post\/2020\/08\/04\/libano-esta-imerso-numa-catastrofe-economica.ghtml\">L\u00edbano est\u00e1 imerso numa cat\u00e1strofe econ\u00f4mica<\/a><\/li>\n<\/ul>\n<\/div>\n<div class=\"mc-column content-text active-extra-styles \" style=\"text-align: justify;\" data-block-type=\"unstyled\" data-block-weight=\"50\" data-block-id=\"29\">\n<p class=\"content-text__container \" data-track-category=\"Link no Texto\" data-track-links=\"\">Os r\u00e9us, todos membros do\u00a0<span class=\"highlight highlighted\">movimento xiita do Hezbollah<\/span>, est\u00e3o sendo julgados \u00e0 revelia pelo Tribunal Especial do L\u00edbano (TSL), com sede em Haia, encarregado de ditar a senten\u00e7a 15 anos ap\u00f3s o atentado com um carro-bomba no centro de Beirute. Nele, morreram o bilion\u00e1rio sunita e outras 21 pessoas.<\/p>\n<\/div>\n<div class=\"mc-column content-text active-extra-styles \" style=\"text-align: justify;\" data-block-type=\"unstyled\" data-block-weight=\"34\" data-block-id=\"31\">\n<p class=\"content-text__container \" data-track-category=\"Link no Texto\" data-track-links=\"\">O assassinato de Hariri, pelo qual quatro generais libaneses foram inicialmente acusados, desencadeou uma onda de protestos que for\u00e7ou a retirada das tropas s\u00edrias do pa\u00eds, ap\u00f3s uma presen\u00e7a de 30 anos no pa\u00eds.<\/p>\n<\/div>\n<div class=\"mc-column content-text active-extra-styles \" style=\"text-align: justify;\" data-block-type=\"unstyled\" data-block-weight=\"42\" data-block-id=\"32\">\n<p class=\"content-text__container \" data-track-category=\"Link no Texto\" data-track-links=\"\">Em mar\u00e7o deste ano, o pa\u00eds deu um calote em seus credores. O L\u00edbano deveria reembolsar US$ 1,2 bilh\u00e3o em t\u00edtulos do Tesouro, dos quais uma parte significativa est\u00e1 nas m\u00e3os dos bancos e do Banco Central, e decidiu n\u00e3o fazer isso.<\/p>\n<\/div>\n<div class=\"row medium-uncollapsed content-media content-photo\" style=\"text-align: justify;\" data-block-type=\"backstage-photo\" data-block-id=\"33\">\n<div class=\"mc-column content-media__container\">\n<figure><img decoding=\"async\" class=\"i-amphtml-fill-content i-amphtml-replaced-content\" src=\"https:\/\/s2.glbimg.com\/dAFWk2wuAoqrIfmtR4yRxfUIVAM=\/0x0:1280x960\/984x0\/smart\/filters:strip_icc()\/i.s3.glbimg.com\/v1\/AUTH_59edd422c0c84a879bd37670ae4f538a\/internal_photos\/bs\/2020\/G\/v\/zCXTNlSWCPexBdXL5d8g\/2020-08-04t160812z-1829449354-rc237i9li75l-rtrmadp-3-lebanon-security-blast.jpg\" sizes=\"(max-width: 1242px) 648px, 100vw\" srcset=\"https:\/\/s2.glbimg.com\/bRpTDyA3lEY5Muu_e5_G9UkX4wg=\/0x0:1280x960\/1000x0\/smart\/filters:strip_icc()\/i.s3.glbimg.com\/v1\/AUTH_59edd422c0c84a879bd37670ae4f538a\/internal_photos\/bs\/2020\/G\/v\/zCXTNlSWCPexBdXL5d8g\/2020-08-04t160812z-1829449354-rc237i9li75l-rtrmadp-3-lebanon-security-blast.jpg 1000w, https:\/\/s2.glbimg.com\/dAFWk2wuAoqrIfmtR4yRxfUIVAM=\/0x0:1280x960\/984x0\/smart\/filters:strip_icc()\/i.s3.glbimg.com\/v1\/AUTH_59edd422c0c84a879bd37670ae4f538a\/internal_photos\/bs\/2020\/G\/v\/zCXTNlSWCPexBdXL5d8g\/2020-08-04t160812z-1829449354-rc237i9li75l-rtrmadp-3-lebanon-security-blast.jpg 984w, https:\/\/s2.glbimg.com\/hAmwYVu1smHg0Yta5cYQwVFxU3E=\/0x0:1280x960\/640x0\/smart\/filters:strip_icc()\/i.s3.glbimg.com\/v1\/AUTH_59edd422c0c84a879bd37670ae4f538a\/internal_photos\/bs\/2020\/G\/v\/zCXTNlSWCPexBdXL5d8g\/2020-08-04t160812z-1829449354-rc237i9li75l-rtrmadp-3-lebanon-security-blast.jpg 640w, https:\/\/s2.glbimg.com\/ny-1om5B9-AmHZsfX3988YY2vFw=\/0x0:1280x960\/600x0\/smart\/filters:strip_icc()\/i.s3.glbimg.com\/v1\/AUTH_59edd422c0c84a879bd37670ae4f538a\/internal_photos\/bs\/2020\/G\/v\/zCXTNlSWCPexBdXL5d8g\/2020-08-04t160812z-1829449354-rc237i9li75l-rtrmadp-3-lebanon-security-blast.jpg 600w\" alt=\"Bombeiros jogam \u00e1gua em um inc\u00eandio ap\u00f3s explos\u00e3o em Beirute, no L\u00edbano \u2014 Foto: Mohamed Azakir\/Reuters\" \/><\/figure>\n<p class=\"content-media__description \">Bombeiros jogam \u00e1gua em um inc\u00eandio ap\u00f3s explos\u00e3o em Beirute, no L\u00edbano \u2014 Foto: Mohamed Azakir\/Reuters<\/p>\n<\/div>\n<\/div>\n<div class=\"mc-column content-text active-extra-styles\" style=\"text-align: justify;\" data-block-type=\"raw\" data-block-weight=\"2\" data-block-id=\"34\">\n<div class=\"content-intertitle\">\n<h2>Embarca\u00e7\u00e3o brasileira<\/h2>\n<\/div>\n<\/div>\n<div class=\"mc-column content-text active-extra-styles \" data-block-type=\"unstyled\" data-block-weight=\"48\" data-block-id=\"35\">\n<p class=\"content-text__container \" style=\"text-align: justify;\" data-track-category=\"Link no Texto\" data-track-links=\"\">A Fragata Liberdade, da Marinha do Brasil, est\u00e1 no mar do L\u00edbano, mas distante do local da explos\u00e3o. A Marinha publicou uma nota na qual informou que os militares est\u00e3o bem e n\u00e3o h\u00e1 feridos. A embarca\u00e7\u00e3o n\u00e3o estava na \u00e1rea do porto onde ocorreu a grande explos\u00e3o.<\/p>\n<p class=\"content-text__container \" style=\"text-align: justify;\" data-track-category=\"Link no Texto\" data-track-links=\"\"><span style=\"font-style: italic; text-align: center;\">&#8220;A Marinha do Brasil informa, com rela\u00e7\u00e3o \u00e0 explos\u00e3o ocorrida em Beirute, hoje, que todos os militares componentes da For\u00e7a Tarefa Mar\u00edtima (UNIFIL) da MB est\u00e3o bem e n\u00e3o h\u00e1 feridos. A Fragata Independ\u00eancia encontra-se operando no mar, normalmente. O navio estava distante do local onde ocorreu a explos\u00e3o. Outras informa\u00e7\u00f5es ser\u00e3o passadas tempestivamente.&#8221; \u2013 Centro de Comunica\u00e7\u00e3o Social da Marinha<\/span><\/p>\n<p style=\"text-align: justify;\" data-track-category=\"Link no Texto\" data-track-links=\"\">Fonte: https:\/\/g1.globo.com\/mundo\/noticia\/2020\/08\/04\/explosao-em-beirute.ghtml<\/p>\n<\/div>\n<div class=\"mc-column content-text active-extra-styles\" data-block-type=\"raw\" data-block-weight=\"61\" data-block-id=\"36\"><\/div>\n<\/div>\n<\/div>\n<div class=\"content-ads content-ads--reveal\" data-block-type=\"ads\" data-block-id=\"22\">\n<div id=\"banner_materia__e2f09d72-0a06-4de5-9960-270ae4e3739e\" class=\"tag-manager-publicidade-container mc-has-reveal mc-has-ad-lazyload tag-manager-publicidade-banner_materia__e2f09d72-0a06-4de5-9960-270ae4e3739e tag-manager-publicidade-container--carregado tag-manager-publicidade-container--visivel\" data-id=\"banner_materia__e2f09d72-0a06-4de5-9960-270ae4e3739e\" data-google-query-id=\"CISj88nGgusCFcnZhgodK_gCzQ\" data-cid=\"138317269092\" data-lid=\"5419581076\"><\/div>\n<\/div>\n<\/div>\n<\/div>\n<\/div>\n","protected":false},"excerpt":{"rendered":"<p>A explos\u00e3o aconteceu em um dep\u00f3sito de nitrato de am\u00f4nio na zona portu\u00e1ria e n\u00e3o h\u00e1 evid\u00eancia de que se trate de um atentado terrorista. Uma explos\u00e3o na regi\u00e3o portu\u00e1ria de Beirute deixou\u00a0ao menos 73 mortos e cerca de 2,7 mil feridos\u00a0nesta ter\u00e7a-feira (4), segundo a contagem oficial do governo do\u00a0L\u00edbano. A suspeita \u00e9 que [&hellip;]<\/p>\n","protected":false},"author":1,"featured_media":32074,"comment_status":"closed","ping_status":"open","sticky":false,"template":"","format":"standard","meta":{"footnotes":""},"categories":[114,110],"tags":[],"class_list":["post-32073","post","type-post","status-publish","format-standard","has-post-thumbnail","hentry","category-geralecomercio","category-noticiasdestaque"],"_links":{"self":[{"href":"https:\/\/jorgezanoni.com.br\/2019\/wp-json\/wp\/v2\/posts\/32073","targetHints":{"allow":["GET"]}}],"collection":[{"href":"https:\/\/jorgezanoni.com.br\/2019\/wp-json\/wp\/v2\/posts"}],"about":[{"href":"https:\/\/jorgezanoni.com.br\/2019\/wp-json\/wp\/v2\/types\/post"}],"author":[{"embeddable":true,"href":"https:\/\/jorgezanoni.com.br\/2019\/wp-json\/wp\/v2\/users\/1"}],"replies":[{"embeddable":true,"href":"https:\/\/jorgezanoni.com.br\/2019\/wp-json\/wp\/v2\/comments?post=32073"}],"version-history":[{"count":0,"href":"https:\/\/jorgezanoni.com.br\/2019\/wp-json\/wp\/v2\/posts\/32073\/revisions"}],"wp:featuredmedia":[{"embeddable":true,"href":"https:\/\/jorgezanoni.com.br\/2019\/wp-json\/wp\/v2\/media\/32074"}],"wp:attachment":[{"href":"https:\/\/jorgezanoni.com.br\/2019\/wp-json\/wp\/v2\/media?parent=32073"}],"wp:term":[{"taxonomy":"category","embeddable":true,"href":"https:\/\/jorgezanoni.com.br\/2019\/wp-json\/wp\/v2\/categories?post=32073"},{"taxonomy":"post_tag","embeddable":true,"href":"https:\/\/jorgezanoni.com.br\/2019\/wp-json\/wp\/v2\/tags?post=32073"}],"curies":[{"name":"wp","href":"https:\/\/api.w.org\/{rel}","templated":true}]}}