{"id":32049,"date":"2020-08-04T14:36:28","date_gmt":"2020-08-04T14:36:28","guid":{"rendered":"https:\/\/jorgezanoni.com.br\/2019\/?p=32049"},"modified":"2020-08-04T14:36:28","modified_gmt":"2020-08-04T14:36:28","slug":"policia-civil-deflagra-operacao-interestadual-midas-e-prende-cinco-integrantes-de-quadrilha-especializada-em-furtos-a-joalherias","status":"publish","type":"post","link":"https:\/\/jorgezanoni.com.br\/2019\/policia-civil-deflagra-operacao-interestadual-midas-e-prende-cinco-integrantes-de-quadrilha-especializada-em-furtos-a-joalherias\/","title":{"rendered":"Pol\u00edcia Civil deflagra Opera\u00e7\u00e3o Interestadual \u201cMidas\u201d e prende cinco integrantes de quadrilha especializada em furtos a joalherias."},"content":{"rendered":"<p style=\"text-align: justify;\">Objetivo da opera\u00e7\u00e3o \u00e9 cumprir 07 mandados de busca e apreens\u00e3o e 06 mandados de pris\u00e3o tempor\u00e1ria, nas cidades de Presidente Prudente-SP, Arax\u00e1 -MG e Juiz de Fora &#8211;MG, todos expedidos pela 3\u00aa Vara Criminal da Comarca de Dracena\/SP. A investiga\u00e7\u00e3o, durou quatro meses e identificou a participa\u00e7\u00e3o de grupo permanente de seis pessoas especializadas em furtos de relojoarias.<br \/>\nA Pol\u00edcia Civil, por interm\u00e9dio das Unidades Especializadas &#8211; Delegacia de Pol\u00edcia de Investiga\u00e7\u00f5es Gerais e Delegacia de Pol\u00edcia de Investiga\u00e7\u00e3o Sobre Entorpecentes, e do Centro de Intelig\u00eancia Policial, todos da Delegacia Seccional de Pol\u00edcia de Dracena\/SP, deflagrou nesta ter\u00e7a-feira (4) a opera\u00e7\u00e3o Midas (Midas \u00e9 um personagem da mitologia grega, que segundo contos tinha poder de transformar em ouro tudo o que tocasse) que visou o cumprimento de 07 mandados de busca e apreens\u00e3o e 06 mandados de pris\u00e3o tempor\u00e1ria, em desfavor de investigados de integrarem uma associa\u00e7\u00e3o criminosa (quadrilha) especializada que praticou um furto em relojoaria no final do m\u00eas de mar\u00e7o, no centro de Dracena.<br \/>\nA investiga\u00e7\u00e3o coordenada pelas Delegacias Especializadas contou com t\u00e9cnicas de intelig\u00eancia e compartilhamento de informa\u00e7\u00f5es, e durou cerca de quatro meses, resultando na identifica\u00e7\u00e3o de seis pessoas, quatros homens e duas mulheres, que integram a quadrilha que perpetra os furtos no Estado, dentre eles o ocorrido em Dracena.<br \/>\nNa ocasi\u00e3o do fato, um estabelecimento comercial que vende joias e rel\u00f3gios foi o alvo dos furtadores, de onde furtaram aproximadamente R$ 500.000,00 em j\u00f3ias.<br \/>\nAs j\u00f3ias foram apreendidas na cidade de Ja\u00fa\/SP e restitu\u00eddas ao ofendido dias ap\u00f3s a pr\u00e1tica criminosa, sendo preso na ocasi\u00e3o um receptador.<br \/>\nCom o devido inqu\u00e9rito policial instaurado, a Pol\u00edcia Civil coletou dados e informa\u00e7\u00f5es que subsidiaram os pedidos judiciais solicitados junto \u00e0 3\u00aa Vara Criminal da Comarca de Dracena\/SP.<br \/>\nA opera\u00e7\u00e3o Midas foi deflagrada, nesta ter\u00e7a-feira (4), na cidade de Presidente Prudente, e nas cidades mineiras de Arax\u00e1 e Juiz de Fora.<br \/>\nForam presos em Presidente Prudente um homem e uma mulher, na cidade de Juiz de Fora-MG um homem, e na cidade Arax\u00e1-M um homem e uma mulher .<br \/>\nUm dos integrantes, sendo homem n\u00e3o foi localizado e j\u00e1 \u00e9 considerado foragido da Justi\u00e7a.<br \/>\nAs pessoas presas ser\u00e3o encaminhadas para a DIG\/DISE de Dracena, onde ser\u00e3o ouvidos e indiciados, por furto qualificado e associa\u00e7\u00e3o criminosa, sendo que em seguida ser\u00e3o encaminhados para unidades prisionais da regi\u00e3o de Presidente Prudente ficando a disposi\u00e7\u00e3o da Justi\u00e7a.<br \/>\nAl\u00e9m dos policiais civis da Unidades Especializadas de Dracena, a opera\u00e7\u00e3o Midas contou com apoio operacional de policiais civis da C.P.J. &#8211; Central de Pol\u00edcia Judici\u00e1ria de Presidente Prudente\/SP, da Delegacia Especializada de Investiga\u00e7\u00e3o de Furto e Roubo de Carga &#8211; Belo Horizonte\/MG, e da Delegacia de Pol\u00edcia Especializada de Furtos e Roubos &#8211; Arax\u00e1\/MG<\/p>\n<p style=\"text-align: justify;\">O crime ora investigado:<br \/>\nO furto aconteceu no dia 29 de mar\u00e7o deste ano, quando, durante a madrugada, v\u00e1rios indiv\u00edduos invadiram uma relojoaria localizada, na \u00e1rea central de Dracena, mediante arrombamento de uma parede e danifica\u00e7\u00e3o no sistema de alarme, subtraindo v\u00e1rias pe\u00e7as de ouros, como pulseiras, an\u00e9is e correntes.<br \/>\nNo dia 3 de abril, um homem foi preso por recepta\u00e7\u00e3o das joias furtadas, por\u00e9m, foi liberado na audi\u00eancia de custodia, sendo ele novamente preso nesta data, posto que a Pol\u00edcia Civil conseguiu comprovar que ele integrava a associa\u00e7\u00e3o criminosa.<br \/>\nDe outros crimes ocorridos em Dracena\/SP:<br \/>\nOs integrantes da associa\u00e7\u00e3o criminosa tamb\u00e9m s\u00e3o suspeitos de terem furtado, no ano de 2017, uma \u00d3tica e Relojoaria (furtando aproximadamente R$ 60.000,00 em j\u00f3ias e rel\u00f3gios) e, ainda, no ano de 2018, um Lot\u00e9rica (de onde subtra\u00edram R$ 30.000,00 em dinheiro e cheques), ambas situadas na cidade de Dracena\/SP.<br \/>\nAinda, v\u00e1rios dos integrantes j\u00e1 foram presos em flagrante delito e j\u00e1 possu\u00edam antecedentes por furto qualificado, notadamente em joalherias e tamb\u00e9m j\u00e1 vinham sendo investigados pela Central de Pol\u00edcia Judici\u00e1ria de Presidente Prudente\/SP pela pr\u00e1tica de id\u00eantico delito.<\/p>\n<div style=\"width: 640px;\" class=\"wp-video\"><video class=\"wp-video-shortcode\" id=\"video-32049-1\" width=\"640\" height=\"352\" preload=\"metadata\" controls=\"controls\"><source type=\"video\/mp4\" src=\"https:\/\/jorgezanoni.com.br\/2019\/wp-content\/uploads\/2020\/08\/WhatsApp-Video-2020-08-04-at-09.44.37-1.mp4?_=1\" \/><a href=\"https:\/\/jorgezanoni.com.br\/2019\/wp-content\/uploads\/2020\/08\/WhatsApp-Video-2020-08-04-at-09.44.37-1.mp4\">https:\/\/jorgezanoni.com.br\/2019\/wp-content\/uploads\/2020\/08\/WhatsApp-Video-2020-08-04-at-09.44.37-1.mp4<\/a><\/video><\/div>\n<div style=\"width: 640px;\" class=\"wp-video\"><video class=\"wp-video-shortcode\" id=\"video-32049-2\" width=\"640\" height=\"352\" preload=\"metadata\" controls=\"controls\"><source type=\"video\/mp4\" src=\"https:\/\/jorgezanoni.com.br\/2019\/wp-content\/uploads\/2020\/08\/WhatsApp-Video-2020-08-04-at-09.44.37.mp4?_=2\" \/><a href=\"https:\/\/jorgezanoni.com.br\/2019\/wp-content\/uploads\/2020\/08\/WhatsApp-Video-2020-08-04-at-09.44.37.mp4\">https:\/\/jorgezanoni.com.br\/2019\/wp-content\/uploads\/2020\/08\/WhatsApp-Video-2020-08-04-at-09.44.37.mp4<\/a><\/video><\/div>\n<div style=\"width: 640px;\" class=\"wp-video\"><video class=\"wp-video-shortcode\" id=\"video-32049-3\" width=\"640\" height=\"352\" preload=\"metadata\" controls=\"controls\"><source type=\"video\/mp4\" src=\"https:\/\/jorgezanoni.com.br\/2019\/wp-content\/uploads\/2020\/08\/WhatsApp-Video-2020-08-04-at-09.44.36-1.mp4?_=3\" \/><a href=\"https:\/\/jorgezanoni.com.br\/2019\/wp-content\/uploads\/2020\/08\/WhatsApp-Video-2020-08-04-at-09.44.36-1.mp4\">https:\/\/jorgezanoni.com.br\/2019\/wp-content\/uploads\/2020\/08\/WhatsApp-Video-2020-08-04-at-09.44.36-1.mp4<\/a><\/video><\/div>\n<div style=\"width: 640px;\" class=\"wp-video\"><video class=\"wp-video-shortcode\" id=\"video-32049-4\" width=\"640\" height=\"352\" preload=\"metadata\" controls=\"controls\"><source type=\"video\/mp4\" src=\"https:\/\/jorgezanoni.com.br\/2019\/wp-content\/uploads\/2020\/08\/WhatsApp-Video-2020-08-04-at-09.44.36.mp4?_=4\" \/><a href=\"https:\/\/jorgezanoni.com.br\/2019\/wp-content\/uploads\/2020\/08\/WhatsApp-Video-2020-08-04-at-09.44.36.mp4\">https:\/\/jorgezanoni.com.br\/2019\/wp-content\/uploads\/2020\/08\/WhatsApp-Video-2020-08-04-at-09.44.36.mp4<\/a><\/video><\/div>\n<p><img loading=\"lazy\" decoding=\"async\" class=\"alignnone size-full wp-image-32054\" src=\"https:\/\/jorgezanoni.com.br\/2019\/wp-content\/uploads\/2020\/08\/ci1.jpg\" alt=\"\" width=\"1273\" height=\"946\" srcset=\"https:\/\/jorgezanoni.com.br\/2019\/wp-content\/uploads\/2020\/08\/ci1.jpg 1273w, https:\/\/jorgezanoni.com.br\/2019\/wp-content\/uploads\/2020\/08\/ci1-300x223.jpg 300w, https:\/\/jorgezanoni.com.br\/2019\/wp-content\/uploads\/2020\/08\/ci1-1024x761.jpg 1024w, https:\/\/jorgezanoni.com.br\/2019\/wp-content\/uploads\/2020\/08\/ci1-768x571.jpg 768w, https:\/\/jorgezanoni.com.br\/2019\/wp-content\/uploads\/2020\/08\/ci1-80x60.jpg 80w, https:\/\/jorgezanoni.com.br\/2019\/wp-content\/uploads\/2020\/08\/ci1-265x198.jpg 265w, https:\/\/jorgezanoni.com.br\/2019\/wp-content\/uploads\/2020\/08\/ci1-696x517.jpg 696w, https:\/\/jorgezanoni.com.br\/2019\/wp-content\/uploads\/2020\/08\/ci1-1068x794.jpg 1068w, https:\/\/jorgezanoni.com.br\/2019\/wp-content\/uploads\/2020\/08\/ci1-565x420.jpg 565w\" sizes=\"auto, (max-width: 1273px) 100vw, 1273px\" \/> <img loading=\"lazy\" decoding=\"async\" class=\"alignnone size-full wp-image-32056\" src=\"https:\/\/jorgezanoni.com.br\/2019\/wp-content\/uploads\/2020\/08\/ci3.jpg\" alt=\"\" width=\"1275\" height=\"952\" srcset=\"https:\/\/jorgezanoni.com.br\/2019\/wp-content\/uploads\/2020\/08\/ci3.jpg 1275w, https:\/\/jorgezanoni.com.br\/2019\/wp-content\/uploads\/2020\/08\/ci3-300x224.jpg 300w, https:\/\/jorgezanoni.com.br\/2019\/wp-content\/uploads\/2020\/08\/ci3-1024x765.jpg 1024w, https:\/\/jorgezanoni.com.br\/2019\/wp-content\/uploads\/2020\/08\/ci3-768x573.jpg 768w, https:\/\/jorgezanoni.com.br\/2019\/wp-content\/uploads\/2020\/08\/ci3-80x60.jpg 80w, https:\/\/jorgezanoni.com.br\/2019\/wp-content\/uploads\/2020\/08\/ci3-265x198.jpg 265w, https:\/\/jorgezanoni.com.br\/2019\/wp-content\/uploads\/2020\/08\/ci3-696x520.jpg 696w, https:\/\/jorgezanoni.com.br\/2019\/wp-content\/uploads\/2020\/08\/ci3-1068x797.jpg 1068w, https:\/\/jorgezanoni.com.br\/2019\/wp-content\/uploads\/2020\/08\/ci3-563x420.jpg 563w\" sizes=\"auto, (max-width: 1275px) 100vw, 1275px\" \/> <img loading=\"lazy\" decoding=\"async\" class=\"alignnone size-full wp-image-32057\" src=\"https:\/\/jorgezanoni.com.br\/2019\/wp-content\/uploads\/2020\/08\/ci4.jpg\" alt=\"\" width=\"1275\" height=\"952\" srcset=\"https:\/\/jorgezanoni.com.br\/2019\/wp-content\/uploads\/2020\/08\/ci4.jpg 1275w, https:\/\/jorgezanoni.com.br\/2019\/wp-content\/uploads\/2020\/08\/ci4-300x224.jpg 300w, https:\/\/jorgezanoni.com.br\/2019\/wp-content\/uploads\/2020\/08\/ci4-1024x765.jpg 1024w, https:\/\/jorgezanoni.com.br\/2019\/wp-content\/uploads\/2020\/08\/ci4-768x573.jpg 768w, https:\/\/jorgezanoni.com.br\/2019\/wp-content\/uploads\/2020\/08\/ci4-80x60.jpg 80w, https:\/\/jorgezanoni.com.br\/2019\/wp-content\/uploads\/2020\/08\/ci4-265x198.jpg 265w, https:\/\/jorgezanoni.com.br\/2019\/wp-content\/uploads\/2020\/08\/ci4-696x520.jpg 696w, https:\/\/jorgezanoni.com.br\/2019\/wp-content\/uploads\/2020\/08\/ci4-1068x797.jpg 1068w, https:\/\/jorgezanoni.com.br\/2019\/wp-content\/uploads\/2020\/08\/ci4-563x420.jpg 563w\" sizes=\"auto, (max-width: 1275px) 100vw, 1275px\" \/><\/p>\n<p>Fonte: Com.Social Pol\u00edcia Civil<\/p>\n","protected":false},"excerpt":{"rendered":"<p>Objetivo da opera\u00e7\u00e3o \u00e9 cumprir 07 mandados de busca e apreens\u00e3o e 06 mandados de pris\u00e3o tempor\u00e1ria, nas cidades de Presidente Prudente-SP, Arax\u00e1 -MG e Juiz de Fora &#8211;MG, todos expedidos pela 3\u00aa Vara Criminal da Comarca de Dracena\/SP. A investiga\u00e7\u00e3o, durou quatro meses e identificou a participa\u00e7\u00e3o de grupo permanente de seis pessoas especializadas [&hellip;]<\/p>\n","protected":false},"author":1,"featured_media":32055,"comment_status":"closed","ping_status":"open","sticky":false,"template":"","format":"video","meta":{"footnotes":""},"categories":[110,2,169],"tags":[],"class_list":["post-32049","post","type-post","status-publish","format-video","has-post-thumbnail","hentry","category-noticiasdestaque","category-policial","category-videos","post_format-post-format-video"],"_links":{"self":[{"href":"https:\/\/jorgezanoni.com.br\/2019\/wp-json\/wp\/v2\/posts\/32049","targetHints":{"allow":["GET"]}}],"collection":[{"href":"https:\/\/jorgezanoni.com.br\/2019\/wp-json\/wp\/v2\/posts"}],"about":[{"href":"https:\/\/jorgezanoni.com.br\/2019\/wp-json\/wp\/v2\/types\/post"}],"author":[{"embeddable":true,"href":"https:\/\/jorgezanoni.com.br\/2019\/wp-json\/wp\/v2\/users\/1"}],"replies":[{"embeddable":true,"href":"https:\/\/jorgezanoni.com.br\/2019\/wp-json\/wp\/v2\/comments?post=32049"}],"version-history":[{"count":0,"href":"https:\/\/jorgezanoni.com.br\/2019\/wp-json\/wp\/v2\/posts\/32049\/revisions"}],"wp:featuredmedia":[{"embeddable":true,"href":"https:\/\/jorgezanoni.com.br\/2019\/wp-json\/wp\/v2\/media\/32055"}],"wp:attachment":[{"href":"https:\/\/jorgezanoni.com.br\/2019\/wp-json\/wp\/v2\/media?parent=32049"}],"wp:term":[{"taxonomy":"category","embeddable":true,"href":"https:\/\/jorgezanoni.com.br\/2019\/wp-json\/wp\/v2\/categories?post=32049"},{"taxonomy":"post_tag","embeddable":true,"href":"https:\/\/jorgezanoni.com.br\/2019\/wp-json\/wp\/v2\/tags?post=32049"}],"curies":[{"name":"wp","href":"https:\/\/api.w.org\/{rel}","templated":true}]}}