{"id":32043,"date":"2020-08-04T12:44:04","date_gmt":"2020-08-04T12:44:04","guid":{"rendered":"https:\/\/jorgezanoni.com.br\/2019\/?p=32043"},"modified":"2020-08-04T12:44:04","modified_gmt":"2020-08-04T12:44:04","slug":"hoje-comemora-se-o-dia-do-padre","status":"publish","type":"post","link":"https:\/\/jorgezanoni.com.br\/2019\/hoje-comemora-se-o-dia-do-padre\/","title":{"rendered":"Hoje comemora-se o &#8220;Dia do Padre&#8221;"},"content":{"rendered":"<p><strong>04 de agosto &#8211; Mem\u00f3ria de S\u00e3o Jo\u00e3o Maria Vianney \u2013 Dia do padre<\/strong><\/p>\n<div id=\"fb-root\"><\/div>\n<p><script async=\"1\" defer=\"1\" crossorigin=\"anonymous\" src=\"https:\/\/connect.facebook.net\/en_US\/sdk.js#xfbml=1&amp;version=v7.0\" nonce=\"gjBBB7YC\"><\/script><\/p>\n<div class=\"fb-video\" data-href=\"https:\/\/www.facebook.com\/matrizdracena\/videos\/743021179845282\/\" data-width=\"696\">\n<blockquote cite=\"https:\/\/www.facebook.com\/matrizdracena\/videos\/743021179845282\/\" class=\"fb-xfbml-parse-ignore\"><p><a href=\"https:\/\/www.facebook.com\/matrizdracena\/videos\/743021179845282\/\">Dia do padre<\/a><\/p>\n<p>04 de agosto &#8211; Mem\u00f3ria de S\u00e3o Jo\u00e3o Maria Vianney \u2013 Dia do padreSer padre n\u00e3o \u00e9 tarefa f\u00e1cil! Deixar tudo e entregar-se completamente nas m\u00e3os do Senhor. Isso pede voca\u00e7\u00e3o, for\u00e7a e f\u00e9 para atingir a alegria da vida religiosa e viver com entusiasmo os ensinamentos de Cristo. Que Maria Sant\u00edssima, M\u00e3e dos Sacerdotes, e S\u00e3o Jo\u00e3o Maria Vianney roguem a Deus para lhes concederem muita sa\u00fade para seguir sempre confiantes e com alegria nessa miss\u00e3o t\u00e3o maravilhosa. Parab\u00e9ns aos nossos sacerdotes: Frei Airton, Frei Haroldo, Frei Anderson e Frei Cl\u00f3vis. Somos gratos por tudo o que fazem por nossa par\u00f3quia!<\/p>\n<p>Posted by <a href=\"https:\/\/www.facebook.com\/matrizdracena\/\">Par\u00f3quia Nossa Senhora Aparecida Dracena<\/a> on Tuesday, August 4, 2020<\/p><\/blockquote>\n<\/div>\n<p style=\"text-align: justify;\">Ser padre n\u00e3o \u00e9 tarefa f\u00e1cil! Deixar tudo e entregar-se completamente nas m\u00e3os do Senhor. Isso pede voca\u00e7\u00e3o, for\u00e7a e f\u00e9 para atingir a alegria da vida religiosa e viver com entusiasmo os ensinamentos de Cristo.<\/p>\n<p style=\"text-align: justify;\">Que Maria Sant\u00edssima, M\u00e3e dos Sacerdotes, e S\u00e3o Jo\u00e3o Maria Vianney roguem a Deus para lhes concederem muita sa\u00fade para seguir sempre confiantes e com alegria nessa miss\u00e3o t\u00e3o maravilhosa.<\/p>\n<div class=\"text_exposed_show\">\n<p style=\"text-align: justify;\">Parab\u00e9ns aos nossos sacerdotes: Frei Airton, Frei Haroldo, Frei Anderson e Frei Cl\u00f3vis. Somos gratos por tudo o que fazem por nossa par\u00f3quia!<\/p>\n<p>Fonte: Par\u00f3quia Nossa Senhora Aparecida de Dracena<\/p>\n<p><img loading=\"lazy\" decoding=\"async\" class=\"alignnone size-full wp-image-32044\" src=\"https:\/\/jorgezanoni.com.br\/2019\/wp-content\/uploads\/2020\/08\/Sacerdotes.jpg\" alt=\"\" width=\"600\" height=\"900\" srcset=\"https:\/\/jorgezanoni.com.br\/2019\/wp-content\/uploads\/2020\/08\/Sacerdotes.jpg 600w, https:\/\/jorgezanoni.com.br\/2019\/wp-content\/uploads\/2020\/08\/Sacerdotes-200x300.jpg 200w, https:\/\/jorgezanoni.com.br\/2019\/wp-content\/uploads\/2020\/08\/Sacerdotes-280x420.jpg 280w\" sizes=\"auto, (max-width: 600px) 100vw, 600px\" \/><img loading=\"lazy\" decoding=\"async\" class=\"alignnone size-full wp-image-32045\" src=\"https:\/\/jorgezanoni.com.br\/2019\/wp-content\/uploads\/2020\/08\/padre.jpg\" alt=\"\" width=\"877\" height=\"860\" srcset=\"https:\/\/jorgezanoni.com.br\/2019\/wp-content\/uploads\/2020\/08\/padre.jpg 877w, https:\/\/jorgezanoni.com.br\/2019\/wp-content\/uploads\/2020\/08\/padre-300x294.jpg 300w, https:\/\/jorgezanoni.com.br\/2019\/wp-content\/uploads\/2020\/08\/padre-768x753.jpg 768w, https:\/\/jorgezanoni.com.br\/2019\/wp-content\/uploads\/2020\/08\/padre-696x683.jpg 696w, https:\/\/jorgezanoni.com.br\/2019\/wp-content\/uploads\/2020\/08\/padre-428x420.jpg 428w\" sizes=\"auto, (max-width: 877px) 100vw, 877px\" \/> <img loading=\"lazy\" decoding=\"async\" class=\"alignnone size-full wp-image-32046\" src=\"https:\/\/jorgezanoni.com.br\/2019\/wp-content\/uploads\/2020\/08\/padre1.jpg\" alt=\"\" width=\"637\" height=\"960\" srcset=\"https:\/\/jorgezanoni.com.br\/2019\/wp-content\/uploads\/2020\/08\/padre1.jpg 637w, https:\/\/jorgezanoni.com.br\/2019\/wp-content\/uploads\/2020\/08\/padre1-199x300.jpg 199w, https:\/\/jorgezanoni.com.br\/2019\/wp-content\/uploads\/2020\/08\/padre1-279x420.jpg 279w\" sizes=\"auto, (max-width: 637px) 100vw, 637px\" \/>Sacerdores que atuam nas 3 Par\u00f3quias de Dracena &#8211; Fotos Bastidores da Noticia<\/p>\n<p style=\"text-align: justify;\">O <strong>SITE JORGE ZANONI\u00a0<\/strong>parabeniza a todos os Padres, especialmente que esses que trabalham em nossa comunidade e roga a Deus que os aben\u00e7oe e d\u00ea sabedoria para guiar os seus rebanhos.<\/p>\n<p>Jorge Zanoni<\/p>\n<p>Fotos arquivo<\/p>\n<\/div>\n","protected":false},"excerpt":{"rendered":"<p>04 de agosto &#8211; Mem\u00f3ria de S\u00e3o Jo\u00e3o Maria Vianney \u2013 Dia do padre Dia do padre 04 de agosto &#8211; Mem\u00f3ria de S\u00e3o Jo\u00e3o Maria Vianney \u2013 Dia do padreSer padre n\u00e3o \u00e9 tarefa f\u00e1cil! Deixar tudo e entregar-se completamente nas m\u00e3os do Senhor. Isso pede voca\u00e7\u00e3o, for\u00e7a e f\u00e9 para atingir a alegria [&hellip;]<\/p>\n","protected":false},"author":1,"featured_media":32047,"comment_status":"closed","ping_status":"open","sticky":false,"template":"","format":"video","meta":{"footnotes":""},"categories":[110,118,169],"tags":[],"class_list":["post-32043","post","type-post","status-publish","format-video","has-post-thumbnail","hentry","category-noticiasdestaque","category-religiaoesolidariedade","category-videos","post_format-post-format-video"],"_links":{"self":[{"href":"https:\/\/jorgezanoni.com.br\/2019\/wp-json\/wp\/v2\/posts\/32043","targetHints":{"allow":["GET"]}}],"collection":[{"href":"https:\/\/jorgezanoni.com.br\/2019\/wp-json\/wp\/v2\/posts"}],"about":[{"href":"https:\/\/jorgezanoni.com.br\/2019\/wp-json\/wp\/v2\/types\/post"}],"author":[{"embeddable":true,"href":"https:\/\/jorgezanoni.com.br\/2019\/wp-json\/wp\/v2\/users\/1"}],"replies":[{"embeddable":true,"href":"https:\/\/jorgezanoni.com.br\/2019\/wp-json\/wp\/v2\/comments?post=32043"}],"version-history":[{"count":0,"href":"https:\/\/jorgezanoni.com.br\/2019\/wp-json\/wp\/v2\/posts\/32043\/revisions"}],"wp:featuredmedia":[{"embeddable":true,"href":"https:\/\/jorgezanoni.com.br\/2019\/wp-json\/wp\/v2\/media\/32047"}],"wp:attachment":[{"href":"https:\/\/jorgezanoni.com.br\/2019\/wp-json\/wp\/v2\/media?parent=32043"}],"wp:term":[{"taxonomy":"category","embeddable":true,"href":"https:\/\/jorgezanoni.com.br\/2019\/wp-json\/wp\/v2\/categories?post=32043"},{"taxonomy":"post_tag","embeddable":true,"href":"https:\/\/jorgezanoni.com.br\/2019\/wp-json\/wp\/v2\/tags?post=32043"}],"curies":[{"name":"wp","href":"https:\/\/api.w.org\/{rel}","templated":true}]}}