{"id":3204,"date":"2019-08-08T20:04:05","date_gmt":"2019-08-08T20:04:05","guid":{"rendered":"https:\/\/jorgezanoni.com.br\/2019\/?p=3204"},"modified":"2019-08-08T20:07:15","modified_gmt":"2019-08-08T20:07:15","slug":"policia-civil-conclui-1a-fase-do-inquerito-e-indicia-4-pessoas-na-operacao-dedo-podre","status":"publish","type":"post","link":"https:\/\/jorgezanoni.com.br\/2019\/policia-civil-conclui-1a-fase-do-inquerito-e-indicia-4-pessoas-na-operacao-dedo-podre\/","title":{"rendered":"Pol\u00edcia Civil conclui 1\u00aa fase do inqu\u00e9rito e indicia 4 pessoas na &#8220;Opera\u00e7\u00e3o Dedo Podre&#8221;"},"content":{"rendered":"<p style=\"text-align: justify;\"><strong>OPERA\u00c7\u00c3O DEDO PODRE: POL\u00cdCIA CIVIL CONCLUI INQU\u00c9RITO POLICIAL DA 1\u00aa FASE DA &#8220;OPERA\u00c7\u00c3O DEDO PODRE&#8221;, INDICIA 04 PESSOAS E REPRESENTA PELA PRIS\u00c3O PREVENTIVA DOS INTEGRANTES DA ASSOCIA\u00c7\u00c3O CRIMINOSA.<\/strong><\/p>\n<p style=\"text-align: justify;\">Nesta quinta-feira (8), a Pol\u00edcia Civil do Estado de S\u00e3o Paulo, por interm\u00e9dio das unidades especializadas DIG\/DISE\/CIP, da Delegacia Seccional de Pol\u00edcia de Dracena\/SP, concluiu as investiga\u00e7\u00f5es atinentes \u00e0 1\u00aa fase da \u201cOpera\u00e7\u00e3o Dedo Podre\u201d, apresentando a Justi\u00e7a o relat\u00f3rio final do inqu\u00e9rito policial onde, dentre outras provid\u00eancias, foi representado pela decreta\u00e7\u00e3o da pris\u00e3o preventiva dos acusados a fim de que aguardem preso at\u00e9 o julgamento a ser realizado.<br \/>\nO inqu\u00e9rito policial instaurado teve a finalidade de apurar a conduta dos 04 integrantes da associa\u00e7\u00e3o criminosa que transferia ilicitamente para outros Estados, mediante o pagamento de propina e declara\u00e7\u00e3o falsa de endere\u00e7o, CNHs de condutores de ve\u00edculos com registro neste Estado de S\u00e3o Paulo, apenados administrativamente ou em vias de s\u00ea-lo, a fim de escapar da responsabiliza\u00e7\u00e3o administrativa.<br \/>\nAinda, durante a tramita\u00e7\u00e3o do inqu\u00e9rito, al\u00e9m dos 107 condutores de ve\u00edculos que j\u00e1 haviam sido constatados, foram identificadas outras 24 pessoas que tamb\u00e9m transferiram de maneira criminosa suas CNHs, totalizando nesta 1\u00aa fase 131 condutores envolvidos. Verificou-se transfer\u00eancias para o Estado do Mato Grosso do Sul\/MS, Goi\u00e1s\/GO, Paran\u00e1\/PR e Par\u00e1\/PR.<br \/>\nPara cada um dos condutores de ve\u00edculo ser\u00e1 instaurado inqu\u00e9rito policial aut\u00f4nomo, visando a apura\u00e7\u00e3o de delitos de falsidade ideol\u00f3gica e corrup\u00e7\u00e3o ativa, sendo, ainda, representado pelo bloqueio e apreens\u00e3o das CNHs obtidas de maneira il\u00edcita.<br \/>\nA pris\u00e3o tempor\u00e1ria dos 04 acusados de integrar a associa\u00e7\u00e3o criminosa, que venceria na segunda-feira (5\/8), j\u00e1 havia sido prorrogada por mais 05 dias pela Justi\u00e7a, a qual acatou representa\u00e7\u00e3o das Autoridades Policiais.<\/p>\n<p style=\"text-align: justify;\">DA 2\u00aa FASE DA OPERA\u00c7\u00c3O DEDO PODRE:<br \/>\nA Pol\u00edcia Civil deflagrar\u00e1 ainda a 2\u00aa fase da opera\u00e7\u00e3o, esta a ser iniciada na data de hoje.<br \/>\nCom base nos documentos e objetos apreendidos, foi poss\u00edvel catalogar aproximadamente outros 2.000 condutores de ve\u00edculos que figuraram em todo o conjunto probat\u00f3rio analisado.<br \/>\nSer\u00e3o realizadas consultas junto aos sistemas informatizados dos \u00f3rg\u00e3os de tr\u00e2nsito a fim de apurar se adotaram os mesmos procedimentos il\u00edcitos de transfer\u00eancias de CNHs e se utilizaram ou n\u00e3o os \u201cservi\u00e7os\u201d da associa\u00e7\u00e3o criminosa.<br \/>\nDe igual, constatada a transfer\u00eancia para outro Estado a fim de escapar da responsabiliza\u00e7\u00e3o administrativa, ser\u00e3o instaurados inqu\u00e9ritos policiais em desfavor desses condutores de ve\u00edculos, a fim de apurar a conduta criminosa, e tamb\u00e9m ter\u00e3o apreendidas e bloqueadas, administrativamente, suas CNHs em raz\u00e3o da fraude\/il\u00edcito empregado.<\/p>\n<p>Fonte: Com. Social Pol\u00edcia Civil<\/p>\n","protected":false},"excerpt":{"rendered":"<p>OPERA\u00c7\u00c3O DEDO PODRE: POL\u00cdCIA CIVIL CONCLUI INQU\u00c9RITO POLICIAL DA 1\u00aa FASE DA &#8220;OPERA\u00c7\u00c3O DEDO PODRE&#8221;, INDICIA 04 PESSOAS E REPRESENTA PELA PRIS\u00c3O PREVENTIVA DOS INTEGRANTES DA ASSOCIA\u00c7\u00c3O CRIMINOSA. Nesta quinta-feira (8), a Pol\u00edcia Civil do Estado de S\u00e3o Paulo, por interm\u00e9dio das unidades especializadas DIG\/DISE\/CIP, da Delegacia Seccional de Pol\u00edcia de Dracena\/SP, concluiu as investiga\u00e7\u00f5es [&hellip;]<\/p>\n","protected":false},"author":1,"featured_media":3207,"comment_status":"closed","ping_status":"open","sticky":false,"template":"","format":"standard","meta":{"footnotes":""},"categories":[110,2],"tags":[],"class_list":["post-3204","post","type-post","status-publish","format-standard","has-post-thumbnail","hentry","category-noticiasdestaque","category-policial"],"_links":{"self":[{"href":"https:\/\/jorgezanoni.com.br\/2019\/wp-json\/wp\/v2\/posts\/3204","targetHints":{"allow":["GET"]}}],"collection":[{"href":"https:\/\/jorgezanoni.com.br\/2019\/wp-json\/wp\/v2\/posts"}],"about":[{"href":"https:\/\/jorgezanoni.com.br\/2019\/wp-json\/wp\/v2\/types\/post"}],"author":[{"embeddable":true,"href":"https:\/\/jorgezanoni.com.br\/2019\/wp-json\/wp\/v2\/users\/1"}],"replies":[{"embeddable":true,"href":"https:\/\/jorgezanoni.com.br\/2019\/wp-json\/wp\/v2\/comments?post=3204"}],"version-history":[{"count":0,"href":"https:\/\/jorgezanoni.com.br\/2019\/wp-json\/wp\/v2\/posts\/3204\/revisions"}],"wp:featuredmedia":[{"embeddable":true,"href":"https:\/\/jorgezanoni.com.br\/2019\/wp-json\/wp\/v2\/media\/3207"}],"wp:attachment":[{"href":"https:\/\/jorgezanoni.com.br\/2019\/wp-json\/wp\/v2\/media?parent=3204"}],"wp:term":[{"taxonomy":"category","embeddable":true,"href":"https:\/\/jorgezanoni.com.br\/2019\/wp-json\/wp\/v2\/categories?post=3204"},{"taxonomy":"post_tag","embeddable":true,"href":"https:\/\/jorgezanoni.com.br\/2019\/wp-json\/wp\/v2\/tags?post=3204"}],"curies":[{"name":"wp","href":"https:\/\/api.w.org\/{rel}","templated":true}]}}