{"id":32016,"date":"2020-08-04T01:12:11","date_gmt":"2020-08-04T01:12:11","guid":{"rendered":"https:\/\/jorgezanoni.com.br\/2019\/?p=32016"},"modified":"2020-08-04T01:12:11","modified_gmt":"2020-08-04T01:12:11","slug":"acidente-entre-dois-veiculos-na-vicinal-do-oasis-no-municipio-de-tupi-paulista","status":"publish","type":"post","link":"https:\/\/jorgezanoni.com.br\/2019\/acidente-entre-dois-veiculos-na-vicinal-do-oasis-no-municipio-de-tupi-paulista\/","title":{"rendered":"Acidente entre dois ve\u00edculos na vicinal do O\u00e1sis no munic\u00edpio de Tupi Paulista"},"content":{"rendered":"<p style=\"text-align: justify;\"><strong>Motorista do primeiro ve\u00edculo alegou problemas e carro estava parado na pista sendo colidido na traseira.<\/strong><\/p>\n<p style=\"text-align: justify;\">Por volta de 19:40 Horas desta segunda-feira (3), foi registrado um acidente com v\u00edtimas na estrada Vicinal do Bairro O\u00e1sis no trecho pertencente a Tupi Paulista.<\/p>\n<p style=\"text-align: justify;\">Segundo informa\u00e7\u00f5es obtidas pela reportagem do <strong>SITE JORGE ZANONI<\/strong>, um ve\u00edculo Uno teria tido problemas mec\u00e2nicos e parou sobre a faixa de rolamento, momento que um ve\u00edculo Gol colidiu na traseiro e acabou capotando.<\/p>\n<p style=\"text-align: justify;\">Equipes de Resgaste do Corpo de Bombeiros estiveram no local sendo que o condutor do primeiro ve\u00edculo foi socorrido ao Pronto Socorro de Tupi Paulista, j\u00e1 o motorista do segundo ve\u00edculo e uma crian\u00e7a de 2 anos de idade foram socorridos ao Pronto Atendimento Municipal de Dracena.<\/p>\n<p style=\"text-align: justify;\">O condutor do Uno, segundo informa\u00e7\u00f5es a serem confirmadas, apresentava sinais de embriagues e ap\u00f3s ser liberado do PS dever\u00e1 se apresentar a autoridade policial que poder\u00e1 autu\u00e1-lo.<\/p>\n<p style=\"text-align: justify;\">A Pol\u00edcia Militar de Tupi Paulista esteve no local do acidente, o trecho precisou ser interditado para socorro das v\u00edtimas. A Pol\u00edcia T\u00e9cnica compareceu ao local e dever\u00e1 apontar as reais causas do acidente.<\/p>\n<p><img loading=\"lazy\" decoding=\"async\" class=\"alignnone size-full wp-image-32017\" src=\"https:\/\/jorgezanoni.com.br\/2019\/wp-content\/uploads\/2020\/08\/acidente-2.jpg\" alt=\"\" width=\"521\" height=\"362\" srcset=\"https:\/\/jorgezanoni.com.br\/2019\/wp-content\/uploads\/2020\/08\/acidente-2.jpg 521w, https:\/\/jorgezanoni.com.br\/2019\/wp-content\/uploads\/2020\/08\/acidente-2-300x208.jpg 300w, https:\/\/jorgezanoni.com.br\/2019\/wp-content\/uploads\/2020\/08\/acidente-2-100x70.jpg 100w, https:\/\/jorgezanoni.com.br\/2019\/wp-content\/uploads\/2020\/08\/acidente-2-218x150.jpg 218w\" sizes=\"auto, (max-width: 521px) 100vw, 521px\" \/> <img loading=\"lazy\" decoding=\"async\" class=\"alignnone size-full wp-image-32018\" src=\"https:\/\/jorgezanoni.com.br\/2019\/wp-content\/uploads\/2020\/08\/Acidente-2-1.jpg\" alt=\"\" width=\"774\" height=\"1032\" srcset=\"https:\/\/jorgezanoni.com.br\/2019\/wp-content\/uploads\/2020\/08\/Acidente-2-1.jpg 774w, https:\/\/jorgezanoni.com.br\/2019\/wp-content\/uploads\/2020\/08\/Acidente-2-1-225x300.jpg 225w, https:\/\/jorgezanoni.com.br\/2019\/wp-content\/uploads\/2020\/08\/Acidente-2-1-768x1024.jpg 768w, https:\/\/jorgezanoni.com.br\/2019\/wp-content\/uploads\/2020\/08\/Acidente-2-1-696x928.jpg 696w, https:\/\/jorgezanoni.com.br\/2019\/wp-content\/uploads\/2020\/08\/Acidente-2-1-315x420.jpg 315w\" sizes=\"auto, (max-width: 774px) 100vw, 774px\" \/><\/p>\n<p style=\"text-align: justify;\">Jorge Zanoni<\/p>\n<p style=\"text-align: justify;\">Fotos de Internauta<\/p>\n<p>&nbsp;<\/p>\n","protected":false},"excerpt":{"rendered":"<p>Motorista do primeiro ve\u00edculo alegou problemas e carro estava parado na pista sendo colidido na traseira. Por volta de 19:40 Horas desta segunda-feira (3), foi registrado um acidente com v\u00edtimas na estrada Vicinal do Bairro O\u00e1sis no trecho pertencente a Tupi Paulista. Segundo informa\u00e7\u00f5es obtidas pela reportagem do SITE JORGE ZANONI, um ve\u00edculo Uno teria [&hellip;]<\/p>\n","protected":false},"author":1,"featured_media":32019,"comment_status":"closed","ping_status":"open","sticky":false,"template":"","format":"standard","meta":{"footnotes":""},"categories":[170,110],"tags":[],"class_list":["post-32016","post","type-post","status-publish","format-standard","has-post-thumbnail","hentry","category-acidentes","category-noticiasdestaque"],"_links":{"self":[{"href":"https:\/\/jorgezanoni.com.br\/2019\/wp-json\/wp\/v2\/posts\/32016","targetHints":{"allow":["GET"]}}],"collection":[{"href":"https:\/\/jorgezanoni.com.br\/2019\/wp-json\/wp\/v2\/posts"}],"about":[{"href":"https:\/\/jorgezanoni.com.br\/2019\/wp-json\/wp\/v2\/types\/post"}],"author":[{"embeddable":true,"href":"https:\/\/jorgezanoni.com.br\/2019\/wp-json\/wp\/v2\/users\/1"}],"replies":[{"embeddable":true,"href":"https:\/\/jorgezanoni.com.br\/2019\/wp-json\/wp\/v2\/comments?post=32016"}],"version-history":[{"count":0,"href":"https:\/\/jorgezanoni.com.br\/2019\/wp-json\/wp\/v2\/posts\/32016\/revisions"}],"wp:featuredmedia":[{"embeddable":true,"href":"https:\/\/jorgezanoni.com.br\/2019\/wp-json\/wp\/v2\/media\/32019"}],"wp:attachment":[{"href":"https:\/\/jorgezanoni.com.br\/2019\/wp-json\/wp\/v2\/media?parent=32016"}],"wp:term":[{"taxonomy":"category","embeddable":true,"href":"https:\/\/jorgezanoni.com.br\/2019\/wp-json\/wp\/v2\/categories?post=32016"},{"taxonomy":"post_tag","embeddable":true,"href":"https:\/\/jorgezanoni.com.br\/2019\/wp-json\/wp\/v2\/tags?post=32016"}],"curies":[{"name":"wp","href":"https:\/\/api.w.org\/{rel}","templated":true}]}}