{"id":32013,"date":"2020-08-03T23:10:53","date_gmt":"2020-08-03T23:10:53","guid":{"rendered":"https:\/\/jorgezanoni.com.br\/2019\/?p=32013"},"modified":"2020-08-03T23:10:53","modified_gmt":"2020-08-03T23:10:53","slug":"boletim-atualizado-da-covid-19-da-secretaria-de-saude-de-dracena-03-08-20","status":"publish","type":"post","link":"https:\/\/jorgezanoni.com.br\/2019\/boletim-atualizado-da-covid-19-da-secretaria-de-saude-de-dracena-03-08-20\/","title":{"rendered":"Boletim atualizado da COVID-19 da Secretaria de Sa\u00fade de Dracena 03\/08\/20"},"content":{"rendered":"<p style=\"text-align: justify;\">A Secretaria Municipal de Sa\u00fade e Higiene P\u00fablica informa a atualiza\u00e7\u00e3o do quadro de casos suspeitos e confirmados de Covid-19 em Dracena.<\/p>\n<p style=\"text-align: justify;\">EM 3 DIAS (DESDE A \u00daLTIMA ATUALIZA\u00c7\u00c3O) FORAM CONTABILIZADOS 15 CASOS POSITIVOS NOS DADOS DO NOVO CORONAV\u00cdRUS NA CIDADE, E 10 PESSOAS CURADAS.<\/p>\n<p style=\"text-align: justify;\">ATEN\u00c7\u00c3O &#8211; A Prefeitura de Dracena contabiliza somente os n\u00fameros de moradores do munic\u00edpio. Pessoas de outras cidades que procuram por atendimento na Santa Casa de Dracena n\u00e3o entram nas estat\u00edsticas deste quadro.<\/p>\n<p>Fonte: https:\/\/www.facebook.com\/prefeituradracena\/<\/p>\n","protected":false},"excerpt":{"rendered":"<p>A Secretaria Municipal de Sa\u00fade e Higiene P\u00fablica informa a atualiza\u00e7\u00e3o do quadro de casos suspeitos e confirmados de Covid-19 em Dracena. EM 3 DIAS (DESDE A \u00daLTIMA ATUALIZA\u00c7\u00c3O) FORAM CONTABILIZADOS 15 CASOS POSITIVOS NOS DADOS DO NOVO CORONAV\u00cdRUS NA CIDADE, E 10 PESSOAS CURADAS. ATEN\u00c7\u00c3O &#8211; A Prefeitura de Dracena contabiliza somente os n\u00fameros [&hellip;]<\/p>\n","protected":false},"author":1,"featured_media":32014,"comment_status":"closed","ping_status":"open","sticky":false,"template":"","format":"standard","meta":{"footnotes":""},"categories":[179,184,110],"tags":[],"class_list":["post-32013","post","type-post","status-publish","format-standard","has-post-thumbnail","hentry","category-cidadeseregiao","category-dracena","category-noticiasdestaque"],"_links":{"self":[{"href":"https:\/\/jorgezanoni.com.br\/2019\/wp-json\/wp\/v2\/posts\/32013","targetHints":{"allow":["GET"]}}],"collection":[{"href":"https:\/\/jorgezanoni.com.br\/2019\/wp-json\/wp\/v2\/posts"}],"about":[{"href":"https:\/\/jorgezanoni.com.br\/2019\/wp-json\/wp\/v2\/types\/post"}],"author":[{"embeddable":true,"href":"https:\/\/jorgezanoni.com.br\/2019\/wp-json\/wp\/v2\/users\/1"}],"replies":[{"embeddable":true,"href":"https:\/\/jorgezanoni.com.br\/2019\/wp-json\/wp\/v2\/comments?post=32013"}],"version-history":[{"count":0,"href":"https:\/\/jorgezanoni.com.br\/2019\/wp-json\/wp\/v2\/posts\/32013\/revisions"}],"wp:featuredmedia":[{"embeddable":true,"href":"https:\/\/jorgezanoni.com.br\/2019\/wp-json\/wp\/v2\/media\/32014"}],"wp:attachment":[{"href":"https:\/\/jorgezanoni.com.br\/2019\/wp-json\/wp\/v2\/media?parent=32013"}],"wp:term":[{"taxonomy":"category","embeddable":true,"href":"https:\/\/jorgezanoni.com.br\/2019\/wp-json\/wp\/v2\/categories?post=32013"},{"taxonomy":"post_tag","embeddable":true,"href":"https:\/\/jorgezanoni.com.br\/2019\/wp-json\/wp\/v2\/tags?post=32013"}],"curies":[{"name":"wp","href":"https:\/\/api.w.org\/{rel}","templated":true}]}}