{"id":3201,"date":"2019-08-08T19:40:11","date_gmt":"2019-08-08T19:40:11","guid":{"rendered":"https:\/\/jorgezanoni.com.br\/2019\/?p=3201"},"modified":"2019-08-08T19:40:11","modified_gmt":"2019-08-08T19:40:11","slug":"13o-mega-feirao-de-automoveis-em-dracena","status":"publish","type":"post","link":"https:\/\/jorgezanoni.com.br\/2019\/13o-mega-feirao-de-automoveis-em-dracena\/","title":{"rendered":"13\u00ba Mega Feir\u00e3o de Autom\u00f3veis em Dracena"},"content":{"rendered":"<p style=\"text-align: justify;\">Nos dias 16. 17 e 18 de agosto acontece no recinto da Fapidra em Dracena, o 13\u00ba Mega Feir\u00e3o de Autom\u00f3veis.<\/p>\n<p style=\"text-align: justify;\">A maior oferta de ve\u00edculos de toda a regi\u00e3o.<\/p>\n<p style=\"text-align: justify;\">Especial m\u00eas dos pais. Comprou, ganhou tanque cheio.<\/p>\n<p style=\"text-align: justify;\">Realiza\u00e7\u00e3o do Grupo de Lojas de Dracena<\/p>\n","protected":false},"excerpt":{"rendered":"<p>Nos dias 16. 17 e 18 de agosto acontece no recinto da Fapidra em Dracena, o 13\u00ba Mega Feir\u00e3o de Autom\u00f3veis. A maior oferta de ve\u00edculos de toda a regi\u00e3o. Especial m\u00eas dos pais. Comprou, ganhou tanque cheio. Realiza\u00e7\u00e3o do Grupo de Lojas de Dracena<\/p>\n","protected":false},"author":1,"featured_media":3202,"comment_status":"closed","ping_status":"open","sticky":false,"template":"","format":"standard","meta":{"footnotes":""},"categories":[172,110],"tags":[],"class_list":["post-3201","post","type-post","status-publish","format-standard","has-post-thumbnail","hentry","category-agenda","category-noticiasdestaque"],"_links":{"self":[{"href":"https:\/\/jorgezanoni.com.br\/2019\/wp-json\/wp\/v2\/posts\/3201","targetHints":{"allow":["GET"]}}],"collection":[{"href":"https:\/\/jorgezanoni.com.br\/2019\/wp-json\/wp\/v2\/posts"}],"about":[{"href":"https:\/\/jorgezanoni.com.br\/2019\/wp-json\/wp\/v2\/types\/post"}],"author":[{"embeddable":true,"href":"https:\/\/jorgezanoni.com.br\/2019\/wp-json\/wp\/v2\/users\/1"}],"replies":[{"embeddable":true,"href":"https:\/\/jorgezanoni.com.br\/2019\/wp-json\/wp\/v2\/comments?post=3201"}],"version-history":[{"count":0,"href":"https:\/\/jorgezanoni.com.br\/2019\/wp-json\/wp\/v2\/posts\/3201\/revisions"}],"wp:featuredmedia":[{"embeddable":true,"href":"https:\/\/jorgezanoni.com.br\/2019\/wp-json\/wp\/v2\/media\/3202"}],"wp:attachment":[{"href":"https:\/\/jorgezanoni.com.br\/2019\/wp-json\/wp\/v2\/media?parent=3201"}],"wp:term":[{"taxonomy":"category","embeddable":true,"href":"https:\/\/jorgezanoni.com.br\/2019\/wp-json\/wp\/v2\/categories?post=3201"},{"taxonomy":"post_tag","embeddable":true,"href":"https:\/\/jorgezanoni.com.br\/2019\/wp-json\/wp\/v2\/tags?post=3201"}],"curies":[{"name":"wp","href":"https:\/\/api.w.org\/{rel}","templated":true}]}}