{"id":31998,"date":"2020-08-03T13:45:59","date_gmt":"2020-08-03T13:45:59","guid":{"rendered":"https:\/\/jorgezanoni.com.br\/2019\/?p=31998"},"modified":"2020-08-03T13:45:59","modified_gmt":"2020-08-03T13:45:59","slug":"quatro-homens-acabam-feridos-por-faca-durante-confusao-no-jardim-monte-alto-em-presidente-prudente","status":"publish","type":"post","link":"https:\/\/jorgezanoni.com.br\/2019\/quatro-homens-acabam-feridos-por-faca-durante-confusao-no-jardim-monte-alto-em-presidente-prudente\/","title":{"rendered":"Quatro homens acabam feridos por faca durante confus\u00e3o no Jardim Monte Alto em Presidente Prudente"},"content":{"rendered":"<h2 class=\"content-head__subtitle\" style=\"text-align: justify;\"><strong>Enquanto o agressor atingia a v\u00edtima, outras duas pessoas tentaram intervir e se feriram. Na sequ\u00eancia, desconhecidos atingiram tamb\u00e9m o primeiro indiv\u00edduo.<\/strong><\/h2>\n<div class=\"mc-column content-text active-extra-styles \" data-block-type=\"unstyled\" data-block-weight=\"34\" data-block-id=\"2\">\n<p class=\"content-text__container \" style=\"text-align: justify;\" data-track-category=\"Link no Texto\" data-track-links=\"\">Quatro homens sofreram ferimentos causados por faca em uma confus\u00e3o no Jardim Monte Alto, em\u00a0<a href=\"http:\/\/g1.globo.com\/sp\/presidente-prudente-regiao\/cidade\/presidente-prudente.html\">Presidente Prudente<\/a>. O caso foi registrado, inicialmente, como les\u00e3o corporal. A Pol\u00edcia Civil deve apurar as condutas dos envolvidos.<\/p>\n<\/div>\n<div class=\"wall protected-content\">\n<div class=\"mc-column content-text active-extra-styles \" style=\"text-align: justify;\" data-block-type=\"unstyled\" data-block-weight=\"27\" data-block-id=\"3\">\n<p class=\"content-text__container \" data-track-category=\"Link no Texto\" data-track-links=\"\">De acordo com o Boletim de Ocorr\u00eancia, dois homens chegaram ao local em uma motocicleta. O passageiro desembarcou e atingiu a golpes de faca um segundo homem.<\/p>\n<\/div>\n<div class=\"mc-column content-text active-extra-styles \" style=\"text-align: justify;\" data-block-type=\"unstyled\" data-block-weight=\"31\" data-block-id=\"4\">\n<p class=\"content-text__container \" data-track-category=\"Link no Texto\" data-track-links=\"\">Outros dois homens que estavam pelo local foram intervir na briga e sofreram ferimentos considerados superficiais. Um deles foi socorrido a uma unidade de sa\u00fade, mas n\u00e3o corre risco de morte.<\/p>\n<\/div>\n<div class=\"mc-column content-text active-extra-styles \" style=\"text-align: justify;\" data-block-type=\"unstyled\" data-block-weight=\"34\" data-block-id=\"5\">\n<p class=\"content-text__container \" data-track-category=\"Link no Texto\" data-track-links=\"\">Na sequ\u00eancia, o primeiro agressor tamb\u00e9m teria sido ferido a facadas por outros indiv\u00edduos n\u00e3o identificados. O homem foi socorrido ao Hospital Regional (HR) e passaria por interven\u00e7\u00e3o cir\u00fargica, conforme o Boletim de Ocorr\u00eancia.<\/p>\n<\/div>\n<div class=\"mc-column content-text active-extra-styles \" style=\"text-align: justify;\" data-block-type=\"unstyled\" data-block-weight=\"38\" data-block-id=\"6\">\n<p class=\"content-text__container \" data-track-category=\"Link no Texto\" data-track-links=\"\">Em nota ao\u00a0<strong>G1<\/strong>, o HR disse que o homem \u201cdeu entrada na unidade na noite de ontem (02\/08) recebendo todos os cuidados da equipe m\u00e9dica e multiprofissional\u201d. \u201cNeste momento, seu estado de sa\u00fade \u00e9 considerado est\u00e1vel\u201d, afirmou.<\/p>\n<\/div>\n<div class=\"mc-column content-text active-extra-styles \" data-block-type=\"unstyled\" data-block-weight=\"47\" data-block-id=\"7\">\n<p class=\"content-text__container \" style=\"text-align: justify;\" data-track-category=\"Link no Texto\" data-track-links=\"\">Segundo consta no Boletim de Ocorr\u00eancia, os fatos narrados na Delegacia da Pol\u00edcia Civil s\u00e3o \u201cconfusos e superficiais neste momento, portanto, n\u00e3o permitem a forma\u00e7\u00e3o de Ju\u00edzo sobre as condutas dos envolvidos, de modo que foi determinada a lavratura do presente para cabal apura\u00e7\u00e3o dos fatos\u201d.<\/p>\n<div class=\"mc-column content-text active-extra-styles \" style=\"text-align: justify;\" data-block-type=\"unstyled\" data-block-weight=\"8\" data-block-id=\"9\">\n<p class=\"content-text__container \" data-track-category=\"Link no Texto\" data-track-links=\"\">O caso foi inicialmente registrado como les\u00e3o corporal.<\/p>\n<\/div>\n<div class=\"mc-column content-text active-extra-styles \" style=\"text-align: justify;\" data-block-type=\"unstyled\" data-block-weight=\"5\" data-block-id=\"10\">\n<p class=\"content-text__container \" data-track-category=\"Link no Texto\" data-track-links=\"\">A faca n\u00e3o foi localizada.<\/p>\n<\/div>\n<div class=\"row medium-uncollapsed content-media content-photo\" data-block-type=\"backstage-photo\" data-block-id=\"11\">\n<div class=\"mc-column content-media__container\">\n<figure style=\"text-align: justify;\"><img decoding=\"async\" class=\"i-amphtml-fill-content i-amphtml-replaced-content\" src=\"https:\/\/s2.glbimg.com\/2otCRak_qBxeSBQTCywQKXpmW-w=\/0x0:1280x605\/984x0\/smart\/filters:strip_icc()\/i.s3.glbimg.com\/v1\/AUTH_59edd422c0c84a879bd37670ae4f538a\/internal_photos\/bs\/2020\/e\/p\/CORZTaR0aufnk8SuehcA\/whatsapp-image-2020-08-03-at-06.06.24.jpeg\" sizes=\"(max-width: 1242px) 648px, 100vw\" srcset=\"https:\/\/s2.glbimg.com\/m9cWglGmCmAsEJBAxcPFZo3Dhbw=\/0x0:1280x605\/1000x0\/smart\/filters:strip_icc()\/i.s3.glbimg.com\/v1\/AUTH_59edd422c0c84a879bd37670ae4f538a\/internal_photos\/bs\/2020\/e\/p\/CORZTaR0aufnk8SuehcA\/whatsapp-image-2020-08-03-at-06.06.24.jpeg 1000w, https:\/\/s2.glbimg.com\/2otCRak_qBxeSBQTCywQKXpmW-w=\/0x0:1280x605\/984x0\/smart\/filters:strip_icc()\/i.s3.glbimg.com\/v1\/AUTH_59edd422c0c84a879bd37670ae4f538a\/internal_photos\/bs\/2020\/e\/p\/CORZTaR0aufnk8SuehcA\/whatsapp-image-2020-08-03-at-06.06.24.jpeg 984w, https:\/\/s2.glbimg.com\/yYUUQIEfDn4sHaXvI5WgjJe6Rg0=\/0x0:1280x605\/640x0\/smart\/filters:strip_icc()\/i.s3.glbimg.com\/v1\/AUTH_59edd422c0c84a879bd37670ae4f538a\/internal_photos\/bs\/2020\/e\/p\/CORZTaR0aufnk8SuehcA\/whatsapp-image-2020-08-03-at-06.06.24.jpeg 640w, https:\/\/s2.glbimg.com\/n3ufSKGREakutlZhXneWTsTAobk=\/0x0:1280x605\/600x0\/smart\/filters:strip_icc()\/i.s3.glbimg.com\/v1\/AUTH_59edd422c0c84a879bd37670ae4f538a\/internal_photos\/bs\/2020\/e\/p\/CORZTaR0aufnk8SuehcA\/whatsapp-image-2020-08-03-at-06.06.24.jpeg 600w\" alt=\"Confus\u00e3o foi registrada no Jardim Monte Alto, em Presidente Prudente \u2014 Foto: Pol\u00edcia Militar\" \/><\/figure>\n<p class=\"content-media__description \" style=\"text-align: justify;\">Confus\u00e3o foi registrada no Jardim Monte Alto, em Presidente Prudente \u2014 Foto: Pol\u00edcia Militar<\/p>\n<p style=\"text-align: justify;\">Fonte: G1<\/p>\n<\/div>\n<\/div>\n<\/div>\n<\/div>\n","protected":false},"excerpt":{"rendered":"<p>Enquanto o agressor atingia a v\u00edtima, outras duas pessoas tentaram intervir e se feriram. Na sequ\u00eancia, desconhecidos atingiram tamb\u00e9m o primeiro indiv\u00edduo. Quatro homens sofreram ferimentos causados por faca em uma confus\u00e3o no Jardim Monte Alto, em\u00a0Presidente Prudente. O caso foi registrado, inicialmente, como les\u00e3o corporal. A Pol\u00edcia Civil deve apurar as condutas dos envolvidos. [&hellip;]<\/p>\n","protected":false},"author":1,"featured_media":31999,"comment_status":"closed","ping_status":"open","sticky":false,"template":"","format":"standard","meta":{"footnotes":""},"categories":[110,2],"tags":[],"class_list":["post-31998","post","type-post","status-publish","format-standard","has-post-thumbnail","hentry","category-noticiasdestaque","category-policial"],"_links":{"self":[{"href":"https:\/\/jorgezanoni.com.br\/2019\/wp-json\/wp\/v2\/posts\/31998","targetHints":{"allow":["GET"]}}],"collection":[{"href":"https:\/\/jorgezanoni.com.br\/2019\/wp-json\/wp\/v2\/posts"}],"about":[{"href":"https:\/\/jorgezanoni.com.br\/2019\/wp-json\/wp\/v2\/types\/post"}],"author":[{"embeddable":true,"href":"https:\/\/jorgezanoni.com.br\/2019\/wp-json\/wp\/v2\/users\/1"}],"replies":[{"embeddable":true,"href":"https:\/\/jorgezanoni.com.br\/2019\/wp-json\/wp\/v2\/comments?post=31998"}],"version-history":[{"count":0,"href":"https:\/\/jorgezanoni.com.br\/2019\/wp-json\/wp\/v2\/posts\/31998\/revisions"}],"wp:featuredmedia":[{"embeddable":true,"href":"https:\/\/jorgezanoni.com.br\/2019\/wp-json\/wp\/v2\/media\/31999"}],"wp:attachment":[{"href":"https:\/\/jorgezanoni.com.br\/2019\/wp-json\/wp\/v2\/media?parent=31998"}],"wp:term":[{"taxonomy":"category","embeddable":true,"href":"https:\/\/jorgezanoni.com.br\/2019\/wp-json\/wp\/v2\/categories?post=31998"},{"taxonomy":"post_tag","embeddable":true,"href":"https:\/\/jorgezanoni.com.br\/2019\/wp-json\/wp\/v2\/tags?post=31998"}],"curies":[{"name":"wp","href":"https:\/\/api.w.org\/{rel}","templated":true}]}}