{"id":31994,"date":"2020-08-03T13:26:47","date_gmt":"2020-08-03T13:26:47","guid":{"rendered":"https:\/\/jorgezanoni.com.br\/2019\/?p=31994"},"modified":"2020-08-03T13:26:47","modified_gmt":"2020-08-03T13:26:47","slug":"mulher-morre-apos-motorista-embriagado-capotar-veiculo-na-sp-563-em-dracena","status":"publish","type":"post","link":"https:\/\/jorgezanoni.com.br\/2019\/mulher-morre-apos-motorista-embriagado-capotar-veiculo-na-sp-563-em-dracena\/","title":{"rendered":"Mulher morre ap\u00f3s motorista embriagado capotar ve\u00edculo na SP-563 em Dracena"},"content":{"rendered":"<h2 class=\"content-head__subtitle\" style=\"text-align: justify;\"><strong>V\u00edtima fatal, que era passageira do carro, chegou a ser socorrida, mas n\u00e3o resistiu. Condutor sofreu ferimentos de natureza grave.<\/strong><\/h2>\n<div class=\"mc-column content-text active-extra-styles active-capital-letter\" data-block-type=\"unstyled\" data-block-weight=\"41\" data-block-id=\"1\">\n<p class=\"content-text__container theme-color-primary-first-letter\" style=\"text-align: justify;\" data-track-category=\"Link no Texto\" data-track-links=\"\">Um capotamento deixou uma v\u00edtima fatal e uma v\u00edtima de natureza grave na Rodovia General Euclides de Oliveira Figueiredo (SP-563), em\u00a0<a href=\"http:\/\/g1.globo.com\/sp\/presidente-prudente-regiao\/cidade\/dracena.html\">Dracena<\/a>. De acordo com a Pol\u00edcia Rodovi\u00e1ria, o motorista do carro estava embriagado. O caso foi registrado neste domingo (2).<\/p>\n<\/div>\n<div class=\"wall protected-content\">\n<div class=\"mc-column content-text active-extra-styles \" style=\"text-align: justify;\" data-block-type=\"unstyled\" data-block-weight=\"30\" data-block-id=\"2\">\n<p class=\"content-text__container \" data-track-category=\"Link no Texto\" data-track-links=\"\">Conforme a Pol\u00edcia Rodovi\u00e1ria, o ve\u00edculo, com placas de Ouro Verde (SP), seguia no sentido aos munic\u00edpios de Presidente Venceslau a Tupi Paulista quando, por motivos a serem esclarecidos, capotou.<\/p>\n<\/div>\n<div class=\"mc-column content-text active-extra-styles \" style=\"text-align: justify;\" data-block-type=\"unstyled\" data-block-weight=\"24\" data-block-id=\"3\">\n<p class=\"content-text__container \" data-track-category=\"Link no Texto\" data-track-links=\"\">O acidente vitimou fatalmente a passageira, de 49 anos, que chegou a ser socorrida ao hospital de Dracena, mas n\u00e3o resistiu aos ferimentos.<\/p>\n<\/div>\n<div class=\"mc-column content-text active-extra-styles \" style=\"text-align: justify;\" data-block-type=\"unstyled\" data-block-weight=\"49\" data-block-id=\"4\">\n<p class=\"content-text__container \" data-track-category=\"Link no Texto\" data-track-links=\"\">O condutor do carro, de 54 anos, com sinais de embriaguez e v\u00edtima de natureza grave, foi socorrido ao hospital de Dracena. Ele foi submetido ao teste do baf\u00f4metro, que indicou a presen\u00e7a de \u00e1lcool e organismo. Com isso, foi ratificada a pris\u00e3o em flagrante por embriaguez ao volante.<\/p>\n<\/div>\n<div class=\"mc-column content-text active-extra-styles \" style=\"text-align: justify;\" data-block-type=\"unstyled\" data-block-weight=\"14\" data-block-id=\"5\">\n<p class=\"content-text__container \" data-track-category=\"Link no Texto\" data-track-links=\"\">O tr\u00e2nsito local n\u00e3o teve consequ\u00eancias em raz\u00e3o do fato ou de seu atendimento.<\/p>\n<\/div>\n<div class=\"mc-column content-text active-extra-styles \" style=\"text-align: justify;\" data-block-type=\"unstyled\" data-block-weight=\"25\" data-block-id=\"6\">\n<p class=\"content-text__container \" data-track-category=\"Link no Texto\" data-track-links=\"\">Al\u00e9m das equipes do Policiamento Rodovi\u00e1rio e Corpo de Bombeiros, tamb\u00e9m compareceu no local o Departamento de Estrada de Rodagens (DER), que apoiou na sinaliza\u00e7\u00e3o.<\/p>\n<\/div>\n<div class=\"mc-column content-text active-extra-styles \" data-block-type=\"unstyled\" data-block-weight=\"7\" data-block-id=\"7\">\n<p class=\"content-text__container \" style=\"text-align: justify;\" data-track-category=\"Link no Texto\" data-track-links=\"\">O ve\u00edculo e o local foram periciados.<\/p>\n<p style=\"text-align: justify;\" data-track-category=\"Link no Texto\" data-track-links=\"\">Fonte: G1<\/p>\n<\/div>\n<\/div>\n","protected":false},"excerpt":{"rendered":"<p>V\u00edtima fatal, que era passageira do carro, chegou a ser socorrida, mas n\u00e3o resistiu. Condutor sofreu ferimentos de natureza grave. Um capotamento deixou uma v\u00edtima fatal e uma v\u00edtima de natureza grave na Rodovia General Euclides de Oliveira Figueiredo (SP-563), em\u00a0Dracena. De acordo com a Pol\u00edcia Rodovi\u00e1ria, o motorista do carro estava embriagado. O caso [&hellip;]<\/p>\n","protected":false},"author":1,"featured_media":31996,"comment_status":"closed","ping_status":"open","sticky":false,"template":"","format":"standard","meta":{"footnotes":""},"categories":[170,110],"tags":[],"class_list":["post-31994","post","type-post","status-publish","format-standard","has-post-thumbnail","hentry","category-acidentes","category-noticiasdestaque"],"_links":{"self":[{"href":"https:\/\/jorgezanoni.com.br\/2019\/wp-json\/wp\/v2\/posts\/31994","targetHints":{"allow":["GET"]}}],"collection":[{"href":"https:\/\/jorgezanoni.com.br\/2019\/wp-json\/wp\/v2\/posts"}],"about":[{"href":"https:\/\/jorgezanoni.com.br\/2019\/wp-json\/wp\/v2\/types\/post"}],"author":[{"embeddable":true,"href":"https:\/\/jorgezanoni.com.br\/2019\/wp-json\/wp\/v2\/users\/1"}],"replies":[{"embeddable":true,"href":"https:\/\/jorgezanoni.com.br\/2019\/wp-json\/wp\/v2\/comments?post=31994"}],"version-history":[{"count":0,"href":"https:\/\/jorgezanoni.com.br\/2019\/wp-json\/wp\/v2\/posts\/31994\/revisions"}],"wp:featuredmedia":[{"embeddable":true,"href":"https:\/\/jorgezanoni.com.br\/2019\/wp-json\/wp\/v2\/media\/31996"}],"wp:attachment":[{"href":"https:\/\/jorgezanoni.com.br\/2019\/wp-json\/wp\/v2\/media?parent=31994"}],"wp:term":[{"taxonomy":"category","embeddable":true,"href":"https:\/\/jorgezanoni.com.br\/2019\/wp-json\/wp\/v2\/categories?post=31994"},{"taxonomy":"post_tag","embeddable":true,"href":"https:\/\/jorgezanoni.com.br\/2019\/wp-json\/wp\/v2\/tags?post=31994"}],"curies":[{"name":"wp","href":"https:\/\/api.w.org\/{rel}","templated":true}]}}