{"id":31991,"date":"2020-08-03T13:12:55","date_gmt":"2020-08-03T13:12:55","guid":{"rendered":"https:\/\/jorgezanoni.com.br\/2019\/?p=31991"},"modified":"2020-08-03T13:12:55","modified_gmt":"2020-08-03T13:12:55","slug":"batida-seguida-de-capotamento-deixa-uma-pessoa-morta-e-outras-quatro-feridas-em-rosana","status":"publish","type":"post","link":"https:\/\/jorgezanoni.com.br\/2019\/batida-seguida-de-capotamento-deixa-uma-pessoa-morta-e-outras-quatro-feridas-em-rosana\/","title":{"rendered":"Batida seguida de capotamento deixa uma pessoa morta e outras quatro feridas em Rosana"},"content":{"rendered":"<h2 class=\"content-head__subtitle\" style=\"text-align: justify;\"><strong>Al\u00e9m do \u00f3bito, duas v\u00edtimas foram consideradas graves, sendo uma crian\u00e7a de 7 anos, e duas foram consideradas leves.<\/strong><\/h2>\n<div class=\"mc-column content-text active-extra-styles active-capital-letter\" data-block-type=\"unstyled\" data-block-weight=\"45\" data-block-id=\"1\">\n<p class=\"content-text__container theme-color-primary-first-letter\" style=\"text-align: justify;\" data-track-category=\"Link no Texto\" data-track-links=\"\">Uma mulher de 37 anos morreu ap\u00f3s um acidente de tr\u00e2nsito na Rodovia Arlindo B\u00e9ttio (SP-613), em\u00a0<a href=\"http:\/\/g1.globo.com\/sp\/presidente-prudente-regiao\/cidade\/rosana.html\">Rosana<\/a>\u00a0<a href=\"http:\/\/g1.globo.com\/sp\/presidente-prudente-regiao\/cidade\/rosana.html\">(SP)<\/a>. A ocorr\u00eancia ainda deixou duas v\u00edtimas graves, sendo uma delas uma crian\u00e7a de 7 anos, e duas v\u00edtimas consideradas leves. O fato foi neste domingo (2).<\/p>\n<\/div>\n<div class=\"wall protected-content\">\n<div class=\"mc-column content-text active-extra-styles \" style=\"text-align: justify;\" data-block-type=\"unstyled\" data-block-weight=\"44\" data-block-id=\"2\">\n<p class=\"content-text__container \" data-track-category=\"Link no Texto\" data-track-links=\"\">O ve\u00edculo, com placas de Birigui (SP), seguia no sentido aos munic\u00edpios de Rosana a Euclides da Cunha Paulista, quando por raz\u00f5es a serem apuradas, chocou-se em uma \u00e1rvore \u00e0s margens da rodovia e, em seguida, capotou e caiu em ribanceira existente no local.<\/p>\n<\/div>\n<div class=\"mc-column content-text active-extra-styles \" style=\"text-align: justify;\" data-block-type=\"unstyled\" data-block-weight=\"51\" data-block-id=\"3\">\n<p class=\"content-text__container \" data-track-category=\"Link no Texto\" data-track-links=\"\">A colis\u00e3o vitimou os cinco ocupantes do ve\u00edculo, sendo um beb\u00ea de um ano (v\u00edtima leve), um garoto de 7 anos (v\u00edtima grave), o condutor e o passageiro do banco da frente, de 43 e 78 anos (v\u00edtimas graves), al\u00e9m da v\u00edtima fatal, uma mulher de 37 anos, tamb\u00e9m passageira.<\/p>\n<\/div>\n<div class=\"mc-column content-text active-extra-styles \" style=\"text-align: justify;\" data-block-type=\"unstyled\" data-block-weight=\"29\" data-block-id=\"4\">\n<p class=\"content-text__container \" data-track-category=\"Link no Texto\" data-track-links=\"\">Com exce\u00e7\u00e3o da v\u00edtima fatal, cujo \u00f3bito foi constatado no local, os demais foram socorridos ao Hospital Regional de Primavera, distrito de Rosana, por equipes do Corpo de Bombeiros.<\/p>\n<\/div>\n<div class=\"mc-column content-text active-extra-styles \" style=\"text-align: justify;\" data-block-type=\"unstyled\" data-block-weight=\"21\" data-block-id=\"5\">\n<p class=\"content-text__container \" data-track-category=\"Link no Texto\" data-track-links=\"\">O local sofreu moment\u00e2nea interdi\u00e7\u00e3o em virtude do socorro \u00e0s v\u00edtimas. Ap\u00f3s, o fluxo foi liberado com o controle da sinaliza\u00e7\u00e3o.<\/p>\n<\/div>\n<div class=\"mc-column content-text active-extra-styles \" style=\"text-align: justify;\" data-block-type=\"unstyled\" data-block-weight=\"11\" data-block-id=\"6\">\n<p class=\"content-text__container \" data-track-category=\"Link no Texto\" data-track-links=\"\">As v\u00edtimas, membros da mesma fam\u00edlia, s\u00e3o moradoras de Birigui (SP).<\/p>\n<\/div>\n<div class=\"mc-column content-text active-extra-styles \" style=\"text-align: justify;\" data-block-type=\"unstyled\" data-block-weight=\"29\" data-block-id=\"7\">\n<p class=\"content-text__container \" data-track-category=\"Link no Texto\" data-track-links=\"\">Em apoio ao atendimento, al\u00e9m das equipes do Policiamento Rodovi\u00e1rio, Policiamento Territorial e Corpo de Bombeiros, tamb\u00e9m compareceu o Departamento de Estrada de Rodagens (DER), que apoiou na sinaliza\u00e7\u00e3o.<\/p>\n<\/div>\n<div class=\"mc-column content-text active-extra-styles \" data-block-type=\"unstyled\" data-block-weight=\"19\" data-block-id=\"8\">\n<p class=\"content-text__container \" style=\"text-align: justify;\" data-track-category=\"Link no Texto\" data-track-links=\"\">O ve\u00edculo e o local foram periciados, o que servir\u00e1 de base para a apura\u00e7\u00e3o e confirma\u00e7\u00e3o dos fatos.<\/p>\n<p style=\"text-align: justify;\" data-track-category=\"Link no Texto\" data-track-links=\"\">Fonte: G1<\/p>\n<\/div>\n<\/div>\n","protected":false},"excerpt":{"rendered":"<p>Al\u00e9m do \u00f3bito, duas v\u00edtimas foram consideradas graves, sendo uma crian\u00e7a de 7 anos, e duas foram consideradas leves. Uma mulher de 37 anos morreu ap\u00f3s um acidente de tr\u00e2nsito na Rodovia Arlindo B\u00e9ttio (SP-613), em\u00a0Rosana\u00a0(SP). A ocorr\u00eancia ainda deixou duas v\u00edtimas graves, sendo uma delas uma crian\u00e7a de 7 anos, e duas v\u00edtimas consideradas [&hellip;]<\/p>\n","protected":false},"author":1,"featured_media":31992,"comment_status":"closed","ping_status":"open","sticky":false,"template":"","format":"standard","meta":{"footnotes":""},"categories":[170,110],"tags":[],"class_list":["post-31991","post","type-post","status-publish","format-standard","has-post-thumbnail","hentry","category-acidentes","category-noticiasdestaque"],"_links":{"self":[{"href":"https:\/\/jorgezanoni.com.br\/2019\/wp-json\/wp\/v2\/posts\/31991","targetHints":{"allow":["GET"]}}],"collection":[{"href":"https:\/\/jorgezanoni.com.br\/2019\/wp-json\/wp\/v2\/posts"}],"about":[{"href":"https:\/\/jorgezanoni.com.br\/2019\/wp-json\/wp\/v2\/types\/post"}],"author":[{"embeddable":true,"href":"https:\/\/jorgezanoni.com.br\/2019\/wp-json\/wp\/v2\/users\/1"}],"replies":[{"embeddable":true,"href":"https:\/\/jorgezanoni.com.br\/2019\/wp-json\/wp\/v2\/comments?post=31991"}],"version-history":[{"count":0,"href":"https:\/\/jorgezanoni.com.br\/2019\/wp-json\/wp\/v2\/posts\/31991\/revisions"}],"wp:featuredmedia":[{"embeddable":true,"href":"https:\/\/jorgezanoni.com.br\/2019\/wp-json\/wp\/v2\/media\/31992"}],"wp:attachment":[{"href":"https:\/\/jorgezanoni.com.br\/2019\/wp-json\/wp\/v2\/media?parent=31991"}],"wp:term":[{"taxonomy":"category","embeddable":true,"href":"https:\/\/jorgezanoni.com.br\/2019\/wp-json\/wp\/v2\/categories?post=31991"},{"taxonomy":"post_tag","embeddable":true,"href":"https:\/\/jorgezanoni.com.br\/2019\/wp-json\/wp\/v2\/tags?post=31991"}],"curies":[{"name":"wp","href":"https:\/\/api.w.org\/{rel}","templated":true}]}}