{"id":31939,"date":"2020-08-02T21:18:54","date_gmt":"2020-08-02T21:18:54","guid":{"rendered":"https:\/\/jorgezanoni.com.br\/2019\/?p=31939"},"modified":"2020-08-02T21:18:54","modified_gmt":"2020-08-02T21:18:54","slug":"aviao-com-drogas-avaliadas-em-r-12-milhoes-que-foi-obrigado-pela-fab-a-pousar-em-tres-lagoas-e-interceptado","status":"publish","type":"post","link":"https:\/\/jorgezanoni.com.br\/2019\/aviao-com-drogas-avaliadas-em-r-12-milhoes-que-foi-obrigado-pela-fab-a-pousar-em-tres-lagoas-e-interceptado\/","title":{"rendered":"Avi\u00e3o com drogas avaliadas em R$ 12 milh\u00f5es que foi obrigado pela FAB a pousar em Tr\u00eas Lagoas \u00e9 interceptado"},"content":{"rendered":"<p style=\"text-align: justify;\"><strong>Uma pessoa j\u00e1 foi presa e um segundo suspeito conseguiu escapar do cerco e est\u00e1 sendo procurado pelas for\u00e7as policiais.<\/strong><\/p>\n<p style=\"text-align: justify;\">TR\u00caS LAGOAS: Com exclusividade, a reportagem da R\u00e1dio Ca\u00e7ula de Tr\u00eas Lagoas obteve informa\u00e7\u00f5es sobre os ocupantes da aeronave que fugiu neste domingo (02) dos ca\u00e7as e de um helic\u00f3ptero da For\u00e7a A\u00e9rea Brasileira (FAB).<\/p>\n<p style=\"text-align: justify;\">Acredita-se que o avi\u00e3o carregado com coca\u00edna saiu da fronteira do Brasil com o Paraguay e na regi\u00e3o de Tr\u00eas Lagoas, ap\u00f3s ser sido flagrado pelos radares, teria sido dado a ordem de parada para que os ocupantes do avi\u00e3o fizessem o pouso no aeroporto municipal, caso contr\u00e1rio, seria abatido.<\/p>\n<div class=\"img_left boo-component-image component_image_81623\" style=\"text-align: justify;\">\n<div class=\"image_box\"><a class=\"ampliar_imagem\" title=\"Foto: Marco Campos \" href=\"https:\/\/www.radiocacula.com.br\/media\/images\/7895\/81623\/tmp\/wmX-1280x960x4-5f270b536c5b1bd1f2287d459b94e46856b1ae43f23ec.jpg\"><img loading=\"lazy\" decoding=\"async\" src=\"https:\/\/www.radiocacula.com.br\/media\/images\/7895\/81623\/\/5f270b536c5b1bd1f2287d459b94e46856b1ae43f23ec.jpg\" alt=\"Foto: Marco Campos \" width=\"640\" height=\"480\" \/><\/a>Foto: Marco Campos<\/div>\n<\/div>\n<div style=\"text-align: justify;\">\n<div class=\"boo-multibanner u-beforetext is-showed\" data-width=\"960px\" data-height=\"240px\" data-delay=\"2000\" data-show-at=\"0.6\" data-scroll-offset=\"0\" data-initial-pos=\"1668.96875\">\n<div class=\"boo-multibanner-inner\"><ins id=\"aswift_0_expand\" data-ad-slot=\"www.radiocacula.com.br\" data-overlap-observer-io=\"true\"><ins id=\"aswift_0_anchor\"><\/ins><\/ins><\/p>\n<div id=\"beacon_f59bbf8cf4\"><img loading=\"lazy\" decoding=\"async\" src=\"https:\/\/banner.radiocacula.com.br\/www\/delivery\/lg.php?bannerid=944&amp;campaignid=871&amp;zoneid=73&amp;loc=https%3A%2F%2Fwww.radiocacula.com.br%2Fnoticias%2Fpolicial%2Fexclusivo-aviao-com-drogas-avaliadas-em-r-12-milhoes-que-foi-obrigado-pela-fab-a-pousar-em-tres-lagoas-e-inter%3Ffbclid%3DIwAR0Azfz6Ng9pB01Qm9T_6PigICxKWnGihFt1-rOoH7oiLMl3BwEglG105Fc&amp;referer=https%3A%2F%2Fwww.facebook.com%2F&amp;cb=f59bbf8cf4\" alt=\"\" width=\"0\" height=\"0\" \/><\/div>\n<\/div>\n<\/div>\n<\/div>\n<div class=\"content_text_333059 boo-component-text\" style=\"text-align: justify;\">\n<p>Ao notar a presen\u00e7a no aeroporto das Pol\u00edcias Militar (PM) e Federal (PF) de Tr\u00eas Lagoas, o piloto arremeteu e fugiu no sentido a regi\u00e3o do Rio Sucuru\u00ed. Ca\u00e7as e um helic\u00f3ptero da FAB come\u00e7aram mais uma vez o acompanhamento t\u00e1tico.<\/p>\n<p>Ao perceber que seria abatido, o piloto do avi\u00e3o suspeito, que retornou para a regi\u00e3o de Nova Andradina-MS, distante 284 Km de Tr\u00eas Lagoas, fez um pouso for\u00e7ado na planta\u00e7\u00e3o de uma fazenda entre as cidades de Ivinhema e Navirai.<\/p>\n<\/div>\n<div style=\"text-align: justify;\">\n<div class=\"boo-multibanner u-beforetext is-showed\" data-width=\"960px\" data-height=\"240px\" data-delay=\"2000\" data-show-at=\"0.6\" data-scroll-offset=\"0\" data-initial-pos=\"2464.96875\">\n<div class=\"boo-multibanner-inner\">\n<div id=\"beacon_6693851809\"><img loading=\"lazy\" decoding=\"async\" src=\"https:\/\/banner.radiocacula.com.br\/www\/delivery\/lg.php?bannerid=944&amp;campaignid=871&amp;zoneid=74&amp;loc=https%3A%2F%2Fwww.radiocacula.com.br%2Fnoticias%2Fpolicial%2Fexclusivo-aviao-com-drogas-avaliadas-em-r-12-milhoes-que-foi-obrigado-pela-fab-a-pousar-em-tres-lagoas-e-inter%3Ffbclid%3DIwAR0Azfz6Ng9pB01Qm9T_6PigICxKWnGihFt1-rOoH7oiLMl3BwEglG105Fc&amp;referer=https%3A%2F%2Fwww.facebook.com%2F&amp;cb=6693851809\" alt=\"\" width=\"0\" height=\"0\" \/><\/div>\n<\/div>\n<\/div>\n<\/div>\n<div class=\"content_text_333060 boo-component-text\" style=\"text-align: justify;\">\n<p>Segundo informa\u00e7\u00f5es obtidas pela reportagem com o comandante da Pol\u00edcia Militar de Nova Andradina, tenente coronel J. Roberto, um cerco na regi\u00e3o foi realizado pela For\u00e7a T\u00e1tica e equipes operacionais da PM, Tropa de Choque de Campo Grande e Pol\u00edcia Militar Rodovi\u00e1ria Estadual (PMRE)<\/p>\n<\/div>\n<div style=\"text-align: justify;\">\n<div class=\"boo-multibanner u-beforetext is-showed\" data-width=\"960px\" data-height=\"240px\" data-delay=\"2000\" data-show-at=\"0.6\" data-scroll-offset=\"0\" data-initial-pos=\"2605.96875\">\n<div class=\"boo-multibanner-inner\">\n<div id=\"beacon_2cf3cab3c9\"><img loading=\"lazy\" decoding=\"async\" src=\"https:\/\/banner.radiocacula.com.br\/www\/delivery\/lg.php?bannerid=944&amp;campaignid=871&amp;zoneid=75&amp;loc=https%3A%2F%2Fwww.radiocacula.com.br%2Fnoticias%2Fpolicial%2Fexclusivo-aviao-com-drogas-avaliadas-em-r-12-milhoes-que-foi-obrigado-pela-fab-a-pousar-em-tres-lagoas-e-inter%3Ffbclid%3DIwAR0Azfz6Ng9pB01Qm9T_6PigICxKWnGihFt1-rOoH7oiLMl3BwEglG105Fc&amp;referer=https%3A%2F%2Fwww.facebook.com%2F&amp;cb=2cf3cab3c9\" alt=\"\" width=\"0\" height=\"0\" \/><\/div>\n<\/div>\n<\/div>\n<\/div>\n<div class=\"content_12635 galeria-folio\" style=\"text-align: justify;\">\n<div id=\"links_12635\" class=\"galeria-folio-interna mb20\">\n<div class=\"\">\n<div>\n<div><a title=\"\" href=\"https:\/\/www.radiocacula.com.br\/media\/gallery\/12635\/5f270da1724e8_836cc26e-cec2-46bb-a18d-b7182cbcc8b2.jpg\"><img loading=\"lazy\" decoding=\"async\" src=\"https:\/\/www.radiocacula.com.br\/media\/gallery\/12635\/tmp\/319x238-5f270da1724e8_836cc26e-cec2-46bb-a18d-b7182cbcc8b2.jpg\" width=\"319\" height=\"238\" \/><\/a><\/div>\n<\/div>\n<\/div>\n<div class=\"\">\n<div>\n<div><a title=\"\" href=\"https:\/\/www.radiocacula.com.br\/media\/gallery\/12635\/5f270da229b34_i208212390008512.jpg\"><img loading=\"lazy\" decoding=\"async\" src=\"https:\/\/www.radiocacula.com.br\/media\/gallery\/12635\/tmp\/319x337-5f270da229b34_i208212390008512.jpg\" width=\"319\" height=\"337\" \/><\/a><\/div>\n<\/div>\n<\/div>\n<\/div>\n<\/div>\n<div class=\"content_text_333061 boo-component-text\">\n<p style=\"text-align: justify;\">Uma pessoa j\u00e1 foi presa e um segundo suspeito conseguiu escapar do cerco e est\u00e1 sendo procurado pelas for\u00e7as policiais.<\/p>\n<p style=\"text-align: justify;\">Em uma vistoria na aeronave suspeita, cerca de 400 Kg de coca\u00edna pura foram apreendidas. A droga est\u00e1 avaliada em R$ 12 milh\u00f5es.<\/p>\n<\/div>\n<div class=\"img_left boo-component-image component_image_81625\">\n<div class=\"image_box\">\n<div class=\"\"><img loading=\"lazy\" decoding=\"async\" class=\"alignnone size-full wp-image-31940\" src=\"https:\/\/jorgezanoni.com.br\/2019\/wp-content\/uploads\/2020\/08\/porra.jpg\" alt=\"\" width=\"1280\" height=\"720\" srcset=\"https:\/\/jorgezanoni.com.br\/2019\/wp-content\/uploads\/2020\/08\/porra.jpg 1280w, https:\/\/jorgezanoni.com.br\/2019\/wp-content\/uploads\/2020\/08\/porra-300x169.jpg 300w, https:\/\/jorgezanoni.com.br\/2019\/wp-content\/uploads\/2020\/08\/porra-1024x576.jpg 1024w, https:\/\/jorgezanoni.com.br\/2019\/wp-content\/uploads\/2020\/08\/porra-768x432.jpg 768w, https:\/\/jorgezanoni.com.br\/2019\/wp-content\/uploads\/2020\/08\/porra-696x392.jpg 696w, https:\/\/jorgezanoni.com.br\/2019\/wp-content\/uploads\/2020\/08\/porra-1068x601.jpg 1068w, https:\/\/jorgezanoni.com.br\/2019\/wp-content\/uploads\/2020\/08\/porra-747x420.jpg 747w\" sizes=\"auto, (max-width: 1280px) 100vw, 1280px\" \/><\/div>\n<p>Foto: Marco Campos<\/p><\/div>\n<div>Fonte: https:\/\/www.radiocacula.com.br\/<\/div>\n<\/div>\n","protected":false},"excerpt":{"rendered":"<p>Uma pessoa j\u00e1 foi presa e um segundo suspeito conseguiu escapar do cerco e est\u00e1 sendo procurado pelas for\u00e7as policiais. TR\u00caS LAGOAS: Com exclusividade, a reportagem da R\u00e1dio Ca\u00e7ula de Tr\u00eas Lagoas obteve informa\u00e7\u00f5es sobre os ocupantes da aeronave que fugiu neste domingo (02) dos ca\u00e7as e de um helic\u00f3ptero da For\u00e7a A\u00e9rea Brasileira (FAB). [&hellip;]<\/p>\n","protected":false},"author":1,"featured_media":31941,"comment_status":"closed","ping_status":"open","sticky":false,"template":"","format":"standard","meta":{"footnotes":""},"categories":[110,2],"tags":[],"class_list":["post-31939","post","type-post","status-publish","format-standard","has-post-thumbnail","hentry","category-noticiasdestaque","category-policial"],"_links":{"self":[{"href":"https:\/\/jorgezanoni.com.br\/2019\/wp-json\/wp\/v2\/posts\/31939","targetHints":{"allow":["GET"]}}],"collection":[{"href":"https:\/\/jorgezanoni.com.br\/2019\/wp-json\/wp\/v2\/posts"}],"about":[{"href":"https:\/\/jorgezanoni.com.br\/2019\/wp-json\/wp\/v2\/types\/post"}],"author":[{"embeddable":true,"href":"https:\/\/jorgezanoni.com.br\/2019\/wp-json\/wp\/v2\/users\/1"}],"replies":[{"embeddable":true,"href":"https:\/\/jorgezanoni.com.br\/2019\/wp-json\/wp\/v2\/comments?post=31939"}],"version-history":[{"count":0,"href":"https:\/\/jorgezanoni.com.br\/2019\/wp-json\/wp\/v2\/posts\/31939\/revisions"}],"wp:featuredmedia":[{"embeddable":true,"href":"https:\/\/jorgezanoni.com.br\/2019\/wp-json\/wp\/v2\/media\/31941"}],"wp:attachment":[{"href":"https:\/\/jorgezanoni.com.br\/2019\/wp-json\/wp\/v2\/media?parent=31939"}],"wp:term":[{"taxonomy":"category","embeddable":true,"href":"https:\/\/jorgezanoni.com.br\/2019\/wp-json\/wp\/v2\/categories?post=31939"},{"taxonomy":"post_tag","embeddable":true,"href":"https:\/\/jorgezanoni.com.br\/2019\/wp-json\/wp\/v2\/tags?post=31939"}],"curies":[{"name":"wp","href":"https:\/\/api.w.org\/{rel}","templated":true}]}}