{"id":31912,"date":"2020-08-02T01:55:16","date_gmt":"2020-08-02T01:55:16","guid":{"rendered":"https:\/\/jorgezanoni.com.br\/2019\/?p=31912"},"modified":"2020-08-02T01:55:16","modified_gmt":"2020-08-02T01:55:16","slug":"maquete-virtual-da-praca-da-matriz-que-esta-sendo-revitalizada","status":"publish","type":"post","link":"https:\/\/jorgezanoni.com.br\/2019\/maquete-virtual-da-praca-da-matriz-que-esta-sendo-revitalizada\/","title":{"rendered":"Maquete virtual da Pra\u00e7a da Matriz que est\u00e1 sendo revitalizada"},"content":{"rendered":"<div id=\"fb-root\"><\/div>\n<p><script async=\"1\" defer=\"1\" crossorigin=\"anonymous\" src=\"https:\/\/connect.facebook.net\/en_US\/sdk.js#xfbml=1&amp;version=v7.0\" nonce=\"Oe7bo4Jt\"><\/script><\/p>\n<div class=\"fb-video\" data-href=\"https:\/\/www.facebook.com\/cidadededracena\/videos\/646264115988700\/\" data-width=\"696\">\n<blockquote cite=\"https:\/\/www.facebook.com\/cidadededracena\/videos\/646264115988700\/\" class=\"fb-xfbml-parse-ignore\"><p><a href=\"https:\/\/www.facebook.com\/cidadededracena\/videos\/646264115988700\/\">MAQUETE VIRTUAL DE COMO VAI FICAR A PRA\u00c7A DA MATRIZ<\/a><\/p>\n<p>A Pra\u00e7a &#039;Manoel Gomes Gon\u00e7alves&#039;, conhecida como PRA\u00c7A DA MATRIZ est\u00e1 em fase de revitaliza\u00e7\u00e3o. No momento ela est\u00e1 fechada e j\u00e1 come\u00e7aram os trabalhos.A Prefeitura de Dracena divulgou nesta sexta-feira (31\/07), a maquete virtual da Pra\u00e7a (veja v\u00eddeo)O projeto j\u00e9 da Arquiteta Natalia Medeiros e Engenheira Sarah Abreu.Cr\u00e9ditos: Prefeitura Municipal<\/p>\n<p>Posted by <a href=\"https:\/\/www.facebook.com\/cidadededracena\/\">Cidade De Dracena<\/a> on Saturday, August 1, 2020<\/p><\/blockquote>\n<\/div>\n<p style=\"text-align: justify;\">A Pra\u00e7a Manoel Gomes Gon\u00e7alves (Galeno), Pra\u00e7a da Matriz, est\u00e1 sendo revitalizada. Est\u00e1 toda cercada e os trabalhos j\u00e1 come\u00e7aram.<\/p>\n<p style=\"text-align: justify;\">O projeto \u00e9 da Arquiteta Natalia Medeiros e Engenheira Sarah Abreu.<\/p>\n<p style=\"text-align: justify;\">Fonte: Prefeitura Municipal<\/p>\n<p>&nbsp;<\/p>\n<div class=\"text_exposed_show\">\n<p>&nbsp;<\/p>\n<\/div>\n","protected":false},"excerpt":{"rendered":"<p>MAQUETE VIRTUAL DE COMO VAI FICAR A PRA\u00c7A DA MATRIZ A Pra\u00e7a &#039;Manoel Gomes Gon\u00e7alves&#039;, conhecida como PRA\u00c7A DA MATRIZ est\u00e1 em fase de revitaliza\u00e7\u00e3o. No momento ela est\u00e1 fechada e j\u00e1 come\u00e7aram os trabalhos.A Prefeitura de Dracena divulgou nesta sexta-feira (31\/07), a maquete virtual da Pra\u00e7a (veja v\u00eddeo)O projeto j\u00e9 da Arquiteta Natalia Medeiros [&hellip;]<\/p>\n","protected":false},"author":1,"featured_media":31913,"comment_status":"closed","ping_status":"open","sticky":false,"template":"","format":"video","meta":{"footnotes":""},"categories":[179,184,169],"tags":[],"class_list":["post-31912","post","type-post","status-publish","format-video","has-post-thumbnail","hentry","category-cidadeseregiao","category-dracena","category-videos","post_format-post-format-video"],"_links":{"self":[{"href":"https:\/\/jorgezanoni.com.br\/2019\/wp-json\/wp\/v2\/posts\/31912","targetHints":{"allow":["GET"]}}],"collection":[{"href":"https:\/\/jorgezanoni.com.br\/2019\/wp-json\/wp\/v2\/posts"}],"about":[{"href":"https:\/\/jorgezanoni.com.br\/2019\/wp-json\/wp\/v2\/types\/post"}],"author":[{"embeddable":true,"href":"https:\/\/jorgezanoni.com.br\/2019\/wp-json\/wp\/v2\/users\/1"}],"replies":[{"embeddable":true,"href":"https:\/\/jorgezanoni.com.br\/2019\/wp-json\/wp\/v2\/comments?post=31912"}],"version-history":[{"count":0,"href":"https:\/\/jorgezanoni.com.br\/2019\/wp-json\/wp\/v2\/posts\/31912\/revisions"}],"wp:featuredmedia":[{"embeddable":true,"href":"https:\/\/jorgezanoni.com.br\/2019\/wp-json\/wp\/v2\/media\/31913"}],"wp:attachment":[{"href":"https:\/\/jorgezanoni.com.br\/2019\/wp-json\/wp\/v2\/media?parent=31912"}],"wp:term":[{"taxonomy":"category","embeddable":true,"href":"https:\/\/jorgezanoni.com.br\/2019\/wp-json\/wp\/v2\/categories?post=31912"},{"taxonomy":"post_tag","embeddable":true,"href":"https:\/\/jorgezanoni.com.br\/2019\/wp-json\/wp\/v2\/tags?post=31912"}],"curies":[{"name":"wp","href":"https:\/\/api.w.org\/{rel}","templated":true}]}}