{"id":31907,"date":"2020-08-02T00:57:07","date_gmt":"2020-08-02T00:57:07","guid":{"rendered":"https:\/\/jorgezanoni.com.br\/2019\/?p=31907"},"modified":"2020-08-02T00:57:07","modified_gmt":"2020-08-02T00:57:07","slug":"bispo-da-diocese-de-marilia-determina-retorno-das-missas-com-publico-no-dia-22-de-agosto","status":"publish","type":"post","link":"https:\/\/jorgezanoni.com.br\/2019\/bispo-da-diocese-de-marilia-determina-retorno-das-missas-com-publico-no-dia-22-de-agosto\/","title":{"rendered":"Bispo da Diocese de Mar\u00edlia determina retorno das missas com p\u00fablico no dia 22 de agosto"},"content":{"rendered":"<h2 class=\"subtitulo\" style=\"text-align: justify;\"><strong>Decis\u00e3o do Bispo \u00e9 v\u00e1lida para as 65 par\u00f3quias das 37 cidades que comp\u00f5em o territ\u00f3rio da Diocese.<\/strong><\/h2>\n<p style=\"font-weight: 400; text-align: justify;\">Em Decreto assinado nesta sexta-feira (31) pelo Bispo da Diocese de Mar\u00edlia, Dom Luiz Antonio Cipolini, o religioso autorizou o retorno das celebra\u00e7\u00f5es lit\u00fargicas presenciais, como missas p\u00fablicas, reuni\u00f5es e encontros pastorais.<\/p>\n<p style=\"font-weight: 400; text-align: justify;\">A not\u00edcia foi informada \u00e0s par\u00f3quias e\u00a0<a href=\"http:\/\/diocesedemarilia.net.br\/noticias\/diocese\/3596-diocese-determina-o-retorno-de-celebracoes-no-dia-22-de-agosto\">publicada<\/a> nas m\u00eddias oficiais da Diocese. Essas<\/p>\n<p style=\"font-weight: 400; text-align: justify;\">celebra\u00e7\u00f5es estavam suspensas desde o dia 18 de mar\u00e7o para conter a prolifera\u00e7\u00e3o da pandemia do novo Coronav\u00edrus (Covid-19).<\/p>\n<p style=\"font-weight: 400; text-align: justify;\">A retomada, v\u00e1lida para as 65 par\u00f3quias das 37 cidades que comp\u00f5em o territ\u00f3rio diocesano, respeita o protocolo de sa\u00fade de cada munic\u00edpio, e tamb\u00e9m leva em considera\u00e7\u00e3o o texto com as Orienta\u00e7\u00f5es Lit\u00fargico-Pastorais para o retorno \u00e0s atividades presenciais da Confer\u00eancia Nacional dos Bispos do Brasil (CNBB), para evitar qualquer tipo de risco \u00e0 vida dos fi\u00e9is e do clero.<\/p>\n<p style=\"font-weight: 400; text-align: justify;\">\u201cContinuam dispensados do preceito dominical os que est\u00e3o no grupo de risco desta doen\u00e7a e tamb\u00e9m aqueles que, por situa\u00e7\u00f5es particulares como de cuidado direto de idosos e doentes, tenham obje\u00e7\u00e3o de consci\u00eancia para participar de celebra\u00e7\u00f5es p\u00fablicas\u201d, explica o bispo em nota e pede aos padres que as transmiss\u00f5es das celebra\u00e7\u00f5es por meios digitais continuem \u201ca fim de favorecer aqueles que ainda n\u00e3o podem ou n\u00e3o se sentem preparados para voltar \u00e0s missas presenciais\u201d.<\/p>\n<p style=\"font-weight: 400; text-align: justify;\">No texto, Dom Luiz Antonio indica que, antes da retomada, os p\u00e1rocos e os administradores paroquiais dialoguem com os poderes p\u00fablicos de cada cidade da Diocese \u201csobre as restri\u00e7\u00f5es e orienta\u00e7\u00f5es locais para cada par\u00f3quia, seguindo as orienta\u00e7\u00f5es dos respectivos \u00f3rg\u00e3os de Vigil\u00e2ncia Sanit\u00e1ria\u201d. O Decreto ainda prev\u00ea que \u201ccontinuam suspensas outras atividades pastorais que envolvam aglomera\u00e7\u00f5es de fi\u00e9is como reuni\u00f5es e cursos de forma\u00e7\u00e3o pastoral\u201d.<\/p>\n<p style=\"font-weight: 400; text-align: justify;\">O retorno ocorrer\u00e1 somente no dia 22 de agosto, por\u00e9m o Decreto foi publicado no \u00faltimo dia do m\u00eas de julho a fim de que os padres tenham tempo h\u00e1bil para dialogar com as autoridades p\u00fablicas de cada cidade sobre a retomada e tamb\u00e9m possam, com tranquilidade, planejar o volta das celebra\u00e7\u00f5es com as lideran\u00e7as paroquiais, para que as igrejas estejam dotadas de todo preparo e seguran\u00e7a higi\u00eanicas poss\u00edveis.<\/p>\n<p style=\"font-weight: 400; text-align: justify;\">Em Adamantina, segundo publicou a Par\u00f3quia S\u00e3o Francisco de Assis, na pr\u00f3xima semana deve ocorrer uma reuni\u00e3o entre os padres das tr\u00eas par\u00f3quias locais para definirem a retomada das celebra\u00e7\u00f5es lit\u00fargicas<\/p>\n<p style=\"font-weight: 400; text-align: justify;\"><b><strong>Veja o Decreto<\/strong><\/b>:<\/p>\n<p style=\"text-align: justify;\"><img loading=\"lazy\" decoding=\"async\" src=\"https:\/\/www.sigamais.com\/arquivo\/uploads\/dec1jpg15962803755f254e3712d67.jpg\" alt=\"\" width=\"540\" height=\"876\" \/><\/p>\n<p style=\"font-weight: 400; text-align: justify;\"><b><strong><img loading=\"lazy\" decoding=\"async\" class=\"alignnone size-full wp-image-31909\" src=\"https:\/\/jorgezanoni.com.br\/2019\/wp-content\/uploads\/2020\/08\/dio.jpg\" alt=\"\" width=\"1808\" height=\"2181\" srcset=\"https:\/\/jorgezanoni.com.br\/2019\/wp-content\/uploads\/2020\/08\/dio.jpg 1808w, https:\/\/jorgezanoni.com.br\/2019\/wp-content\/uploads\/2020\/08\/dio-249x300.jpg 249w, https:\/\/jorgezanoni.com.br\/2019\/wp-content\/uploads\/2020\/08\/dio-849x1024.jpg 849w, https:\/\/jorgezanoni.com.br\/2019\/wp-content\/uploads\/2020\/08\/dio-768x926.jpg 768w, https:\/\/jorgezanoni.com.br\/2019\/wp-content\/uploads\/2020\/08\/dio-1273x1536.jpg 1273w, https:\/\/jorgezanoni.com.br\/2019\/wp-content\/uploads\/2020\/08\/dio-1698x2048.jpg 1698w, https:\/\/jorgezanoni.com.br\/2019\/wp-content\/uploads\/2020\/08\/dio-696x840.jpg 696w, https:\/\/jorgezanoni.com.br\/2019\/wp-content\/uploads\/2020\/08\/dio-1068x1288.jpg 1068w, https:\/\/jorgezanoni.com.br\/2019\/wp-content\/uploads\/2020\/08\/dio-348x420.jpg 348w\" sizes=\"auto, (max-width: 1808px) 100vw, 1808px\" \/><\/strong><\/b><\/p>\n<p style=\"font-weight: 400; text-align: justify;\"><em>Fonte: Diocese de Marilia<\/em><\/p>\n<p>Foto Arquivo<\/p>\n<p style=\"font-weight: 400;\">\n","protected":false},"excerpt":{"rendered":"<p>Decis\u00e3o do Bispo \u00e9 v\u00e1lida para as 65 par\u00f3quias das 37 cidades que comp\u00f5em o territ\u00f3rio da Diocese. Em Decreto assinado nesta sexta-feira (31) pelo Bispo da Diocese de Mar\u00edlia, Dom Luiz Antonio Cipolini, o religioso autorizou o retorno das celebra\u00e7\u00f5es lit\u00fargicas presenciais, como missas p\u00fablicas, reuni\u00f5es e encontros pastorais. A not\u00edcia foi informada \u00e0s [&hellip;]<\/p>\n","protected":false},"author":1,"featured_media":31910,"comment_status":"closed","ping_status":"open","sticky":false,"template":"","format":"standard","meta":{"footnotes":""},"categories":[110,118],"tags":[],"class_list":["post-31907","post","type-post","status-publish","format-standard","has-post-thumbnail","hentry","category-noticiasdestaque","category-religiaoesolidariedade"],"_links":{"self":[{"href":"https:\/\/jorgezanoni.com.br\/2019\/wp-json\/wp\/v2\/posts\/31907","targetHints":{"allow":["GET"]}}],"collection":[{"href":"https:\/\/jorgezanoni.com.br\/2019\/wp-json\/wp\/v2\/posts"}],"about":[{"href":"https:\/\/jorgezanoni.com.br\/2019\/wp-json\/wp\/v2\/types\/post"}],"author":[{"embeddable":true,"href":"https:\/\/jorgezanoni.com.br\/2019\/wp-json\/wp\/v2\/users\/1"}],"replies":[{"embeddable":true,"href":"https:\/\/jorgezanoni.com.br\/2019\/wp-json\/wp\/v2\/comments?post=31907"}],"version-history":[{"count":0,"href":"https:\/\/jorgezanoni.com.br\/2019\/wp-json\/wp\/v2\/posts\/31907\/revisions"}],"wp:featuredmedia":[{"embeddable":true,"href":"https:\/\/jorgezanoni.com.br\/2019\/wp-json\/wp\/v2\/media\/31910"}],"wp:attachment":[{"href":"https:\/\/jorgezanoni.com.br\/2019\/wp-json\/wp\/v2\/media?parent=31907"}],"wp:term":[{"taxonomy":"category","embeddable":true,"href":"https:\/\/jorgezanoni.com.br\/2019\/wp-json\/wp\/v2\/categories?post=31907"},{"taxonomy":"post_tag","embeddable":true,"href":"https:\/\/jorgezanoni.com.br\/2019\/wp-json\/wp\/v2\/tags?post=31907"}],"curies":[{"name":"wp","href":"https:\/\/api.w.org\/{rel}","templated":true}]}}