{"id":31904,"date":"2020-08-02T00:05:14","date_gmt":"2020-08-02T00:05:14","guid":{"rendered":"https:\/\/jorgezanoni.com.br\/2019\/?p=31904"},"modified":"2020-08-02T00:05:14","modified_gmt":"2020-08-02T00:05:14","slug":"com-especie-ameacada-de-extincao-onca-parda-e-encontrada-morta-com-marca-de-tiro-em-rancharia","status":"publish","type":"post","link":"https:\/\/jorgezanoni.com.br\/2019\/com-especie-ameacada-de-extincao-onca-parda-e-encontrada-morta-com-marca-de-tiro-em-rancharia\/","title":{"rendered":"Com esp\u00e9cie amea\u00e7ada de extin\u00e7\u00e3o, on\u00e7a-parda \u00e9 encontrada morta com marca de tiro em Rancharia"},"content":{"rendered":"<h2 class=\"content-head__subtitle\" style=\"text-align: justify;\"><strong>Segundo a Pol\u00edcia Militar Ambiental, a suspeita \u00e9 de que o felino possa ter sido baleado em alguma propriedade rural nas proximidades e perambulado j\u00e1 ferido at\u00e9 a zona urbana.<\/strong><\/h2>\n<div class=\"mc-column content-text active-extra-styles \" data-block-type=\"unstyled\" data-block-weight=\"22\" data-block-id=\"2\">\n<p class=\"content-text__container \" style=\"text-align: justify;\" data-track-category=\"Link no Texto\" data-track-links=\"\">Uma on\u00e7a-parda adulta foi encontrada morta na manh\u00e3 deste s\u00e1bado (1\u00ba) \u00e0s margens do Anel Vi\u00e1rio, no Residencial Sant\u2019Anna, em\u00a0<a href=\"https:\/\/g1.globo.com\/sp\/presidente-prudente-regiao\/cidade\/rancharia\/\">Rancharia (SP)<\/a>.<\/p>\n<\/div>\n<div class=\"wall protected-content\">\n<div class=\"mc-column content-text active-extra-styles \" style=\"text-align: justify;\" data-block-type=\"unstyled\" data-block-weight=\"9\" data-block-id=\"3\">\n<p class=\"content-text__container \" data-track-category=\"Link no Texto\" data-track-links=\"\">A esp\u00e9cie \u00e9 considerada vulner\u00e1vel e amea\u00e7ada de extin\u00e7\u00e3o.<\/p>\n<\/div>\n<div class=\"mc-column content-text active-extra-styles \" data-block-type=\"unstyled\" data-block-weight=\"27\" data-block-id=\"4\">\n<p class=\"content-text__container \" style=\"text-align: justify;\" data-track-category=\"Link no Texto\" data-track-links=\"\">Segundo o Corpo de Bombeiros e a Pol\u00edcia Militar Ambiental, o animal macho apresentava uma marca de tiro de arma de fogo no corpo.<\/p>\n<div class=\"mc-column content-text active-extra-styles \" style=\"text-align: justify;\" data-block-type=\"unstyled\" data-block-weight=\"24\" data-block-id=\"6\">\n<p class=\"content-text__container \" data-track-category=\"Link no Texto\" data-track-links=\"\">O Corpo de Bombeiros foi acionado por volta das 10h por pessoas que faziam caminhada no local e viram o animal ca\u00eddo no ch\u00e3o.<\/p>\n<\/div>\n<div class=\"mc-column content-text active-extra-styles \" style=\"text-align: justify;\" data-block-type=\"unstyled\" data-block-weight=\"13\" data-block-id=\"7\">\n<p class=\"content-text__container \" data-track-category=\"Link no Texto\" data-track-links=\"\">Quando chegaram ao local, os bombeiros se depararam com o felino j\u00e1 morto.<\/p>\n<\/div>\n<div class=\"mc-column content-text active-extra-styles \" style=\"text-align: justify;\" data-block-type=\"unstyled\" data-block-weight=\"33\" data-block-id=\"8\">\n<p class=\"content-text__container \" data-track-category=\"Link no Texto\" data-track-links=\"\">A Pol\u00edcia Militar Ambiental foi acionada e deu in\u00edcio a a\u00e7\u00f5es de patrulhamento nas proximidades com o objetivo de levantar poss\u00edveis informa\u00e7\u00f5es sobre o disparo de arma de fogo que vitimou a on\u00e7a-parda.<\/p>\n<\/div>\n<div class=\"mc-column content-text active-extra-styles \" style=\"text-align: justify;\" data-block-type=\"unstyled\" data-block-weight=\"32\" data-block-id=\"10\">\n<p class=\"content-text__container \" data-track-category=\"Link no Texto\" data-track-links=\"\">Segundo a pol\u00edcia, a suspeita \u00e9 de que o felino possa ter sido baleado em alguma propriedade rural nas proximidades e perambulado j\u00e1 ferido at\u00e9 a zona urbana, onde foi encontrado morto.<\/p>\n<\/div>\n<div class=\"mc-column content-text active-extra-styles \" style=\"text-align: justify;\" data-block-type=\"unstyled\" data-block-weight=\"8\" data-block-id=\"11\">\n<p class=\"content-text__container \" data-track-category=\"Link no Texto\" data-track-links=\"\">A Prefeitura tamb\u00e9m foi comunicada sobre a ocorr\u00eancia.<\/p>\n<\/div>\n<div class=\"mc-column content-text active-extra-styles \" style=\"text-align: justify;\" data-block-type=\"unstyled\" data-block-weight=\"8\" data-block-id=\"12\">\n<p class=\"content-text__container \" data-track-category=\"Link no Texto\" data-track-links=\"\">O corpo do animal foi recolhido e enterrado.<\/p>\n<\/div>\n<div class=\"row medium-uncollapsed content-media content-photo\" style=\"text-align: justify;\" data-block-type=\"backstage-photo\" data-block-id=\"13\">\n<div class=\"mc-column content-media__container\">\n<figure><img decoding=\"async\" class=\"i-amphtml-fill-content i-amphtml-replaced-content\" src=\"https:\/\/s2.glbimg.com\/Psz37OmiK6Q_VvEiUbW4dzcEKSw=\/0x0:1152x864\/984x0\/smart\/filters:strip_icc()\/i.s3.glbimg.com\/v1\/AUTH_59edd422c0c84a879bd37670ae4f538a\/internal_photos\/bs\/2020\/h\/v\/znsocQTlKxBASO9BfoZA\/nilza-1.jpeg\" sizes=\"(max-width: 1242px) 648px, 100vw\" srcset=\"https:\/\/s2.glbimg.com\/v0XyWy84kZfy-C8URUakwUgsPr8=\/0x0:1152x864\/1000x0\/smart\/filters:strip_icc()\/i.s3.glbimg.com\/v1\/AUTH_59edd422c0c84a879bd37670ae4f538a\/internal_photos\/bs\/2020\/h\/v\/znsocQTlKxBASO9BfoZA\/nilza-1.jpeg 1000w, https:\/\/s2.glbimg.com\/Psz37OmiK6Q_VvEiUbW4dzcEKSw=\/0x0:1152x864\/984x0\/smart\/filters:strip_icc()\/i.s3.glbimg.com\/v1\/AUTH_59edd422c0c84a879bd37670ae4f538a\/internal_photos\/bs\/2020\/h\/v\/znsocQTlKxBASO9BfoZA\/nilza-1.jpeg 984w, https:\/\/s2.glbimg.com\/2JxboQIIe-7_Dn2cfbdo3EilXIg=\/0x0:1152x864\/640x0\/smart\/filters:strip_icc()\/i.s3.glbimg.com\/v1\/AUTH_59edd422c0c84a879bd37670ae4f538a\/internal_photos\/bs\/2020\/h\/v\/znsocQTlKxBASO9BfoZA\/nilza-1.jpeg 640w, https:\/\/s2.glbimg.com\/fHKZaisE5mcPhq3pJ7rPJN0MOh4=\/0x0:1152x864\/600x0\/smart\/filters:strip_icc()\/i.s3.glbimg.com\/v1\/AUTH_59edd422c0c84a879bd37670ae4f538a\/internal_photos\/bs\/2020\/h\/v\/znsocQTlKxBASO9BfoZA\/nilza-1.jpeg 600w\" alt=\"On\u00e7a-parda foi encontrada morta com marca de tiro em Rancharia \u2014 Foto: Nilza Dilene da Silva Vanzella\" \/><\/figure>\n<p class=\"content-media__description \">On\u00e7a-parda foi encontrada morta com marca de tiro em Rancharia \u2014 Foto: Nilza Dilene da Silva Vanzella<\/p>\n<\/div>\n<\/div>\n<div class=\"mc-column content-text active-extra-styles \" style=\"text-align: justify;\" data-block-type=\"unstyled\" data-block-weight=\"51\" data-block-id=\"14\">\n<p class=\"content-text__container \" data-track-category=\"Link no Texto\" data-track-links=\"\">Tamb\u00e9m conhecida como su\u00e7uarana, puma, on\u00e7a-vermelha e le\u00e3o-baio, a on\u00e7a-parda (<em>Puma concolor<\/em>)\u00a0<a href=\"http:\/\/g1.globo.com\/sp\/campinas-regiao\/terra-da-gente\/fauna\/noticia\/2015\/02\/sucuarana.html\">\u00e9 a segunda maior esp\u00e9cie de felino do Brasil<\/a>, s\u00f3 ficando atr\u00e1s da on\u00e7a-pintada (<em>Panthera onca<\/em>). Tem corpo alongado, com at\u00e9 1,08 metro de comprimento. A cauda longa mede at\u00e9 61 cent\u00edmetros e a altura \u00e9 de 63 cent\u00edmetros.<\/p>\n<\/div>\n<div class=\"mc-column content-text active-extra-styles \" style=\"text-align: justify;\" data-block-type=\"unstyled\" data-block-weight=\"48\" data-block-id=\"15\">\n<p class=\"content-text__container \" data-track-category=\"Link no Texto\" data-track-links=\"\">O macho adulto pode pesar por volta de 70 quilos. A pelagem da su\u00e7uarana tem colora\u00e7\u00e3o uniforme, variando entre marrom-acinzentado bem claro e marrom-avermelhado escuro. Geralmente os animais que vivem em florestas s\u00e3o menores e mais escuros e os que habitam regi\u00f5es montanhosas s\u00e3o maiores e mais claros.<\/p>\n<\/div>\n<div class=\"mc-column content-text active-extra-styles \" style=\"text-align: justify;\" data-block-type=\"unstyled\" data-block-weight=\"19\" data-block-id=\"16\">\n<p class=\"content-text__container \" data-track-category=\"Link no Texto\" data-track-links=\"\">Possuem h\u00e1bitos noturnos (predominantemente) e diurnos, ca\u00e7am a qualquer hora do dia com certa tend\u00eancia ao hor\u00e1rio de crep\u00fasculo.<\/p>\n<\/div>\n<div class=\"mc-column content-text active-extra-styles \" style=\"text-align: justify;\" data-block-type=\"unstyled\" data-block-weight=\"25\" data-block-id=\"17\">\n<p class=\"content-text__container \" data-track-category=\"Link no Texto\" data-track-links=\"\">Embora seja uma esp\u00e9cie terrestre, possui muita habilidade para subir em \u00e1rvores e \u00e9 muito \u00e1gil. A su\u00e7uarana vive solit\u00e1ria, menos na \u00e9poca de acasalamento.<\/p>\n<\/div>\n<div class=\"mc-column content-text active-extra-styles \" style=\"text-align: justify;\" data-block-type=\"unstyled\" data-block-weight=\"29\" data-block-id=\"18\">\n<p class=\"content-text__container \" data-track-category=\"Link no Texto\" data-track-links=\"\">Pesquisas comprovaram que a su\u00e7uarana \u00e9 o predador mais eficiente e mais flex\u00edvel entre os felinos. Ela consegue alimento em 75% das vezes em que parte para o ataque.<\/p>\n<\/div>\n<div class=\"row medium-uncollapsed content-media content-photo\" style=\"text-align: justify;\" data-block-type=\"backstage-photo\" data-block-id=\"20\">\n<div class=\"mc-column content-media__container\">\n<figure><img decoding=\"async\" class=\"i-amphtml-fill-content i-amphtml-replaced-content\" src=\"https:\/\/s2.glbimg.com\/hQaB15hJ9Yy_m0m-Lhzkq-VOu_s=\/0x0:1152x864\/984x0\/smart\/filters:strip_icc()\/i.s3.glbimg.com\/v1\/AUTH_59edd422c0c84a879bd37670ae4f538a\/internal_photos\/bs\/2020\/S\/5\/9a4Ru8QAOoXYdiAjGPCA\/nilza-2.jpeg\" sizes=\"(max-width: 1242px) 648px, 100vw\" srcset=\"https:\/\/s2.glbimg.com\/9QKV1KkAPoPHhv749vhludh-U40=\/0x0:1152x864\/1000x0\/smart\/filters:strip_icc()\/i.s3.glbimg.com\/v1\/AUTH_59edd422c0c84a879bd37670ae4f538a\/internal_photos\/bs\/2020\/S\/5\/9a4Ru8QAOoXYdiAjGPCA\/nilza-2.jpeg 1000w, https:\/\/s2.glbimg.com\/hQaB15hJ9Yy_m0m-Lhzkq-VOu_s=\/0x0:1152x864\/984x0\/smart\/filters:strip_icc()\/i.s3.glbimg.com\/v1\/AUTH_59edd422c0c84a879bd37670ae4f538a\/internal_photos\/bs\/2020\/S\/5\/9a4Ru8QAOoXYdiAjGPCA\/nilza-2.jpeg 984w, https:\/\/s2.glbimg.com\/xgNavZnSVHCbN4ve2g_0AbcZkl4=\/0x0:1152x864\/640x0\/smart\/filters:strip_icc()\/i.s3.glbimg.com\/v1\/AUTH_59edd422c0c84a879bd37670ae4f538a\/internal_photos\/bs\/2020\/S\/5\/9a4Ru8QAOoXYdiAjGPCA\/nilza-2.jpeg 640w, https:\/\/s2.glbimg.com\/3tUU1uYohVp00WZVFGTmm_1C2dw=\/0x0:1152x864\/600x0\/smart\/filters:strip_icc()\/i.s3.glbimg.com\/v1\/AUTH_59edd422c0c84a879bd37670ae4f538a\/internal_photos\/bs\/2020\/S\/5\/9a4Ru8QAOoXYdiAjGPCA\/nilza-2.jpeg 600w\" alt=\"On\u00e7a-parda foi encontrada morta com marca de tiro em Rancharia \u2014 Foto: Nilza Dilene da Silva Vanzella\" \/><\/figure>\n<p class=\"content-media__description \">On\u00e7a-parda foi encontrada morta com marca de tiro em Rancharia \u2014 Foto: Nilza Dilene da Silva Vanzella<\/p>\n<\/div>\n<\/div>\n<div class=\"mc-column content-text active-extra-styles \" style=\"text-align: justify;\" data-block-type=\"unstyled\" data-block-weight=\"18\" data-block-id=\"21\">\n<p class=\"content-text__container \" data-track-category=\"Link no Texto\" data-track-links=\"\">A alimenta\u00e7\u00e3o inclui desde pequenos roedores at\u00e9 mam\u00edferos de grande porte (capivaras, veados e catetos), aves e r\u00e9pteis.<\/p>\n<\/div>\n<div class=\"mc-column content-text active-extra-styles \" style=\"text-align: justify;\" data-block-type=\"unstyled\" data-block-weight=\"22\" data-block-id=\"22\">\n<p class=\"content-text__container \" data-track-category=\"Link no Texto\" data-track-links=\"\">O per\u00edodo de gesta\u00e7\u00e3o varia entre 84 e 98 dias, e nascem de um a seis filhotes, com 220 a 440 gramas.<\/p>\n<\/div>\n<div class=\"mc-column content-text active-extra-styles \" data-block-type=\"unstyled\" data-block-weight=\"9\" data-block-id=\"23\">\n<p class=\"content-text__container \" style=\"text-align: justify;\" data-track-category=\"Link no Texto\" data-track-links=\"\">A esp\u00e9cie \u00e9 considerada vulner\u00e1vel e amea\u00e7ada de extin\u00e7\u00e3o.<\/p>\n<p style=\"text-align: justify;\" data-track-category=\"Link no Texto\" data-track-links=\"\">Fonte: https:\/\/g1.globo.com\/sp\/presidente-prudente-regiao\/noticia\/2020\/08\/01\/com-especie-ameacada-de-extincao-onca-parda-e-encontrada-morta-com-marca-de-tiro-em-rancharia-veja-video.ghtml<\/p>\n<\/div>\n<\/div>\n<\/div>\n","protected":false},"excerpt":{"rendered":"<p>Segundo a Pol\u00edcia Militar Ambiental, a suspeita \u00e9 de que o felino possa ter sido baleado em alguma propriedade rural nas proximidades e perambulado j\u00e1 ferido at\u00e9 a zona urbana. Uma on\u00e7a-parda adulta foi encontrada morta na manh\u00e3 deste s\u00e1bado (1\u00ba) \u00e0s margens do Anel Vi\u00e1rio, no Residencial Sant\u2019Anna, em\u00a0Rancharia (SP). A esp\u00e9cie \u00e9 considerada [&hellip;]<\/p>\n","protected":false},"author":1,"featured_media":31905,"comment_status":"closed","ping_status":"open","sticky":false,"template":"","format":"standard","meta":{"footnotes":""},"categories":[176,110],"tags":[],"class_list":["post-31904","post","type-post","status-publish","format-standard","has-post-thumbnail","hentry","category-meioambienteeagricultura","category-noticiasdestaque"],"_links":{"self":[{"href":"https:\/\/jorgezanoni.com.br\/2019\/wp-json\/wp\/v2\/posts\/31904","targetHints":{"allow":["GET"]}}],"collection":[{"href":"https:\/\/jorgezanoni.com.br\/2019\/wp-json\/wp\/v2\/posts"}],"about":[{"href":"https:\/\/jorgezanoni.com.br\/2019\/wp-json\/wp\/v2\/types\/post"}],"author":[{"embeddable":true,"href":"https:\/\/jorgezanoni.com.br\/2019\/wp-json\/wp\/v2\/users\/1"}],"replies":[{"embeddable":true,"href":"https:\/\/jorgezanoni.com.br\/2019\/wp-json\/wp\/v2\/comments?post=31904"}],"version-history":[{"count":0,"href":"https:\/\/jorgezanoni.com.br\/2019\/wp-json\/wp\/v2\/posts\/31904\/revisions"}],"wp:featuredmedia":[{"embeddable":true,"href":"https:\/\/jorgezanoni.com.br\/2019\/wp-json\/wp\/v2\/media\/31905"}],"wp:attachment":[{"href":"https:\/\/jorgezanoni.com.br\/2019\/wp-json\/wp\/v2\/media?parent=31904"}],"wp:term":[{"taxonomy":"category","embeddable":true,"href":"https:\/\/jorgezanoni.com.br\/2019\/wp-json\/wp\/v2\/categories?post=31904"},{"taxonomy":"post_tag","embeddable":true,"href":"https:\/\/jorgezanoni.com.br\/2019\/wp-json\/wp\/v2\/tags?post=31904"}],"curies":[{"name":"wp","href":"https:\/\/api.w.org\/{rel}","templated":true}]}}