{"id":31901,"date":"2020-08-01T23:53:22","date_gmt":"2020-08-01T23:53:22","guid":{"rendered":"https:\/\/jorgezanoni.com.br\/2019\/?p=31901"},"modified":"2020-08-01T23:53:22","modified_gmt":"2020-08-01T23:53:22","slug":"motociclista-perde-o-controle-da-direcao-bate-em-poste-e-morre-em-acidente-em-avenida-de-pres-prudente","status":"publish","type":"post","link":"https:\/\/jorgezanoni.com.br\/2019\/motociclista-perde-o-controle-da-direcao-bate-em-poste-e-morre-em-acidente-em-avenida-de-pres-prudente\/","title":{"rendered":"Motociclista perde o controle da dire\u00e7\u00e3o, bate em poste e morre em acidente em Avenida de Pres. Prudente"},"content":{"rendered":"<h2 class=\"content-head__subtitle\" style=\"text-align: justify;\"><strong>Acidente de tr\u00e2nsito foi registrado na tarde deste s\u00e1bado (1\u00ba), na zona norte de Presidente Prudente. V\u00edtima tinha 37 anos e morava no Residencial Belo Galindo.<\/strong><\/h2>\n<div class=\"mc-column content-text active-extra-styles \" data-block-type=\"unstyled\" data-block-weight=\"26\" data-block-id=\"2\">\n<p class=\"content-text__container \" style=\"text-align: justify;\" data-track-category=\"Link no Texto\" data-track-links=\"\">Um homem de 37 anos morreu v\u00edtima de acidente de tr\u00e2nsito na tarde deste s\u00e1bado (1\u00ba), na Avenida Raimundo Maiolini, na zona norte de\u00a0<a href=\"https:\/\/g1.globo.com\/sp\/presidente-prudente-regiao\/cidade\/presidente-prudente\/\">Presidente Prudente<\/a>.<\/p>\n<\/div>\n<div class=\"wall protected-content\">\n<div class=\"mc-column content-text active-extra-styles \" style=\"text-align: justify;\" data-block-type=\"unstyled\" data-block-weight=\"49\" data-block-id=\"3\">\n<p class=\"content-text__container \" data-track-category=\"Link no Texto\" data-track-links=\"\">De acordo com as informa\u00e7\u00f5es apuradas pela Pol\u00edcia Militar, ele era o condutor de uma motocicleta, que perdeu o controle da dire\u00e7\u00e3o e bateu em um poste de concreto da rede de energia el\u00e9trica instalado na cal\u00e7ada, quando seguia no sentido distrito de Montalv\u00e3o\u2013Presidente Prudente, por volta das 12h45.<\/p>\n<\/div>\n<div class=\"mc-column content-text active-extra-styles \" style=\"text-align: justify;\" data-block-type=\"unstyled\" data-block-weight=\"25\" data-block-id=\"4\">\n<p class=\"content-text__container \" data-track-category=\"Link no Texto\" data-track-links=\"\">Ainda de acordo com a PM, o motociclista era morador do Residencial Belo Galindo, em Presidente Prudente, e n\u00e3o possu\u00eda habilita\u00e7\u00e3o para conduzir o ve\u00edculo.<\/p>\n<\/div>\n<div class=\"mc-column content-text active-extra-styles \" style=\"text-align: justify;\" data-block-type=\"unstyled\" data-block-weight=\"15\" data-block-id=\"5\">\n<p class=\"content-text__container \" data-track-category=\"Link no Texto\" data-track-links=\"\">Equipes do Corpo de Bombeiros foram acionadas e compareceram ao local para socorrer a v\u00edtima.<\/p>\n<\/div>\n<div class=\"mc-column content-text active-extra-styles \" style=\"text-align: justify;\" data-block-type=\"unstyled\" data-block-weight=\"31\" data-block-id=\"6\">\n<p class=\"content-text__container \" data-track-category=\"Link no Texto\" data-track-links=\"\">No entanto, o motociclista n\u00e3o resistiu aos ferimentos e morreu no local do acidente, que fica no trecho entre os bairros Jardim Morada do Sol e Conjunto Habitacional Jo\u00e3o Domingos Netto.<\/p>\n<\/div>\n<div class=\"row medium-uncollapsed content-media content-photo\" style=\"text-align: justify;\" data-block-type=\"backstage-photo\" data-block-id=\"7\">\n<div class=\"mc-column content-media__container\">\n<figure><img decoding=\"async\" class=\"i-amphtml-fill-content i-amphtml-replaced-content\" src=\"https:\/\/s2.glbimg.com\/Mx1ub4WgQ7FlGhy9ORFpmuBRJcc=\/0x0:1600x1200\/984x0\/smart\/filters:strip_icc()\/i.s3.glbimg.com\/v1\/AUTH_59edd422c0c84a879bd37670ae4f538a\/internal_photos\/bs\/2020\/k\/v\/djHfnVTriTcV3MxQp8AA\/moto-1.jpg\" sizes=\"(max-width: 1242px) 648px, 100vw\" srcset=\"https:\/\/s2.glbimg.com\/VyQVJcJS2XPTn_KqHTqkIVdf12M=\/0x0:1600x1200\/1000x0\/smart\/filters:strip_icc()\/i.s3.glbimg.com\/v1\/AUTH_59edd422c0c84a879bd37670ae4f538a\/internal_photos\/bs\/2020\/k\/v\/djHfnVTriTcV3MxQp8AA\/moto-1.jpg 1000w, https:\/\/s2.glbimg.com\/Mx1ub4WgQ7FlGhy9ORFpmuBRJcc=\/0x0:1600x1200\/984x0\/smart\/filters:strip_icc()\/i.s3.glbimg.com\/v1\/AUTH_59edd422c0c84a879bd37670ae4f538a\/internal_photos\/bs\/2020\/k\/v\/djHfnVTriTcV3MxQp8AA\/moto-1.jpg 984w, https:\/\/s2.glbimg.com\/iX6hJyMCphrSAVvVBynyNWfLOvc=\/0x0:1600x1200\/640x0\/smart\/filters:strip_icc()\/i.s3.glbimg.com\/v1\/AUTH_59edd422c0c84a879bd37670ae4f538a\/internal_photos\/bs\/2020\/k\/v\/djHfnVTriTcV3MxQp8AA\/moto-1.jpg 640w, https:\/\/s2.glbimg.com\/PoXdjm4LUk5Nf4rpaYpVPSS2uNI=\/0x0:1600x1200\/600x0\/smart\/filters:strip_icc()\/i.s3.glbimg.com\/v1\/AUTH_59edd422c0c84a879bd37670ae4f538a\/internal_photos\/bs\/2020\/k\/v\/djHfnVTriTcV3MxQp8AA\/moto-1.jpg 600w\" alt=\"Motociclista morreu na Avenida Raimundo Maiolini, em Presidente Prudente \u2014 Foto: Pol\u00edcia Militar\" \/><\/figure>\n<p class=\"content-media__description \">Motociclista morreu na Avenida Raimundo Maiolini, em Presidente Prudente \u2014 Foto: Pol\u00edcia Militar<\/p>\n<\/div>\n<\/div>\n<div class=\"row medium-uncollapsed content-media content-photo\" style=\"text-align: justify;\" data-block-type=\"backstage-photo\" data-block-id=\"9\">\n<div class=\"mc-column content-media__container\">\n<figure><img decoding=\"async\" class=\"i-amphtml-fill-content i-amphtml-replaced-content\" src=\"https:\/\/s2.glbimg.com\/LwmRssrT_O7oPQslR8vjLNy1g7w=\/0x0:1600x1200\/984x0\/smart\/filters:strip_icc()\/i.s3.glbimg.com\/v1\/AUTH_59edd422c0c84a879bd37670ae4f538a\/internal_photos\/bs\/2020\/P\/F\/CgMOUhSb6IOHIAiTCQCw\/moto-2.jpg\" sizes=\"(max-width: 1242px) 648px, 100vw\" srcset=\"https:\/\/s2.glbimg.com\/MDBRW3nCGb_F8nhgq7ZreqsDvc0=\/0x0:1600x1200\/1000x0\/smart\/filters:strip_icc()\/i.s3.glbimg.com\/v1\/AUTH_59edd422c0c84a879bd37670ae4f538a\/internal_photos\/bs\/2020\/P\/F\/CgMOUhSb6IOHIAiTCQCw\/moto-2.jpg 1000w, https:\/\/s2.glbimg.com\/LwmRssrT_O7oPQslR8vjLNy1g7w=\/0x0:1600x1200\/984x0\/smart\/filters:strip_icc()\/i.s3.glbimg.com\/v1\/AUTH_59edd422c0c84a879bd37670ae4f538a\/internal_photos\/bs\/2020\/P\/F\/CgMOUhSb6IOHIAiTCQCw\/moto-2.jpg 984w, https:\/\/s2.glbimg.com\/7xlNm3IShEp8xzP16DjSHfkRBkA=\/0x0:1600x1200\/640x0\/smart\/filters:strip_icc()\/i.s3.glbimg.com\/v1\/AUTH_59edd422c0c84a879bd37670ae4f538a\/internal_photos\/bs\/2020\/P\/F\/CgMOUhSb6IOHIAiTCQCw\/moto-2.jpg 640w, https:\/\/s2.glbimg.com\/6AZU10hL_rv9f31QuTPxNSMwKks=\/0x0:1600x1200\/600x0\/smart\/filters:strip_icc()\/i.s3.glbimg.com\/v1\/AUTH_59edd422c0c84a879bd37670ae4f538a\/internal_photos\/bs\/2020\/P\/F\/CgMOUhSb6IOHIAiTCQCw\/moto-2.jpg 600w\" alt=\"Motociclista morreu na Avenida Raimundo Maiolini, em Presidente Prudente \u2014 Foto: Pol\u00edcia Militar\" \/><\/figure>\n<p class=\"content-media__description \">Motociclista morreu na Avenida Raimundo Maiolini, em Presidente Prudente \u2014 Foto: Pol\u00edcia Militar<\/p>\n<\/div>\n<\/div>\n<div class=\"row medium-uncollapsed content-media content-photo\" style=\"text-align: justify;\" data-block-type=\"backstage-photo\" data-block-id=\"10\">\n<div class=\"mc-column content-media__container\">\n<figure><img decoding=\"async\" class=\"i-amphtml-fill-content i-amphtml-replaced-content\" src=\"https:\/\/s2.glbimg.com\/GHjHwXxzhAdtE_3YdNHKpWvRMuA=\/0x0:1600x1200\/984x0\/smart\/filters:strip_icc()\/i.s3.glbimg.com\/v1\/AUTH_59edd422c0c84a879bd37670ae4f538a\/internal_photos\/bs\/2020\/b\/P\/iaxmpWSS2w353r0IYy9w\/moto-3.jpg\" sizes=\"(max-width: 1242px) 648px, 100vw\" srcset=\"https:\/\/s2.glbimg.com\/v82goCFuP9LftjRolT8E_3gyFEs=\/0x0:1600x1200\/1000x0\/smart\/filters:strip_icc()\/i.s3.glbimg.com\/v1\/AUTH_59edd422c0c84a879bd37670ae4f538a\/internal_photos\/bs\/2020\/b\/P\/iaxmpWSS2w353r0IYy9w\/moto-3.jpg 1000w, https:\/\/s2.glbimg.com\/GHjHwXxzhAdtE_3YdNHKpWvRMuA=\/0x0:1600x1200\/984x0\/smart\/filters:strip_icc()\/i.s3.glbimg.com\/v1\/AUTH_59edd422c0c84a879bd37670ae4f538a\/internal_photos\/bs\/2020\/b\/P\/iaxmpWSS2w353r0IYy9w\/moto-3.jpg 984w, https:\/\/s2.glbimg.com\/ExQmuKciLoosVu5Qlyr9lZQX9aY=\/0x0:1600x1200\/640x0\/smart\/filters:strip_icc()\/i.s3.glbimg.com\/v1\/AUTH_59edd422c0c84a879bd37670ae4f538a\/internal_photos\/bs\/2020\/b\/P\/iaxmpWSS2w353r0IYy9w\/moto-3.jpg 640w, https:\/\/s2.glbimg.com\/oCZsBkVai-R_Z782rl9kpDacBKQ=\/0x0:1600x1200\/600x0\/smart\/filters:strip_icc()\/i.s3.glbimg.com\/v1\/AUTH_59edd422c0c84a879bd37670ae4f538a\/internal_photos\/bs\/2020\/b\/P\/iaxmpWSS2w353r0IYy9w\/moto-3.jpg 600w\" alt=\"Motociclista morreu na Avenida Raimundo Maiolini, em Presidente Prudente \u2014 Foto: Pol\u00edcia Militar\" \/><\/figure>\n<p class=\"content-media__description \">Motociclista morreu na Avenida Raimundo Maiolini, em Presidente Prudente \u2014 Foto: Pol\u00edcia Militar<\/p>\n<\/div>\n<\/div>\n<div class=\"row medium-uncollapsed content-media content-photo\" style=\"text-align: justify;\" data-block-type=\"backstage-photo\" data-block-id=\"11\">\n<div class=\"mc-column content-media__container\">\n<figure><img decoding=\"async\" class=\"i-amphtml-fill-content i-amphtml-replaced-content\" src=\"https:\/\/s2.glbimg.com\/M-2_7UWWLVJQl3YSopZK76D2DhM=\/0x0:1600x1200\/984x0\/smart\/filters:strip_icc()\/i.s3.glbimg.com\/v1\/AUTH_59edd422c0c84a879bd37670ae4f538a\/internal_photos\/bs\/2020\/9\/1\/x9XtdzRwKHvl9wPvq0eg\/moto-5.jpg\" sizes=\"(max-width: 1242px) 648px, 100vw\" srcset=\"https:\/\/s2.glbimg.com\/4z9ERjUvu6aMQAx-275OXv_lTvg=\/0x0:1600x1200\/1000x0\/smart\/filters:strip_icc()\/i.s3.glbimg.com\/v1\/AUTH_59edd422c0c84a879bd37670ae4f538a\/internal_photos\/bs\/2020\/9\/1\/x9XtdzRwKHvl9wPvq0eg\/moto-5.jpg 1000w, https:\/\/s2.glbimg.com\/M-2_7UWWLVJQl3YSopZK76D2DhM=\/0x0:1600x1200\/984x0\/smart\/filters:strip_icc()\/i.s3.glbimg.com\/v1\/AUTH_59edd422c0c84a879bd37670ae4f538a\/internal_photos\/bs\/2020\/9\/1\/x9XtdzRwKHvl9wPvq0eg\/moto-5.jpg 984w, https:\/\/s2.glbimg.com\/0jI6xUjjSQzssUBvsEb8vR8H264=\/0x0:1600x1200\/640x0\/smart\/filters:strip_icc()\/i.s3.glbimg.com\/v1\/AUTH_59edd422c0c84a879bd37670ae4f538a\/internal_photos\/bs\/2020\/9\/1\/x9XtdzRwKHvl9wPvq0eg\/moto-5.jpg 640w, https:\/\/s2.glbimg.com\/ast0d276e0QP_-7c0WdckpetGmQ=\/0x0:1600x1200\/600x0\/smart\/filters:strip_icc()\/i.s3.glbimg.com\/v1\/AUTH_59edd422c0c84a879bd37670ae4f538a\/internal_photos\/bs\/2020\/9\/1\/x9XtdzRwKHvl9wPvq0eg\/moto-5.jpg 600w\" alt=\"Motociclista morreu na Avenida Raimundo Maiolini, em Presidente Prudente \u2014 Foto: Pol\u00edcia Militar\" \/><\/figure>\n<p class=\"content-media__description \">Motociclista morreu na Avenida Raimundo Maiolini, em Presidente Prudente \u2014 Foto: Pol\u00edcia Militar<\/p>\n<\/div>\n<\/div>\n<div class=\"row medium-uncollapsed content-media content-photo\" style=\"text-align: justify;\" data-block-type=\"backstage-photo\" data-block-id=\"13\">\n<div class=\"mc-column content-media__container\">\n<figure><img decoding=\"async\" class=\"i-amphtml-fill-content i-amphtml-replaced-content\" src=\"https:\/\/s2.glbimg.com\/pT0hbX7RM_D0aI-1c_chrt9hNzk=\/0x0:1600x1200\/984x0\/smart\/filters:strip_icc()\/i.s3.glbimg.com\/v1\/AUTH_59edd422c0c84a879bd37670ae4f538a\/internal_photos\/bs\/2020\/Z\/W\/PNVg2rQVWKNNPJxcLG2Q\/moto-6.jpg\" sizes=\"(max-width: 1242px) 648px, 100vw\" srcset=\"https:\/\/s2.glbimg.com\/XsoGvpf6BBkS2XRhK-xzOI1YQPU=\/0x0:1600x1200\/1000x0\/smart\/filters:strip_icc()\/i.s3.glbimg.com\/v1\/AUTH_59edd422c0c84a879bd37670ae4f538a\/internal_photos\/bs\/2020\/Z\/W\/PNVg2rQVWKNNPJxcLG2Q\/moto-6.jpg 1000w, https:\/\/s2.glbimg.com\/pT0hbX7RM_D0aI-1c_chrt9hNzk=\/0x0:1600x1200\/984x0\/smart\/filters:strip_icc()\/i.s3.glbimg.com\/v1\/AUTH_59edd422c0c84a879bd37670ae4f538a\/internal_photos\/bs\/2020\/Z\/W\/PNVg2rQVWKNNPJxcLG2Q\/moto-6.jpg 984w, https:\/\/s2.glbimg.com\/62GKYaol33Hy6MSUozzmiyec-9Y=\/0x0:1600x1200\/640x0\/smart\/filters:strip_icc()\/i.s3.glbimg.com\/v1\/AUTH_59edd422c0c84a879bd37670ae4f538a\/internal_photos\/bs\/2020\/Z\/W\/PNVg2rQVWKNNPJxcLG2Q\/moto-6.jpg 640w, https:\/\/s2.glbimg.com\/LQk-NQM2LllI-AhkLLjsma_-phA=\/0x0:1600x1200\/600x0\/smart\/filters:strip_icc()\/i.s3.glbimg.com\/v1\/AUTH_59edd422c0c84a879bd37670ae4f538a\/internal_photos\/bs\/2020\/Z\/W\/PNVg2rQVWKNNPJxcLG2Q\/moto-6.jpg 600w\" alt=\"Motociclista morreu na Avenida Raimundo Maiolini, em Presidente Prudente \u2014 Foto: Pol\u00edcia Militar\" \/><\/figure>\n<p class=\"content-media__description \">Motociclista morreu na Avenida Raimundo Maiolini, em Presidente Prudente \u2014 Foto: Pol\u00edcia Militar<\/p>\n<\/div>\n<\/div>\n<div class=\"row medium-uncollapsed content-media content-photo\" style=\"text-align: justify;\" data-block-type=\"backstage-photo\" data-block-id=\"14\">\n<div class=\"mc-column content-media__container\">\n<figure><img decoding=\"async\" class=\"i-amphtml-fill-content i-amphtml-replaced-content\" src=\"https:\/\/s2.glbimg.com\/0CpX9Gv5wE5wqaKOJcglYGfTE7M=\/0x0:1600x1200\/984x0\/smart\/filters:strip_icc()\/i.s3.glbimg.com\/v1\/AUTH_59edd422c0c84a879bd37670ae4f538a\/internal_photos\/bs\/2020\/T\/J\/oF5N70QLOU95X60eHbWA\/moto-7.jpg\" sizes=\"(max-width: 1242px) 648px, 100vw\" srcset=\"https:\/\/s2.glbimg.com\/V0bjm4VUb8IXFwb6WPw2HAeb44E=\/0x0:1600x1200\/1000x0\/smart\/filters:strip_icc()\/i.s3.glbimg.com\/v1\/AUTH_59edd422c0c84a879bd37670ae4f538a\/internal_photos\/bs\/2020\/T\/J\/oF5N70QLOU95X60eHbWA\/moto-7.jpg 1000w, https:\/\/s2.glbimg.com\/0CpX9Gv5wE5wqaKOJcglYGfTE7M=\/0x0:1600x1200\/984x0\/smart\/filters:strip_icc()\/i.s3.glbimg.com\/v1\/AUTH_59edd422c0c84a879bd37670ae4f538a\/internal_photos\/bs\/2020\/T\/J\/oF5N70QLOU95X60eHbWA\/moto-7.jpg 984w, https:\/\/s2.glbimg.com\/3FTr3_FITT2Y6roQ-qjitHF1dwQ=\/0x0:1600x1200\/640x0\/smart\/filters:strip_icc()\/i.s3.glbimg.com\/v1\/AUTH_59edd422c0c84a879bd37670ae4f538a\/internal_photos\/bs\/2020\/T\/J\/oF5N70QLOU95X60eHbWA\/moto-7.jpg 640w, https:\/\/s2.glbimg.com\/7Kf6i9uGC4CWfVqw_SGnXYu3J0s=\/0x0:1600x1200\/600x0\/smart\/filters:strip_icc()\/i.s3.glbimg.com\/v1\/AUTH_59edd422c0c84a879bd37670ae4f538a\/internal_photos\/bs\/2020\/T\/J\/oF5N70QLOU95X60eHbWA\/moto-7.jpg 600w\" alt=\"Motociclista morreu na Avenida Raimundo Maiolini, em Presidente Prudente \u2014 Foto: Pol\u00edcia Militar\" \/><\/figure>\n<p class=\"content-media__description \">Motociclista morreu na Avenida Raimundo Maiolini, em Presidente Prudente \u2014 Foto: Pol\u00edcia Militar<\/p>\n<\/div>\n<\/div>\n<div class=\"row medium-uncollapsed content-media content-photo\" style=\"text-align: justify;\" data-block-type=\"backstage-photo\" data-block-id=\"15\">\n<div class=\"mc-column content-media__container\">\n<figure><img decoding=\"async\" class=\"i-amphtml-fill-content i-amphtml-replaced-content\" src=\"https:\/\/s2.glbimg.com\/gaUh3uTZl-_xCwNpCait9HGR3pg=\/0x0:1600x1200\/984x0\/smart\/filters:strip_icc()\/i.s3.glbimg.com\/v1\/AUTH_59edd422c0c84a879bd37670ae4f538a\/internal_photos\/bs\/2020\/G\/L\/zmn9nZTra5EbWtDUiaLA\/moto-8.jpg\" sizes=\"(max-width: 1242px) 648px, 100vw\" srcset=\"https:\/\/s2.glbimg.com\/-WEMf60r5vEaNSYs2CcArdhQJMs=\/0x0:1600x1200\/1000x0\/smart\/filters:strip_icc()\/i.s3.glbimg.com\/v1\/AUTH_59edd422c0c84a879bd37670ae4f538a\/internal_photos\/bs\/2020\/G\/L\/zmn9nZTra5EbWtDUiaLA\/moto-8.jpg 1000w, https:\/\/s2.glbimg.com\/gaUh3uTZl-_xCwNpCait9HGR3pg=\/0x0:1600x1200\/984x0\/smart\/filters:strip_icc()\/i.s3.glbimg.com\/v1\/AUTH_59edd422c0c84a879bd37670ae4f538a\/internal_photos\/bs\/2020\/G\/L\/zmn9nZTra5EbWtDUiaLA\/moto-8.jpg 984w, https:\/\/s2.glbimg.com\/vOCXmkrLwwrO7TgVfM6eEZczdRk=\/0x0:1600x1200\/640x0\/smart\/filters:strip_icc()\/i.s3.glbimg.com\/v1\/AUTH_59edd422c0c84a879bd37670ae4f538a\/internal_photos\/bs\/2020\/G\/L\/zmn9nZTra5EbWtDUiaLA\/moto-8.jpg 640w, https:\/\/s2.glbimg.com\/2550hYQex0XALomwOBZkAMV0H-k=\/0x0:1600x1200\/600x0\/smart\/filters:strip_icc()\/i.s3.glbimg.com\/v1\/AUTH_59edd422c0c84a879bd37670ae4f538a\/internal_photos\/bs\/2020\/G\/L\/zmn9nZTra5EbWtDUiaLA\/moto-8.jpg 600w\" alt=\"Motociclista morreu na Avenida Raimundo Maiolini, em Presidente Prudente \u2014 Foto: Pol\u00edcia Militar\" \/><\/figure>\n<p class=\"content-media__description \">Motociclista morreu na Avenida Raimundo Maiolini, em Presidente Prudente \u2014 Foto: Pol\u00edcia Militar<\/p>\n<\/div>\n<\/div>\n<div class=\"row medium-uncollapsed content-media content-photo\" style=\"text-align: justify;\" data-block-type=\"backstage-photo\" data-block-id=\"17\">\n<div class=\"mc-column content-media__container\">\n<figure><img decoding=\"async\" class=\"i-amphtml-fill-content i-amphtml-replaced-content\" src=\"https:\/\/s2.glbimg.com\/nXbnQ8VkzFIqIZNz03GWDGdr1HI=\/0x0:1280x960\/984x0\/smart\/filters:strip_icc()\/i.s3.glbimg.com\/v1\/AUTH_59edd422c0c84a879bd37670ae4f538a\/internal_photos\/bs\/2020\/I\/3\/HHPjezQO2e5TQDIndmEg\/murilo-1.jpg\" sizes=\"(max-width: 1242px) 648px, 100vw\" srcset=\"https:\/\/s2.glbimg.com\/UiCM0vAPTWfTamxOsdsWVXX7k_o=\/0x0:1280x960\/1000x0\/smart\/filters:strip_icc()\/i.s3.glbimg.com\/v1\/AUTH_59edd422c0c84a879bd37670ae4f538a\/internal_photos\/bs\/2020\/I\/3\/HHPjezQO2e5TQDIndmEg\/murilo-1.jpg 1000w, https:\/\/s2.glbimg.com\/nXbnQ8VkzFIqIZNz03GWDGdr1HI=\/0x0:1280x960\/984x0\/smart\/filters:strip_icc()\/i.s3.glbimg.com\/v1\/AUTH_59edd422c0c84a879bd37670ae4f538a\/internal_photos\/bs\/2020\/I\/3\/HHPjezQO2e5TQDIndmEg\/murilo-1.jpg 984w, https:\/\/s2.glbimg.com\/ROmgI7X-osLolq1Zw-LiON_dTZg=\/0x0:1280x960\/640x0\/smart\/filters:strip_icc()\/i.s3.glbimg.com\/v1\/AUTH_59edd422c0c84a879bd37670ae4f538a\/internal_photos\/bs\/2020\/I\/3\/HHPjezQO2e5TQDIndmEg\/murilo-1.jpg 640w, https:\/\/s2.glbimg.com\/fv3knC-mcdKzCp8ZGvsnsvhFtNo=\/0x0:1280x960\/600x0\/smart\/filters:strip_icc()\/i.s3.glbimg.com\/v1\/AUTH_59edd422c0c84a879bd37670ae4f538a\/internal_photos\/bs\/2020\/I\/3\/HHPjezQO2e5TQDIndmEg\/murilo-1.jpg 600w\" alt=\"Motociclista morreu na Avenida Raimundo Maiolini, em Presidente Prudente \u2014 Foto: Murilo Zara\/TV Fronteira\" \/><\/figure>\n<p class=\"content-media__description \">Motociclista morreu na Avenida Raimundo Maiolini, em Presidente Prudente \u2014 Foto: Murilo Zara\/TV Fronteira<\/p>\n<\/div>\n<\/div>\n<div class=\"row medium-uncollapsed content-media content-photo\" style=\"text-align: justify;\" data-block-type=\"backstage-photo\" data-block-id=\"18\">\n<div class=\"mc-column content-media__container\">\n<figure><img decoding=\"async\" class=\"i-amphtml-fill-content i-amphtml-replaced-content\" src=\"https:\/\/s2.glbimg.com\/bMKS7e9iBGcZnvg6VdFUt4tkpaY=\/0x0:1280x960\/984x0\/smart\/filters:strip_icc()\/i.s3.glbimg.com\/v1\/AUTH_59edd422c0c84a879bd37670ae4f538a\/internal_photos\/bs\/2020\/D\/H\/3eqpCIRzSukpIokPsY8A\/murilo-2.jpg\" sizes=\"(max-width: 1242px) 648px, 100vw\" srcset=\"https:\/\/s2.glbimg.com\/ZbB6YF1RC7vR4wj0fWUT5GmW_8E=\/0x0:1280x960\/1000x0\/smart\/filters:strip_icc()\/i.s3.glbimg.com\/v1\/AUTH_59edd422c0c84a879bd37670ae4f538a\/internal_photos\/bs\/2020\/D\/H\/3eqpCIRzSukpIokPsY8A\/murilo-2.jpg 1000w, https:\/\/s2.glbimg.com\/bMKS7e9iBGcZnvg6VdFUt4tkpaY=\/0x0:1280x960\/984x0\/smart\/filters:strip_icc()\/i.s3.glbimg.com\/v1\/AUTH_59edd422c0c84a879bd37670ae4f538a\/internal_photos\/bs\/2020\/D\/H\/3eqpCIRzSukpIokPsY8A\/murilo-2.jpg 984w, https:\/\/s2.glbimg.com\/xuN3_8huGevHti62m0gs5PaHkjA=\/0x0:1280x960\/640x0\/smart\/filters:strip_icc()\/i.s3.glbimg.com\/v1\/AUTH_59edd422c0c84a879bd37670ae4f538a\/internal_photos\/bs\/2020\/D\/H\/3eqpCIRzSukpIokPsY8A\/murilo-2.jpg 640w, https:\/\/s2.glbimg.com\/fbY1aSEHGlc44SnFadc0j2D6u3M=\/0x0:1280x960\/600x0\/smart\/filters:strip_icc()\/i.s3.glbimg.com\/v1\/AUTH_59edd422c0c84a879bd37670ae4f538a\/internal_photos\/bs\/2020\/D\/H\/3eqpCIRzSukpIokPsY8A\/murilo-2.jpg 600w\" alt=\"Motociclista morreu na Avenida Raimundo Maiolini, em Presidente Prudente \u2014 Foto: Murilo Zara\/TV Fronteira\" \/><\/figure>\n<p class=\"content-media__description \">Motociclista morreu na Avenida Raimundo Maiolini, em Presidente Prudente \u2014 Foto: Murilo Zara\/TV Fronteira<\/p>\n<\/div>\n<\/div>\n<div class=\"row medium-uncollapsed content-media content-photo\" style=\"text-align: justify;\" data-block-type=\"backstage-photo\" data-block-id=\"19\">\n<div class=\"mc-column content-media__container\">\n<figure><img decoding=\"async\" class=\"i-amphtml-fill-content i-amphtml-replaced-content\" src=\"https:\/\/s2.glbimg.com\/fPa6vCZkDhHOpfmkJWweXRD8XIg=\/0x0:1280x960\/984x0\/smart\/filters:strip_icc()\/i.s3.glbimg.com\/v1\/AUTH_59edd422c0c84a879bd37670ae4f538a\/internal_photos\/bs\/2020\/s\/U\/wXNvzmTDSjxh5I3EadMQ\/murilo-3.jpg\" sizes=\"(max-width: 1242px) 648px, 100vw\" srcset=\"https:\/\/s2.glbimg.com\/MsVcxvJn7ZQLO3E24ilcqdahsdM=\/0x0:1280x960\/1000x0\/smart\/filters:strip_icc()\/i.s3.glbimg.com\/v1\/AUTH_59edd422c0c84a879bd37670ae4f538a\/internal_photos\/bs\/2020\/s\/U\/wXNvzmTDSjxh5I3EadMQ\/murilo-3.jpg 1000w, https:\/\/s2.glbimg.com\/fPa6vCZkDhHOpfmkJWweXRD8XIg=\/0x0:1280x960\/984x0\/smart\/filters:strip_icc()\/i.s3.glbimg.com\/v1\/AUTH_59edd422c0c84a879bd37670ae4f538a\/internal_photos\/bs\/2020\/s\/U\/wXNvzmTDSjxh5I3EadMQ\/murilo-3.jpg 984w, https:\/\/s2.glbimg.com\/lRtpQcVAcBnrprkkDCAsXD1PS5c=\/0x0:1280x960\/640x0\/smart\/filters:strip_icc()\/i.s3.glbimg.com\/v1\/AUTH_59edd422c0c84a879bd37670ae4f538a\/internal_photos\/bs\/2020\/s\/U\/wXNvzmTDSjxh5I3EadMQ\/murilo-3.jpg 640w, https:\/\/s2.glbimg.com\/mvyFpgr9kS60Kjq96aRdTNylD3U=\/0x0:1280x960\/600x0\/smart\/filters:strip_icc()\/i.s3.glbimg.com\/v1\/AUTH_59edd422c0c84a879bd37670ae4f538a\/internal_photos\/bs\/2020\/s\/U\/wXNvzmTDSjxh5I3EadMQ\/murilo-3.jpg 600w\" alt=\"Motociclista morreu na Avenida Raimundo Maiolini, em Presidente Prudente \u2014 Foto: Murilo Zara\/TV Fronteira\" \/><\/figure>\n<p class=\"content-media__description \">Motociclista morreu na Avenida Raimundo Maiolini, em Presidente Prudente \u2014 Foto: Murilo Zara\/TV Fronteira<\/p>\n<\/div>\n<\/div>\n<div class=\"row medium-uncollapsed content-media content-photo\" style=\"text-align: justify;\" data-block-type=\"backstage-photo\" data-block-id=\"21\">\n<div class=\"mc-column content-media__container\">\n<figure><img decoding=\"async\" class=\"i-amphtml-fill-content i-amphtml-replaced-content\" src=\"https:\/\/s2.glbimg.com\/M7pm0mgH4zydA2ifghdcmvHudY0=\/0x0:1280x960\/984x0\/smart\/filters:strip_icc()\/i.s3.glbimg.com\/v1\/AUTH_59edd422c0c84a879bd37670ae4f538a\/internal_photos\/bs\/2020\/b\/f\/LnA4o1RAqbh5MGdO4C9g\/murilo-4.jpg\" sizes=\"(max-width: 1242px) 648px, 100vw\" srcset=\"https:\/\/s2.glbimg.com\/2nu9J6ka2X3A2JMnkLAJdpawK_U=\/0x0:1280x960\/1000x0\/smart\/filters:strip_icc()\/i.s3.glbimg.com\/v1\/AUTH_59edd422c0c84a879bd37670ae4f538a\/internal_photos\/bs\/2020\/b\/f\/LnA4o1RAqbh5MGdO4C9g\/murilo-4.jpg 1000w, https:\/\/s2.glbimg.com\/M7pm0mgH4zydA2ifghdcmvHudY0=\/0x0:1280x960\/984x0\/smart\/filters:strip_icc()\/i.s3.glbimg.com\/v1\/AUTH_59edd422c0c84a879bd37670ae4f538a\/internal_photos\/bs\/2020\/b\/f\/LnA4o1RAqbh5MGdO4C9g\/murilo-4.jpg 984w, https:\/\/s2.glbimg.com\/DhnblirlL12DxtxfkSNUt3IsoPs=\/0x0:1280x960\/640x0\/smart\/filters:strip_icc()\/i.s3.glbimg.com\/v1\/AUTH_59edd422c0c84a879bd37670ae4f538a\/internal_photos\/bs\/2020\/b\/f\/LnA4o1RAqbh5MGdO4C9g\/murilo-4.jpg 640w, https:\/\/s2.glbimg.com\/_mGf-EDOAGhQATH6eSLo2_3xS3A=\/0x0:1280x960\/600x0\/smart\/filters:strip_icc()\/i.s3.glbimg.com\/v1\/AUTH_59edd422c0c84a879bd37670ae4f538a\/internal_photos\/bs\/2020\/b\/f\/LnA4o1RAqbh5MGdO4C9g\/murilo-4.jpg 600w\" alt=\"Motociclista morreu na Avenida Raimundo Maiolini, em Presidente Prudente \u2014 Foto: Murilo Zara\/TV Fronteira\" \/><\/figure>\n<p class=\"content-media__description \">Motociclista morreu na Avenida Raimundo Maiolini, em Presidente Prudente \u2014 Foto: Murilo Zara\/TV Fronteira<\/p>\n<\/div>\n<\/div>\n<div class=\"row medium-uncollapsed content-media content-photo\" style=\"text-align: justify;\" data-block-type=\"backstage-photo\" data-block-id=\"22\">\n<div class=\"mc-column content-media__container\">\n<figure><img decoding=\"async\" class=\"i-amphtml-fill-content i-amphtml-replaced-content\" src=\"https:\/\/s2.glbimg.com\/CzrCF3BqyeYXy40p6bC8VMoGkLU=\/0x0:1280x960\/984x0\/smart\/filters:strip_icc()\/i.s3.glbimg.com\/v1\/AUTH_59edd422c0c84a879bd37670ae4f538a\/internal_photos\/bs\/2020\/U\/6\/32urVBQV2D6wLeKH6A1g\/murilo-12.jpg\" sizes=\"(max-width: 1242px) 648px, 100vw\" srcset=\"https:\/\/s2.glbimg.com\/QJJwCeZa5_8UrV60Vsx0vG-6SNw=\/0x0:1280x960\/1000x0\/smart\/filters:strip_icc()\/i.s3.glbimg.com\/v1\/AUTH_59edd422c0c84a879bd37670ae4f538a\/internal_photos\/bs\/2020\/U\/6\/32urVBQV2D6wLeKH6A1g\/murilo-12.jpg 1000w, https:\/\/s2.glbimg.com\/CzrCF3BqyeYXy40p6bC8VMoGkLU=\/0x0:1280x960\/984x0\/smart\/filters:strip_icc()\/i.s3.glbimg.com\/v1\/AUTH_59edd422c0c84a879bd37670ae4f538a\/internal_photos\/bs\/2020\/U\/6\/32urVBQV2D6wLeKH6A1g\/murilo-12.jpg 984w, https:\/\/s2.glbimg.com\/zJ7ZnPYKol8O-cOejHtv-zRSfl8=\/0x0:1280x960\/640x0\/smart\/filters:strip_icc()\/i.s3.glbimg.com\/v1\/AUTH_59edd422c0c84a879bd37670ae4f538a\/internal_photos\/bs\/2020\/U\/6\/32urVBQV2D6wLeKH6A1g\/murilo-12.jpg 640w, https:\/\/s2.glbimg.com\/UMHq80HL7vrqFr-40S0aZ6cgiOQ=\/0x0:1280x960\/600x0\/smart\/filters:strip_icc()\/i.s3.glbimg.com\/v1\/AUTH_59edd422c0c84a879bd37670ae4f538a\/internal_photos\/bs\/2020\/U\/6\/32urVBQV2D6wLeKH6A1g\/murilo-12.jpg 600w\" alt=\"Motociclista morreu na Avenida Raimundo Maiolini, em Presidente Prudente \u2014 Foto: Murilo Zara\/TV Fronteira\" \/><\/figure>\n<p class=\"content-media__description \">Motociclista morreu na Avenida Raimundo Maiolini, em Presidente Prudente \u2014 Foto: Murilo Zara\/TV Fronteira<\/p>\n<\/div>\n<\/div>\n<div class=\"row medium-uncollapsed content-media content-photo\" style=\"text-align: justify;\" data-block-type=\"backstage-photo\" data-block-id=\"23\">\n<div class=\"mc-column content-media__container\">\n<figure><img decoding=\"async\" class=\"i-amphtml-fill-content i-amphtml-replaced-content\" src=\"https:\/\/s2.glbimg.com\/PacX0_ZelH3hK-dF1adMEKZvY-Y=\/0x0:1280x960\/984x0\/smart\/filters:strip_icc()\/i.s3.glbimg.com\/v1\/AUTH_59edd422c0c84a879bd37670ae4f538a\/internal_photos\/bs\/2020\/L\/V\/tsX1BAQYSLlYxBYT5dKg\/murilo-5.jpg\" sizes=\"(max-width: 1242px) 648px, 100vw\" srcset=\"https:\/\/s2.glbimg.com\/KnN7BDZVJhEniGc9zES7SC1iq9I=\/0x0:1280x960\/1000x0\/smart\/filters:strip_icc()\/i.s3.glbimg.com\/v1\/AUTH_59edd422c0c84a879bd37670ae4f538a\/internal_photos\/bs\/2020\/L\/V\/tsX1BAQYSLlYxBYT5dKg\/murilo-5.jpg 1000w, https:\/\/s2.glbimg.com\/PacX0_ZelH3hK-dF1adMEKZvY-Y=\/0x0:1280x960\/984x0\/smart\/filters:strip_icc()\/i.s3.glbimg.com\/v1\/AUTH_59edd422c0c84a879bd37670ae4f538a\/internal_photos\/bs\/2020\/L\/V\/tsX1BAQYSLlYxBYT5dKg\/murilo-5.jpg 984w, https:\/\/s2.glbimg.com\/y4bv0YV0K9IKgHPA58jkD2Rp37s=\/0x0:1280x960\/640x0\/smart\/filters:strip_icc()\/i.s3.glbimg.com\/v1\/AUTH_59edd422c0c84a879bd37670ae4f538a\/internal_photos\/bs\/2020\/L\/V\/tsX1BAQYSLlYxBYT5dKg\/murilo-5.jpg 640w, https:\/\/s2.glbimg.com\/aer7cXEjTQu1aLllcrj4Te3b2_o=\/0x0:1280x960\/600x0\/smart\/filters:strip_icc()\/i.s3.glbimg.com\/v1\/AUTH_59edd422c0c84a879bd37670ae4f538a\/internal_photos\/bs\/2020\/L\/V\/tsX1BAQYSLlYxBYT5dKg\/murilo-5.jpg 600w\" alt=\"Motociclista morreu na Avenida Raimundo Maiolini, em Presidente Prudente \u2014 Foto: Murilo Zara\/TV Fronteira\" \/><\/figure>\n<p class=\"content-media__description \">Motociclista morreu na Avenida Raimundo Maiolini, em Presidente Prudente \u2014 Foto: Murilo Zara\/TV Fronteira<\/p>\n<\/div>\n<\/div>\n<div class=\"row medium-uncollapsed content-media content-photo\" style=\"text-align: justify;\" data-block-type=\"backstage-photo\" data-block-id=\"25\">\n<div class=\"mc-column content-media__container\">\n<figure><img decoding=\"async\" class=\"i-amphtml-fill-content i-amphtml-replaced-content\" src=\"https:\/\/s2.glbimg.com\/OI1FBer1W-qmwDL604RA93Q99jg=\/0x0:1280x960\/984x0\/smart\/filters:strip_icc()\/i.s3.glbimg.com\/v1\/AUTH_59edd422c0c84a879bd37670ae4f538a\/internal_photos\/bs\/2020\/f\/B\/mPJ8w4R2qtrOKQoaavsg\/murilo-6.jpg\" sizes=\"(max-width: 1242px) 648px, 100vw\" srcset=\"https:\/\/s2.glbimg.com\/00MfKyrrZW7EPTH4iCC1wy22lv0=\/0x0:1280x960\/1000x0\/smart\/filters:strip_icc()\/i.s3.glbimg.com\/v1\/AUTH_59edd422c0c84a879bd37670ae4f538a\/internal_photos\/bs\/2020\/f\/B\/mPJ8w4R2qtrOKQoaavsg\/murilo-6.jpg 1000w, https:\/\/s2.glbimg.com\/OI1FBer1W-qmwDL604RA93Q99jg=\/0x0:1280x960\/984x0\/smart\/filters:strip_icc()\/i.s3.glbimg.com\/v1\/AUTH_59edd422c0c84a879bd37670ae4f538a\/internal_photos\/bs\/2020\/f\/B\/mPJ8w4R2qtrOKQoaavsg\/murilo-6.jpg 984w, https:\/\/s2.glbimg.com\/Cf1jv9ENabl1jfpNgGKUGZR_uRo=\/0x0:1280x960\/640x0\/smart\/filters:strip_icc()\/i.s3.glbimg.com\/v1\/AUTH_59edd422c0c84a879bd37670ae4f538a\/internal_photos\/bs\/2020\/f\/B\/mPJ8w4R2qtrOKQoaavsg\/murilo-6.jpg 640w, https:\/\/s2.glbimg.com\/WBWWiV6a-poRum44r2Zxi7uBGpU=\/0x0:1280x960\/600x0\/smart\/filters:strip_icc()\/i.s3.glbimg.com\/v1\/AUTH_59edd422c0c84a879bd37670ae4f538a\/internal_photos\/bs\/2020\/f\/B\/mPJ8w4R2qtrOKQoaavsg\/murilo-6.jpg 600w\" alt=\"Motociclista morreu na Avenida Raimundo Maiolini, em Presidente Prudente \u2014 Foto: Murilo Zara\/TV Fronteira\" \/><\/figure>\n<p class=\"content-media__description \">Motociclista morreu na Avenida Raimundo Maiolini, em Presidente Prudente \u2014 Foto: Murilo Zara\/TV Fronteira<\/p>\n<\/div>\n<\/div>\n<div class=\"row medium-uncollapsed content-media content-photo\" style=\"text-align: justify;\" data-block-type=\"backstage-photo\" data-block-id=\"26\">\n<div class=\"mc-column content-media__container\">\n<figure><img decoding=\"async\" class=\"i-amphtml-fill-content i-amphtml-replaced-content\" src=\"https:\/\/s2.glbimg.com\/gmQFaPREJTZ2-QufjRE_qq7hpgk=\/0x0:1280x960\/984x0\/smart\/filters:strip_icc()\/i.s3.glbimg.com\/v1\/AUTH_59edd422c0c84a879bd37670ae4f538a\/internal_photos\/bs\/2020\/l\/R\/HG5F8DRa69RXXahRjpwg\/murilo-7.jpg\" sizes=\"(max-width: 1242px) 648px, 100vw\" srcset=\"https:\/\/s2.glbimg.com\/1VgJeboPdg8Sk_C7iC3PFcbVyGI=\/0x0:1280x960\/1000x0\/smart\/filters:strip_icc()\/i.s3.glbimg.com\/v1\/AUTH_59edd422c0c84a879bd37670ae4f538a\/internal_photos\/bs\/2020\/l\/R\/HG5F8DRa69RXXahRjpwg\/murilo-7.jpg 1000w, https:\/\/s2.glbimg.com\/gmQFaPREJTZ2-QufjRE_qq7hpgk=\/0x0:1280x960\/984x0\/smart\/filters:strip_icc()\/i.s3.glbimg.com\/v1\/AUTH_59edd422c0c84a879bd37670ae4f538a\/internal_photos\/bs\/2020\/l\/R\/HG5F8DRa69RXXahRjpwg\/murilo-7.jpg 984w, https:\/\/s2.glbimg.com\/HcE2IstTwz89le_MYMQihnIgYlA=\/0x0:1280x960\/640x0\/smart\/filters:strip_icc()\/i.s3.glbimg.com\/v1\/AUTH_59edd422c0c84a879bd37670ae4f538a\/internal_photos\/bs\/2020\/l\/R\/HG5F8DRa69RXXahRjpwg\/murilo-7.jpg 640w, https:\/\/s2.glbimg.com\/-2rIcrPcq7mRojMMK-m9TKwixog=\/0x0:1280x960\/600x0\/smart\/filters:strip_icc()\/i.s3.glbimg.com\/v1\/AUTH_59edd422c0c84a879bd37670ae4f538a\/internal_photos\/bs\/2020\/l\/R\/HG5F8DRa69RXXahRjpwg\/murilo-7.jpg 600w\" alt=\"Motociclista morreu na Avenida Raimundo Maiolini, em Presidente Prudente \u2014 Foto: Murilo Zara\/TV Fronteira\" \/><\/figure>\n<p class=\"content-media__description \">Motociclista morreu na Avenida Raimundo Maiolini, em Presidente Prudente \u2014 Foto: Murilo Zara\/TV Fronteira<\/p>\n<\/div>\n<\/div>\n<div class=\"row medium-uncollapsed content-media content-photo\" style=\"text-align: justify;\" data-block-type=\"backstage-photo\" data-block-id=\"27\">\n<div class=\"mc-column content-media__container\">\n<figure><img decoding=\"async\" class=\"i-amphtml-fill-content i-amphtml-replaced-content\" src=\"https:\/\/s2.glbimg.com\/W70q04v9LOcxj2EuEmGW4d8uC7w=\/0x0:1280x960\/984x0\/smart\/filters:strip_icc()\/i.s3.glbimg.com\/v1\/AUTH_59edd422c0c84a879bd37670ae4f538a\/internal_photos\/bs\/2020\/a\/3\/lfrA43T6SDgFey640NRA\/murilo-8.jpg\" sizes=\"(max-width: 1242px) 648px, 100vw\" srcset=\"https:\/\/s2.glbimg.com\/qAJ_R4lFhcE_LBPFk3cxjxas-3U=\/0x0:1280x960\/1000x0\/smart\/filters:strip_icc()\/i.s3.glbimg.com\/v1\/AUTH_59edd422c0c84a879bd37670ae4f538a\/internal_photos\/bs\/2020\/a\/3\/lfrA43T6SDgFey640NRA\/murilo-8.jpg 1000w, https:\/\/s2.glbimg.com\/W70q04v9LOcxj2EuEmGW4d8uC7w=\/0x0:1280x960\/984x0\/smart\/filters:strip_icc()\/i.s3.glbimg.com\/v1\/AUTH_59edd422c0c84a879bd37670ae4f538a\/internal_photos\/bs\/2020\/a\/3\/lfrA43T6SDgFey640NRA\/murilo-8.jpg 984w, https:\/\/s2.glbimg.com\/mG8lM-JNh1mp5dsMO5lFAwVhNR8=\/0x0:1280x960\/640x0\/smart\/filters:strip_icc()\/i.s3.glbimg.com\/v1\/AUTH_59edd422c0c84a879bd37670ae4f538a\/internal_photos\/bs\/2020\/a\/3\/lfrA43T6SDgFey640NRA\/murilo-8.jpg 640w, https:\/\/s2.glbimg.com\/PN1nO2k_HzB7A1CCDhERtHsR4pY=\/0x0:1280x960\/600x0\/smart\/filters:strip_icc()\/i.s3.glbimg.com\/v1\/AUTH_59edd422c0c84a879bd37670ae4f538a\/internal_photos\/bs\/2020\/a\/3\/lfrA43T6SDgFey640NRA\/murilo-8.jpg 600w\" alt=\"Motociclista morreu na Avenida Raimundo Maiolini, em Presidente Prudente \u2014 Foto: Murilo Zara\/TV Fronteira\" \/><\/figure>\n<p class=\"content-media__description \">Motociclista morreu na Avenida Raimundo Maiolini, em Presidente Prudente \u2014 Foto: Murilo Zara\/TV Fronteira<\/p>\n<\/div>\n<\/div>\n<div class=\"row medium-uncollapsed content-media content-photo\" style=\"text-align: justify;\" data-block-type=\"backstage-photo\" data-block-id=\"29\">\n<div class=\"mc-column content-media__container\">\n<figure><img decoding=\"async\" class=\"i-amphtml-fill-content i-amphtml-replaced-content\" src=\"https:\/\/s2.glbimg.com\/w7Xb8Bo4Th29l-aIDrtGU25YTlc=\/0x0:1280x960\/984x0\/smart\/filters:strip_icc()\/i.s3.glbimg.com\/v1\/AUTH_59edd422c0c84a879bd37670ae4f538a\/internal_photos\/bs\/2020\/t\/1\/WYUUOYTdCeJ0FfJAwqVA\/murilo-9.jpg\" sizes=\"(max-width: 1242px) 648px, 100vw\" srcset=\"https:\/\/s2.glbimg.com\/kboZ9Y4dC6eJ1n1g-swlJgJG17k=\/0x0:1280x960\/1000x0\/smart\/filters:strip_icc()\/i.s3.glbimg.com\/v1\/AUTH_59edd422c0c84a879bd37670ae4f538a\/internal_photos\/bs\/2020\/t\/1\/WYUUOYTdCeJ0FfJAwqVA\/murilo-9.jpg 1000w, https:\/\/s2.glbimg.com\/w7Xb8Bo4Th29l-aIDrtGU25YTlc=\/0x0:1280x960\/984x0\/smart\/filters:strip_icc()\/i.s3.glbimg.com\/v1\/AUTH_59edd422c0c84a879bd37670ae4f538a\/internal_photos\/bs\/2020\/t\/1\/WYUUOYTdCeJ0FfJAwqVA\/murilo-9.jpg 984w, https:\/\/s2.glbimg.com\/SorHpArsTpA8uJhGE34Ggyj8pAM=\/0x0:1280x960\/640x0\/smart\/filters:strip_icc()\/i.s3.glbimg.com\/v1\/AUTH_59edd422c0c84a879bd37670ae4f538a\/internal_photos\/bs\/2020\/t\/1\/WYUUOYTdCeJ0FfJAwqVA\/murilo-9.jpg 640w, https:\/\/s2.glbimg.com\/SsGqMbHJscGjB-BByZcK3WPuhYk=\/0x0:1280x960\/600x0\/smart\/filters:strip_icc()\/i.s3.glbimg.com\/v1\/AUTH_59edd422c0c84a879bd37670ae4f538a\/internal_photos\/bs\/2020\/t\/1\/WYUUOYTdCeJ0FfJAwqVA\/murilo-9.jpg 600w\" alt=\"Motociclista morreu na Avenida Raimundo Maiolini, em Presidente Prudente \u2014 Foto: Murilo Zara\/TV Fronteira\" \/><\/figure>\n<p class=\"content-media__description \">Motociclista morreu na Avenida Raimundo Maiolini, em Presidente Prudente \u2014 Foto: Murilo Zara\/TV Fronteira<\/p>\n<\/div>\n<\/div>\n<div class=\"row medium-uncollapsed content-media content-photo\" style=\"text-align: justify;\" data-block-type=\"backstage-photo\" data-block-id=\"30\">\n<div class=\"mc-column content-media__container\">\n<figure><img decoding=\"async\" class=\"i-amphtml-fill-content i-amphtml-replaced-content\" src=\"https:\/\/s2.glbimg.com\/ZesKj5G7m7DcVDpZlUaP43d0eAk=\/0x0:1280x960\/984x0\/smart\/filters:strip_icc()\/i.s3.glbimg.com\/v1\/AUTH_59edd422c0c84a879bd37670ae4f538a\/internal_photos\/bs\/2020\/q\/7\/PmP7ylSvWKj5nUtIl2mQ\/murilo-10.jpg\" sizes=\"(max-width: 1242px) 648px, 100vw\" srcset=\"https:\/\/s2.glbimg.com\/QeMQDDc-53ydmNl_cWIsfYSKXUE=\/0x0:1280x960\/1000x0\/smart\/filters:strip_icc()\/i.s3.glbimg.com\/v1\/AUTH_59edd422c0c84a879bd37670ae4f538a\/internal_photos\/bs\/2020\/q\/7\/PmP7ylSvWKj5nUtIl2mQ\/murilo-10.jpg 1000w, https:\/\/s2.glbimg.com\/ZesKj5G7m7DcVDpZlUaP43d0eAk=\/0x0:1280x960\/984x0\/smart\/filters:strip_icc()\/i.s3.glbimg.com\/v1\/AUTH_59edd422c0c84a879bd37670ae4f538a\/internal_photos\/bs\/2020\/q\/7\/PmP7ylSvWKj5nUtIl2mQ\/murilo-10.jpg 984w, https:\/\/s2.glbimg.com\/uEz59v2FGmB4mJVIKo3QMR5PEDY=\/0x0:1280x960\/640x0\/smart\/filters:strip_icc()\/i.s3.glbimg.com\/v1\/AUTH_59edd422c0c84a879bd37670ae4f538a\/internal_photos\/bs\/2020\/q\/7\/PmP7ylSvWKj5nUtIl2mQ\/murilo-10.jpg 640w, https:\/\/s2.glbimg.com\/8c6WI0NdimEU0rRKfV2xGm4A064=\/0x0:1280x960\/600x0\/smart\/filters:strip_icc()\/i.s3.glbimg.com\/v1\/AUTH_59edd422c0c84a879bd37670ae4f538a\/internal_photos\/bs\/2020\/q\/7\/PmP7ylSvWKj5nUtIl2mQ\/murilo-10.jpg 600w\" alt=\"Motociclista morreu na Avenida Raimundo Maiolini, em Presidente Prudente \u2014 Foto: Murilo Zara\/TV Fronteira\" \/><\/figure>\n<p class=\"content-media__description \">Motociclista morreu na Avenida Raimundo Maiolini, em Presidente Prudente \u2014 Foto: Murilo Zara\/TV Fronteira<\/p>\n<\/div>\n<\/div>\n<div class=\"row medium-uncollapsed content-media content-photo\" data-block-type=\"backstage-photo\" data-block-id=\"31\">\n<div class=\"mc-column content-media__container\">\n<figure style=\"text-align: justify;\"><img decoding=\"async\" class=\"i-amphtml-fill-content i-amphtml-replaced-content\" src=\"https:\/\/s2.glbimg.com\/Z_y-yFUPcQ9SuprEq41yDv4N5R4=\/0x0:1280x960\/984x0\/smart\/filters:strip_icc()\/i.s3.glbimg.com\/v1\/AUTH_59edd422c0c84a879bd37670ae4f538a\/internal_photos\/bs\/2020\/d\/l\/rcMhzqQsWWRLSyY9l97g\/murilo-11.jpg\" sizes=\"(max-width: 1242px) 648px, 100vw\" srcset=\"https:\/\/s2.glbimg.com\/APfxlYqO63PAgkC4n_ZuqJYTdTk=\/0x0:1280x960\/1000x0\/smart\/filters:strip_icc()\/i.s3.glbimg.com\/v1\/AUTH_59edd422c0c84a879bd37670ae4f538a\/internal_photos\/bs\/2020\/d\/l\/rcMhzqQsWWRLSyY9l97g\/murilo-11.jpg 1000w, https:\/\/s2.glbimg.com\/Z_y-yFUPcQ9SuprEq41yDv4N5R4=\/0x0:1280x960\/984x0\/smart\/filters:strip_icc()\/i.s3.glbimg.com\/v1\/AUTH_59edd422c0c84a879bd37670ae4f538a\/internal_photos\/bs\/2020\/d\/l\/rcMhzqQsWWRLSyY9l97g\/murilo-11.jpg 984w, https:\/\/s2.glbimg.com\/YFRt2CvFBsBgrdZBAMeVzdJ-WSs=\/0x0:1280x960\/640x0\/smart\/filters:strip_icc()\/i.s3.glbimg.com\/v1\/AUTH_59edd422c0c84a879bd37670ae4f538a\/internal_photos\/bs\/2020\/d\/l\/rcMhzqQsWWRLSyY9l97g\/murilo-11.jpg 640w, https:\/\/s2.glbimg.com\/jZ0rq-u_TkU8-ciKCu2oHJGTUdU=\/0x0:1280x960\/600x0\/smart\/filters:strip_icc()\/i.s3.glbimg.com\/v1\/AUTH_59edd422c0c84a879bd37670ae4f538a\/internal_photos\/bs\/2020\/d\/l\/rcMhzqQsWWRLSyY9l97g\/murilo-11.jpg 600w\" alt=\"Motociclista morreu na Avenida Raimundo Maiolini, em Presidente Prudente \u2014 Foto: Murilo Zara\/TV Fronteira\" \/><\/figure>\n<p class=\"content-media__description \" style=\"text-align: justify;\">Motociclista morreu na Avenida Raimundo Maiolini, em Presidente Prudente \u2014 Foto: Murilo Zara\/TV Fronteira<\/p>\n<p style=\"text-align: justify;\">Fonte: G1<\/p>\n<\/div>\n<\/div>\n<\/div>\n","protected":false},"excerpt":{"rendered":"<p>Acidente de tr\u00e2nsito foi registrado na tarde deste s\u00e1bado (1\u00ba), na zona norte de Presidente Prudente. V\u00edtima tinha 37 anos e morava no Residencial Belo Galindo. Um homem de 37 anos morreu v\u00edtima de acidente de tr\u00e2nsito na tarde deste s\u00e1bado (1\u00ba), na Avenida Raimundo Maiolini, na zona norte de\u00a0Presidente Prudente. De acordo com as [&hellip;]<\/p>\n","protected":false},"author":1,"featured_media":31902,"comment_status":"closed","ping_status":"open","sticky":false,"template":"","format":"standard","meta":{"footnotes":""},"categories":[170,110],"tags":[],"class_list":["post-31901","post","type-post","status-publish","format-standard","has-post-thumbnail","hentry","category-acidentes","category-noticiasdestaque"],"_links":{"self":[{"href":"https:\/\/jorgezanoni.com.br\/2019\/wp-json\/wp\/v2\/posts\/31901","targetHints":{"allow":["GET"]}}],"collection":[{"href":"https:\/\/jorgezanoni.com.br\/2019\/wp-json\/wp\/v2\/posts"}],"about":[{"href":"https:\/\/jorgezanoni.com.br\/2019\/wp-json\/wp\/v2\/types\/post"}],"author":[{"embeddable":true,"href":"https:\/\/jorgezanoni.com.br\/2019\/wp-json\/wp\/v2\/users\/1"}],"replies":[{"embeddable":true,"href":"https:\/\/jorgezanoni.com.br\/2019\/wp-json\/wp\/v2\/comments?post=31901"}],"version-history":[{"count":0,"href":"https:\/\/jorgezanoni.com.br\/2019\/wp-json\/wp\/v2\/posts\/31901\/revisions"}],"wp:featuredmedia":[{"embeddable":true,"href":"https:\/\/jorgezanoni.com.br\/2019\/wp-json\/wp\/v2\/media\/31902"}],"wp:attachment":[{"href":"https:\/\/jorgezanoni.com.br\/2019\/wp-json\/wp\/v2\/media?parent=31901"}],"wp:term":[{"taxonomy":"category","embeddable":true,"href":"https:\/\/jorgezanoni.com.br\/2019\/wp-json\/wp\/v2\/categories?post=31901"},{"taxonomy":"post_tag","embeddable":true,"href":"https:\/\/jorgezanoni.com.br\/2019\/wp-json\/wp\/v2\/tags?post=31901"}],"curies":[{"name":"wp","href":"https:\/\/api.w.org\/{rel}","templated":true}]}}