{"id":3190,"date":"2019-08-08T15:45:26","date_gmt":"2019-08-08T15:45:26","guid":{"rendered":"https:\/\/jorgezanoni.com.br\/2019\/?p=3190"},"modified":"2019-08-08T15:45:26","modified_gmt":"2019-08-08T15:45:26","slug":"homem-e-multado-em-mais-de-r-12-milhao-apos-deposito-clandestino-de-xaxins-ser-descoberto-em-indiana","status":"publish","type":"post","link":"https:\/\/jorgezanoni.com.br\/2019\/homem-e-multado-em-mais-de-r-12-milhao-apos-deposito-clandestino-de-xaxins-ser-descoberto-em-indiana\/","title":{"rendered":"Homem \u00e9 multado em mais de R$ 1,2 milh\u00e3o ap\u00f3s dep\u00f3sito clandestino de xaxins ser descoberto em Indiana"},"content":{"rendered":"<h2 class=\"content-head__subtitle\" style=\"text-align: justify;\"><strong>Esp\u00e9cie da flora integra a lista nacional das &#8216;amea\u00e7adas de extin\u00e7\u00e3o&#8217; e foram proibidas a industrializa\u00e7\u00e3o e a comercializa\u00e7\u00e3o de produtos provenientes de sua extra\u00e7\u00e3o.<\/strong><\/h2>\n<div class=\"mc-column content-text active-extra-styles \" data-block-type=\"unstyled\" data-block-weight=\"42\" data-block-id=\"2\">\n<p class=\"content-text__container \" style=\"text-align: justify;\" data-track-category=\"Link no Texto\" data-track-links=\"\">Um homem de 51 anos, morador em\u00a0<a href=\"https:\/\/g1.globo.com\/sp\/presidente-prudente-regiao\/cidade\/indiana\/\">Indiana (SP)<\/a>, foi multado em mais de R$ 1,2 milh\u00e3o por depositar xaxins de maneira clandestina. A autua\u00e7\u00e3o foi feita pela Pol\u00edcia Militar Ambiental, nesta quarta-feira (7). Foram apreendidas 4.071 pe\u00e7as do subproduto da flora.<\/p>\n<\/div>\n<div class=\"wall protected-content\">\n<div class=\"mc-column content-text active-extra-styles \" style=\"text-align: justify;\" data-block-type=\"unstyled\" data-block-weight=\"27\" data-block-id=\"3\">\n<p class=\"content-text__container \" data-track-category=\"Link no Texto\" data-track-links=\"\">A pol\u00edcia localizou o dep\u00f3sito clandestino de subproduto da flora, especificamente xaxim \u2013 vasos, estacas, placas e sacos de p\u00f3 \u2013 durante um patrulhamento ambiental pela cidade.<\/p>\n<\/div>\n<div class=\"mc-column content-text active-extra-styles \" style=\"text-align: justify;\" data-block-type=\"unstyled\" data-block-weight=\"34\" data-block-id=\"4\">\n<p class=\"content-text__container \" data-track-category=\"Link no Texto\" data-track-links=\"\">O envolvido, contatado e questionado pelos policiais, declarou que adquiriu os produtos para a revenda, \u201cmesmo sabendo que s\u00e3o proibidos a aquisi\u00e7\u00e3o e o com\u00e9rcio desses produtos\u201d, de acordo com informa\u00e7\u00f5es da Pol\u00edcia Ambiental.<\/p>\n<\/div>\n<div class=\"mc-column content-text active-extra-styles \" style=\"text-align: justify;\" data-block-type=\"unstyled\" data-block-weight=\"29\" data-block-id=\"5\">\n<p class=\"content-text__container \" data-track-category=\"Link no Texto\" data-track-links=\"\">Diante dos fatos, foi elaborado um auto de infra\u00e7\u00e3o ambiental, com base no artigo 48, par\u00e1grafo 1\u00b0, da Resolu\u00e7\u00e3o SMA \u2013 48\/2014, resultando na multa de R$ 1.221.300.<\/p>\n<\/div>\n<div class=\"mc-column content-text active-extra-styles \" data-block-type=\"unstyled\" data-block-weight=\"17\" data-block-id=\"6\">\n<p class=\"content-text__container \" style=\"text-align: justify;\" data-track-category=\"Link no Texto\" data-track-links=\"\">Ap\u00f3s per\u00edcia, os materiais foram apreendidos e destru\u00eddos na caldeira de um curtume em Presidente Prudente (SP).<\/p>\n<p data-track-category=\"Link no Texto\" data-track-links=\"\"><img loading=\"lazy\" decoding=\"async\" class=\"alignnone size-full wp-image-3191\" src=\"https:\/\/jorgezanoni.com.br\/2019\/wp-content\/uploads\/2019\/08\/xaxim1.jpg\" alt=\"\" width=\"1000\" height=\"562\" srcset=\"https:\/\/jorgezanoni.com.br\/2019\/wp-content\/uploads\/2019\/08\/xaxim1.jpg 1000w, https:\/\/jorgezanoni.com.br\/2019\/wp-content\/uploads\/2019\/08\/xaxim1-300x169.jpg 300w, https:\/\/jorgezanoni.com.br\/2019\/wp-content\/uploads\/2019\/08\/xaxim1-768x432.jpg 768w, https:\/\/jorgezanoni.com.br\/2019\/wp-content\/uploads\/2019\/08\/xaxim1-696x391.jpg 696w, https:\/\/jorgezanoni.com.br\/2019\/wp-content\/uploads\/2019\/08\/xaxim1-747x420.jpg 747w\" sizes=\"auto, (max-width: 1000px) 100vw, 1000px\" \/><\/p>\n<div class=\"mc-column content-text active-extra-styles\" data-block-type=\"raw\" data-block-weight=\"1\" data-block-id=\"9\">\n<div class=\"content-intertitle\">\n<h2>Resolu\u00e7\u00e3o<\/h2>\n<\/div>\n<\/div>\n<div class=\"mc-column content-text active-extra-styles \" data-block-type=\"unstyled\" data-block-weight=\"48\" data-block-id=\"10\">\n<p class=\"content-text__container \" style=\"text-align: justify;\" data-track-category=\"Link no Texto\" data-track-links=\"\">O artigo 48 disp\u00f5e sobre \u201creceber ou adquirir, para fins comerciais ou industriais, madeira, lenha, carv\u00e3o e outros produtos de origem vegetal, sem exigir a exibi\u00e7\u00e3o de licen\u00e7a do vendedor, outorgada pela autoridade competente, e sem munir-se da via que dever\u00e1 acompanhar o produto at\u00e9 final beneficiamento\u201d.<\/p>\n<\/div>\n<div class=\"mc-column content-text active-extra-styles \" style=\"text-align: justify;\" data-block-type=\"unstyled\" data-block-weight=\"22\" data-block-id=\"11\">\n<p class=\"content-text__container \" data-track-category=\"Link no Texto\" data-track-links=\"\">A multa \u00e9 de R$ 300 por unidade, est\u00e9reo, quilo, metro de carv\u00e3o (MDC) ou metro c\u00fabico aferido pelo m\u00e9todo geom\u00e9trico.<\/p>\n<\/div>\n<div class=\"mc-column content-text active-extra-styles \" data-block-type=\"unstyled\" data-block-weight=\"53\" data-block-id=\"12\">\n<p class=\"content-text__container \" style=\"text-align: justify;\" data-track-category=\"Link no Texto\" data-track-links=\"\">J\u00e1 o par\u00e1grafo primeiro aponta que \u201cincorre nas mesmas penalidades quem vende, exp\u00f5e \u00e0 venda, tem em dep\u00f3sito, transporta ou guarda madeira, lenha, carv\u00e3o ou outros produtos de origem vegetal, sem licen\u00e7a v\u00e1lida para todo o tempo da viagem ou do armazenamento, outorgada pela autoridade competente ou em desacordo com a obtida\u201d.<\/p>\n<p data-track-category=\"Link no Texto\" data-track-links=\"\"><img loading=\"lazy\" decoding=\"async\" class=\"alignnone size-full wp-image-3192\" src=\"https:\/\/jorgezanoni.com.br\/2019\/wp-content\/uploads\/2019\/08\/xaxim2.jpeg\" alt=\"\" width=\"1000\" height=\"640\" srcset=\"https:\/\/jorgezanoni.com.br\/2019\/wp-content\/uploads\/2019\/08\/xaxim2.jpeg 1000w, https:\/\/jorgezanoni.com.br\/2019\/wp-content\/uploads\/2019\/08\/xaxim2-300x192.jpeg 300w, https:\/\/jorgezanoni.com.br\/2019\/wp-content\/uploads\/2019\/08\/xaxim2-768x492.jpeg 768w, https:\/\/jorgezanoni.com.br\/2019\/wp-content\/uploads\/2019\/08\/xaxim2-696x445.jpeg 696w, https:\/\/jorgezanoni.com.br\/2019\/wp-content\/uploads\/2019\/08\/xaxim2-656x420.jpeg 656w\" sizes=\"auto, (max-width: 1000px) 100vw, 1000px\" \/><\/p>\n<div class=\"mc-column content-text active-extra-styles\" data-block-type=\"raw\" data-block-weight=\"1\" data-block-id=\"14\">\n<div class=\"content-intertitle\">\n<h2 style=\"text-align: justify;\">Extin\u00e7\u00e3o<\/h2>\n<\/div>\n<\/div>\n<div class=\"mc-column content-text active-extra-styles \" style=\"text-align: justify;\" data-block-type=\"unstyled\" data-block-weight=\"34\" data-block-id=\"15\">\n<p class=\"content-text__container \" data-track-category=\"Link no Texto\" data-track-links=\"\">O xaxim, conhecido como samambaia\u00e7u-imperial (<em>Dicksonia sellowianna<\/em>), passou a integrar a lista de esp\u00e9cies da flora nacional amea\u00e7adas de extin\u00e7\u00e3o em raz\u00e3o de sua intensa explora\u00e7\u00e3o comercial destinada \u00e0 jardinagem e \u00e0 floricultura.<\/p>\n<\/div>\n<div class=\"mc-column content-text active-extra-styles \" style=\"text-align: justify;\" data-block-type=\"unstyled\" data-block-weight=\"34\" data-block-id=\"16\">\n<p class=\"content-text__container \" data-track-category=\"Link no Texto\" data-track-links=\"\">Uma\u00a0<a href=\"https:\/\/www.al.sp.gov.br\/repositorio\/legislacao\/lei\/2004\/lei-11754-01.07.2004.html\" target=\"_blank\" rel=\"noopener noreferrer\">lei aprovada em 2004<\/a>\u00a0pela Assembleia Legislativa do Estado de S\u00e3o Paulo (Alesp) proibiu a industrializa\u00e7\u00e3o e a comercializa\u00e7\u00e3o de produtos provenientes da extra\u00e7\u00e3o do xaxim, seja direta ou indiretamente.<\/p>\n<\/div>\n<div class=\"mc-column content-text active-extra-styles \" style=\"text-align: justify;\" data-block-type=\"unstyled\" data-block-weight=\"22\" data-block-id=\"17\">\n<p class=\"content-text__container \" data-track-category=\"Link no Texto\" data-track-links=\"\">As proibi\u00e7\u00f5es previstas aplicam-se a vasos, estacas, p\u00f3, arranjos com placas e todas as formas de apresenta\u00e7\u00e3o e de utiliza\u00e7\u00e3o da esp\u00e9cie.<\/p>\n<\/div>\n<div class=\"mc-column content-text active-extra-styles \" style=\"text-align: justify;\" data-block-type=\"unstyled\" data-block-weight=\"45\" data-block-id=\"19\">\n<p class=\"content-text__container \" data-track-category=\"Link no Texto\" data-track-links=\"\">No texto da lei, de autoria do ent\u00e3o deputado Sebasti\u00e3o Almeida (PT), a justificativa apresenta que o xaxim, \u201coutrora abundante no ambiente natural, junto ao sub-bosque da Mata Atl\u00e2ntica, encontrado em \u00e1reas com mais de 800 metros de altitude\u201d, \u201cfoi v\u00edtima de suas pr\u00f3prias virtudes\u201d.<\/p>\n<\/div>\n<div class=\"mc-column content-text active-extra-styles \" style=\"text-align: justify;\" data-block-type=\"unstyled\" data-block-weight=\"31\" data-block-id=\"20\">\n<p class=\"content-text__container \" data-track-category=\"Link no Texto\" data-track-links=\"\">\u201cNo ambiente natural, em seu tronco, desenvolvem-se com extremo vigor diversas samambaias, l\u00edquens e orqu\u00eddeas, muitas das quais end\u00eamicas, que formam um conjunto harmonioso, um verdadeiro jardim bot\u00e2nico\u201d, diz o texto.<\/p>\n<\/div>\n<div class=\"mc-column content-text active-extra-styles \" style=\"text-align: justify;\" data-block-type=\"unstyled\" data-block-weight=\"51\" data-block-id=\"21\">\n<p class=\"content-text__container \" data-track-category=\"Link no Texto\" data-track-links=\"\">Ainda conforme o documento, \u201co aproveitamento econ\u00f4mico do tronco do xaxim, como vaso e substrato para orqu\u00eddeas e outras plantas, justamente para saciar a car\u00eancia de verde e minimizar a falta de contato das cidades com a natureza, est\u00e1 provocando o exterm\u00ednio desta esp\u00e9cie e de suas ep\u00edfitas em solo brasileiro\u201d.<\/p>\n<\/div>\n<div class=\"mc-column content-text active-extra-styles \" style=\"text-align: justify;\" data-block-type=\"unstyled\" data-block-weight=\"33\" data-block-id=\"22\">\n<p class=\"content-text__container \" data-track-category=\"Link no Texto\" data-track-links=\"\">\u201cJustifica-se esta proposi\u00e7\u00e3o como forma de evitar que uma planta que sobreviveu a violentos eventos naturais geol\u00f3gicos e clim\u00e1ticos seja exterminada pelo homem, seu maior predador\u201d, finaliza o deputado no texto \u00e0 \u00e9poca.<\/p>\n<p data-track-category=\"Link no Texto\" data-track-links=\"\"><img loading=\"lazy\" decoding=\"async\" class=\"alignnone size-full wp-image-3193\" src=\"https:\/\/jorgezanoni.com.br\/2019\/wp-content\/uploads\/2019\/08\/xaxim3.jpg\" alt=\"\" width=\"1000\" height=\"750\" srcset=\"https:\/\/jorgezanoni.com.br\/2019\/wp-content\/uploads\/2019\/08\/xaxim3.jpg 1000w, https:\/\/jorgezanoni.com.br\/2019\/wp-content\/uploads\/2019\/08\/xaxim3-300x225.jpg 300w, https:\/\/jorgezanoni.com.br\/2019\/wp-content\/uploads\/2019\/08\/xaxim3-768x576.jpg 768w, https:\/\/jorgezanoni.com.br\/2019\/wp-content\/uploads\/2019\/08\/xaxim3-80x60.jpg 80w, https:\/\/jorgezanoni.com.br\/2019\/wp-content\/uploads\/2019\/08\/xaxim3-265x198.jpg 265w, https:\/\/jorgezanoni.com.br\/2019\/wp-content\/uploads\/2019\/08\/xaxim3-696x522.jpg 696w, https:\/\/jorgezanoni.com.br\/2019\/wp-content\/uploads\/2019\/08\/xaxim3-560x420.jpg 560w\" sizes=\"auto, (max-width: 1000px) 100vw, 1000px\" \/><\/p>\n<div class=\"mc-column content-text active-extra-styles\" data-block-type=\"raw\" data-block-weight=\"1\" data-block-id=\"14\">\n<div class=\"content-intertitle\">\n<h2>Extin\u00e7\u00e3o<\/h2>\n<\/div>\n<\/div>\n<div class=\"mc-column content-text active-extra-styles \" data-block-type=\"unstyled\" data-block-weight=\"34\" data-block-id=\"15\">\n<p class=\"content-text__container \" data-track-category=\"Link no Texto\" data-track-links=\"\">O xaxim, conhecido como samambaia\u00e7u-imperial (<em>Dicksonia sellowianna<\/em>), passou a integrar a lista de esp\u00e9cies da flora nacional amea\u00e7adas de extin\u00e7\u00e3o em raz\u00e3o de sua intensa explora\u00e7\u00e3o comercial destinada \u00e0 jardinagem e \u00e0 floricultura.<\/p>\n<\/div>\n<div class=\"mc-column content-text active-extra-styles \" data-block-type=\"unstyled\" data-block-weight=\"34\" data-block-id=\"16\">\n<p class=\"content-text__container \" data-track-category=\"Link no Texto\" data-track-links=\"\">Uma\u00a0<a href=\"https:\/\/www.al.sp.gov.br\/repositorio\/legislacao\/lei\/2004\/lei-11754-01.07.2004.html\" target=\"_blank\" rel=\"noopener noreferrer\">lei aprovada em 2004<\/a>\u00a0pela Assembleia Legislativa do Estado de S\u00e3o Paulo (Alesp) proibiu a industrializa\u00e7\u00e3o e a comercializa\u00e7\u00e3o de produtos provenientes da extra\u00e7\u00e3o do xaxim, seja direta ou indiretamente.<\/p>\n<\/div>\n<div class=\"mc-column content-text active-extra-styles \" data-block-type=\"unstyled\" data-block-weight=\"22\" data-block-id=\"17\">\n<p class=\"content-text__container \" data-track-category=\"Link no Texto\" data-track-links=\"\">As proibi\u00e7\u00f5es previstas aplicam-se a vasos, estacas, p\u00f3, arranjos com placas e todas as formas de apresenta\u00e7\u00e3o e de utiliza\u00e7\u00e3o da esp\u00e9cie.<\/p>\n<\/div>\n<div class=\"mc-column content-text active-extra-styles \" data-block-type=\"unstyled\" data-block-weight=\"45\" data-block-id=\"19\">\n<p class=\"content-text__container \" data-track-category=\"Link no Texto\" data-track-links=\"\">No texto da lei, de autoria do ent\u00e3o deputado Sebasti\u00e3o Almeida (PT), a justificativa apresenta que o xaxim, \u201coutrora abundante no ambiente natural, junto ao sub-bosque da Mata Atl\u00e2ntica, encontrado em \u00e1reas com mais de 800 metros de altitude\u201d, \u201cfoi v\u00edtima de suas pr\u00f3prias virtudes\u201d.<\/p>\n<\/div>\n<div class=\"mc-column content-text active-extra-styles \" data-block-type=\"unstyled\" data-block-weight=\"31\" data-block-id=\"20\">\n<p class=\"content-text__container \" data-track-category=\"Link no Texto\" data-track-links=\"\">\u201cNo ambiente natural, em seu tronco, desenvolvem-se com extremo vigor diversas samambaias, l\u00edquens e orqu\u00eddeas, muitas das quais end\u00eamicas, que formam um conjunto harmonioso, um verdadeiro jardim bot\u00e2nico\u201d, diz o texto.<\/p>\n<\/div>\n<div class=\"mc-column content-text active-extra-styles \" data-block-type=\"unstyled\" data-block-weight=\"51\" data-block-id=\"21\">\n<p class=\"content-text__container \" data-track-category=\"Link no Texto\" data-track-links=\"\">Ainda conforme o documento, \u201co aproveitamento econ\u00f4mico do tronco do xaxim, como vaso e substrato para orqu\u00eddeas e outras plantas, justamente para saciar a car\u00eancia de verde e minimizar a falta de contato das cidades com a natureza, est\u00e1 provocando o exterm\u00ednio desta esp\u00e9cie e de suas ep\u00edfitas em solo brasileiro\u201d.<\/p>\n<\/div>\n<div class=\"mc-column content-text active-extra-styles \" data-block-type=\"unstyled\" data-block-weight=\"33\" data-block-id=\"22\">\n<p class=\"content-text__container \" data-track-category=\"Link no Texto\" data-track-links=\"\">\u201cJustifica-se esta proposi\u00e7\u00e3o como forma de evitar que uma planta que sobreviveu a violentos eventos naturais geol\u00f3gicos e clim\u00e1ticos seja exterminada pelo homem, seu maior predador\u201d, finaliza o deputado no texto \u00e0 \u00e9poca.<\/p>\n<p data-track-category=\"Link no Texto\" data-track-links=\"\"><img loading=\"lazy\" decoding=\"async\" class=\"alignnone size-full wp-image-3194\" src=\"https:\/\/jorgezanoni.com.br\/2019\/wp-content\/uploads\/2019\/08\/xaxim4.jpeg\" alt=\"\" width=\"1000\" height=\"1333\" srcset=\"https:\/\/jorgezanoni.com.br\/2019\/wp-content\/uploads\/2019\/08\/xaxim4.jpeg 1000w, https:\/\/jorgezanoni.com.br\/2019\/wp-content\/uploads\/2019\/08\/xaxim4-225x300.jpeg 225w, https:\/\/jorgezanoni.com.br\/2019\/wp-content\/uploads\/2019\/08\/xaxim4-768x1024.jpeg 768w, https:\/\/jorgezanoni.com.br\/2019\/wp-content\/uploads\/2019\/08\/xaxim4-696x928.jpeg 696w, https:\/\/jorgezanoni.com.br\/2019\/wp-content\/uploads\/2019\/08\/xaxim4-315x420.jpeg 315w\" sizes=\"auto, (max-width: 1000px) 100vw, 1000px\" \/><\/p>\n<div class=\"mc-column content-text active-extra-styles\" data-block-type=\"raw\" data-block-weight=\"2\" data-block-id=\"24\">\n<div class=\"content-intertitle\">\n<h2>\u2018Livro Vermelho\u2019<\/h2>\n<\/div>\n<\/div>\n<div class=\"mc-column content-text active-extra-styles \" data-block-type=\"unstyled\" data-block-weight=\"23\" data-block-id=\"25\">\n<p class=\"content-text__container \" data-track-category=\"Link no Texto\" data-track-links=\"\">O\u00a0<a href=\"http:\/\/dados.gov.br\/dataset\/portaria_443\" target=\"_blank\" rel=\"noopener noreferrer\">Portal Brasileiro de Dados Abertos<\/a>\u00a0disponibiliza na internet uma \u201cLista Nacional Oficial de Esp\u00e9cies da Flora Brasileira Amea\u00e7adas de Extin\u00e7\u00e3o\u201d.<\/p>\n<\/div>\n<div class=\"mc-column content-text active-extra-styles \" data-block-type=\"unstyled\" data-block-weight=\"12\" data-block-id=\"26\">\n<p class=\"content-text__container \" data-track-category=\"Link no Texto\" data-track-links=\"\">Entre os materiais, est\u00e1 o \u201cLivro Vermelho da Flora do Brasil\u201d.<\/p>\n<\/div>\n<div class=\"mc-column content-text active-extra-styles \" data-block-type=\"unstyled\" data-block-weight=\"28\" data-block-id=\"27\">\n<p class=\"content-text__container \" data-track-category=\"Link no Texto\" data-track-links=\"\">A pequisa, publicada em 2013, ressalta que a\u00a0<em>Dicksonia sellowianna<\/em>, o xaxim, \u201c\u00e9 uma esp\u00e9cie de crescimento lento e que indiv\u00edduos adultos podem ter mais de 200 anos&#8221;.<\/p>\n<\/div>\n<div class=\"mc-column content-text active-extra-styles \" data-block-type=\"unstyled\" data-block-weight=\"38\" data-block-id=\"29\">\n<p class=\"content-text__container \" data-track-category=\"Link no Texto\" data-track-links=\"\">&#8220;Portanto, a recupera\u00e7\u00e3o populacional n\u00e3o acompanha o ritmo da sua extra\u00e7\u00e3o. Al\u00e9m disso, essa esp\u00e9cie ocorre em \u00e1reas sob intensa press\u00e3o por desmatamento, em que a diminui\u00e7\u00e3o na qualidade do habitat reduz a variabilidade gen\u00e9tica das subpopula\u00e7\u00f5es\u201d, salienta.<\/p>\n<\/div>\n<div class=\"mc-column content-text active-extra-styles\" data-block-type=\"raw\" data-block-weight=\"1\" data-block-id=\"30\">\n<div class=\"content-intertitle\">\n<h2>Alternativas<\/h2>\n<\/div>\n<\/div>\n<div class=\"mc-column content-text active-extra-styles \" data-block-type=\"unstyled\" data-block-weight=\"14\" data-block-id=\"31\">\n<p class=\"content-text__container \" data-track-category=\"Link no Texto\" data-track-links=\"\">Conforme\u00a0<a href=\"https:\/\/www.al.sp.gov.br\/noticia\/?id=359335\" target=\"_blank\" rel=\"noopener noreferrer\">texto da Alesp<\/a>, existem no mercado produtos alternativos que substituem o xaxim.<\/p>\n<\/div>\n<div class=\"mc-column content-text active-extra-styles \" data-block-type=\"unstyled\" data-block-weight=\"74\" data-block-id=\"32\">\n<p class=\"content-text__container \" data-track-category=\"Link no Texto\" data-track-links=\"\">&#8220;Um deles \u00e9 a fibra de coco, que tem capacidade de germina\u00e7\u00e3o excepcional. Para se ter uma ideia, o coco que cai do coqueiro e rola em dire\u00e7\u00e3o ao mar carrega um embri\u00e3o, enquanto suas ra\u00edzes est\u00e3o enraizadas na parte interna da casca do coco. Essa casca, fibrosa, funciona como um \u00f3rg\u00e3o de flutua\u00e7\u00e3o e prote\u00e7\u00e3o, um verdadeiro &#8216;ber\u00e7\u00e1rio&#8217; para o embri\u00e3o do coco na fase de germina\u00e7\u00e3o e desenvolvimento inicial&#8221;, pontua a Alesp.<\/p>\n<\/div>\n<div class=\"mc-column content-text active-extra-styles \" data-block-type=\"unstyled\" data-block-weight=\"57\" data-block-id=\"33\">\n<p class=\"content-text__container \" data-track-category=\"Link no Texto\" data-track-links=\"\">&#8220;As fibras e os gr\u00e2nulos que comp\u00f5em a casca protegem o embri\u00e3o do efeito corrosivo e salino da \u00e1gua do mar, ao mesmo tempo em que oferecem um meio de crescimento (substrato) poroso, que ret\u00e9m umidade sem, contudo, ressecar ao sol ou encharcar enquanto flutua sobre a \u00e1gua. Uma verdadeira &#8216;c\u00e9lula de sobreviv\u00eancia&#8217; criada pela natureza!&#8221;, conclui.<\/p>\n<p data-track-category=\"Link no Texto\" data-track-links=\"\"><img loading=\"lazy\" decoding=\"async\" class=\"alignnone size-full wp-image-3195\" src=\"https:\/\/jorgezanoni.com.br\/2019\/wp-content\/uploads\/2019\/08\/xaxim5.jpeg\" alt=\"\" width=\"1000\" height=\"980\" srcset=\"https:\/\/jorgezanoni.com.br\/2019\/wp-content\/uploads\/2019\/08\/xaxim5.jpeg 1000w, https:\/\/jorgezanoni.com.br\/2019\/wp-content\/uploads\/2019\/08\/xaxim5-300x294.jpeg 300w, https:\/\/jorgezanoni.com.br\/2019\/wp-content\/uploads\/2019\/08\/xaxim5-768x753.jpeg 768w, https:\/\/jorgezanoni.com.br\/2019\/wp-content\/uploads\/2019\/08\/xaxim5-696x682.jpeg 696w, https:\/\/jorgezanoni.com.br\/2019\/wp-content\/uploads\/2019\/08\/xaxim5-429x420.jpeg 429w\" sizes=\"auto, (max-width: 1000px) 100vw, 1000px\" \/><\/p>\n<p data-track-category=\"Link no Texto\" data-track-links=\"\">Fonte: G1<\/p>\n<\/div>\n<div class=\"row medium-uncollapsed content-media content-photo\" data-block-type=\"backstage-photo\" data-block-id=\"34\">\n<div class=\"mc-column content-media__container\">\n<div class=\"progressive-img can-open-lightbox\" data-min-size=\"1008x1344\" data-min-size-url=\"https:\/\/s2.glbimg.com\/LpaqkyVTpwFrBeZch7LwigkHkAE=\/0x0:960x1280\/1008x0\/smart\/filters:strip_icc()\/i.s3.glbimg.com\/v1\/AUTH_59edd422c0c84a879bd37670ae4f538a\/internal_photos\/bs\/2019\/j\/4\/KGABKcRwAil7lfGCgwXw\/whatsapp-image-2019-08-08-at-08.41.15-1-.jpeg\" data-max-size=\"1600x2133\" data-max-size-url=\"https:\/\/s2.glbimg.com\/1Bfe2miyOxRiYfjCiRs4xnRR-ZI=\/0x0:960x1280\/1600x0\/smart\/filters:strip_icc()\/i.s3.glbimg.com\/v1\/AUTH_59edd422c0c84a879bd37670ae4f538a\/internal_photos\/bs\/2019\/j\/4\/KGABKcRwAil7lfGCgwXw\/whatsapp-image-2019-08-08-at-08.41.15-1-.jpeg\" data-media-index=\"4\"><\/div>\n<\/div>\n<\/div>\n<\/div>\n<\/div>\n<\/div>\n<\/div>\n<\/div>\n<p style=\"text-align: justify;\">\n","protected":false},"excerpt":{"rendered":"<p>Esp\u00e9cie da flora integra a lista nacional das &#8216;amea\u00e7adas de extin\u00e7\u00e3o&#8217; e foram proibidas a industrializa\u00e7\u00e3o e a comercializa\u00e7\u00e3o de produtos provenientes de sua extra\u00e7\u00e3o. Um homem de 51 anos, morador em\u00a0Indiana (SP), foi multado em mais de R$ 1,2 milh\u00e3o por depositar xaxins de maneira clandestina. A autua\u00e7\u00e3o foi feita pela Pol\u00edcia Militar Ambiental, [&hellip;]<\/p>\n","protected":false},"author":1,"featured_media":3196,"comment_status":"closed","ping_status":"open","sticky":false,"template":"","format":"standard","meta":{"footnotes":""},"categories":[110,2],"tags":[],"class_list":["post-3190","post","type-post","status-publish","format-standard","has-post-thumbnail","hentry","category-noticiasdestaque","category-policial"],"_links":{"self":[{"href":"https:\/\/jorgezanoni.com.br\/2019\/wp-json\/wp\/v2\/posts\/3190","targetHints":{"allow":["GET"]}}],"collection":[{"href":"https:\/\/jorgezanoni.com.br\/2019\/wp-json\/wp\/v2\/posts"}],"about":[{"href":"https:\/\/jorgezanoni.com.br\/2019\/wp-json\/wp\/v2\/types\/post"}],"author":[{"embeddable":true,"href":"https:\/\/jorgezanoni.com.br\/2019\/wp-json\/wp\/v2\/users\/1"}],"replies":[{"embeddable":true,"href":"https:\/\/jorgezanoni.com.br\/2019\/wp-json\/wp\/v2\/comments?post=3190"}],"version-history":[{"count":0,"href":"https:\/\/jorgezanoni.com.br\/2019\/wp-json\/wp\/v2\/posts\/3190\/revisions"}],"wp:featuredmedia":[{"embeddable":true,"href":"https:\/\/jorgezanoni.com.br\/2019\/wp-json\/wp\/v2\/media\/3196"}],"wp:attachment":[{"href":"https:\/\/jorgezanoni.com.br\/2019\/wp-json\/wp\/v2\/media?parent=3190"}],"wp:term":[{"taxonomy":"category","embeddable":true,"href":"https:\/\/jorgezanoni.com.br\/2019\/wp-json\/wp\/v2\/categories?post=3190"},{"taxonomy":"post_tag","embeddable":true,"href":"https:\/\/jorgezanoni.com.br\/2019\/wp-json\/wp\/v2\/tags?post=3190"}],"curies":[{"name":"wp","href":"https:\/\/api.w.org\/{rel}","templated":true}]}}