{"id":31892,"date":"2020-08-01T23:28:03","date_gmt":"2020-08-01T23:28:03","guid":{"rendered":"https:\/\/jorgezanoni.com.br\/2019\/?p=31892"},"modified":"2020-08-01T23:28:03","modified_gmt":"2020-08-01T23:28:03","slug":"regiao-continua-na-fase-laranja-apesar-de-ter-indices-para-avancar-para-amarela","status":"publish","type":"post","link":"https:\/\/jorgezanoni.com.br\/2019\/regiao-continua-na-fase-laranja-apesar-de-ter-indices-para-avancar-para-amarela\/","title":{"rendered":"Regi\u00e3o continua na fase laranja apesar de ter \u00edndices para avan\u00e7ar para amarela"},"content":{"rendered":"<p style=\"text-align: justify;\">O governador Jo\u00e3o Doria anunciou nesta sexta-feira, 31\/07, que a regi\u00e3o de Presidente Prudente continua, pelo menos por mais alguns dias, na fase laranja do Plano S\u00e3o Paulo.<br \/>\nMesmo a DRS-11 (Diretoria Regional de Sa\u00fade) informando \u00edndices de 65,28% na taxa de ocupa\u00e7\u00e3o de leitos de UTI, o Governo do Estado manteve todo o Oeste Paulista na fase laranja.<br \/>\nO deputado Mauro Bragato lamenta e protesta diante da situa\u00e7\u00e3o e alega que a nossa regi\u00e3o j\u00e1 proporcionava a altera\u00e7\u00e3o no Plano S\u00e3o Paulo.<br \/>\nApesar da melhora de todos os \u00edndices favor\u00e1veis a mudan\u00e7a, nenhuma regi\u00e3o do Estado teve avan\u00e7o.<br \/>\n\u00c9 importante ressaltar que nos pr\u00f3ximos dias o HRCPP de Prudente vai receber pacientes da oncologia do Hospital Regional o que vai baixar ainda mais a porcentagem de ocupa\u00e7\u00e3o, aproximando-a dos 50%.<br \/>\nV\u00e1rios prefeitos da regi\u00e3o est\u00e3o contestando a nova avalia\u00e7\u00e3o das fases.<br \/>\nFica a pergunta para o governo: se os \u00edndices j\u00e1 foram atendidos porque n\u00e3o passamos para a fase amarela?<\/p>\n<p><img loading=\"lazy\" decoding=\"async\" class=\"alignnone size-full wp-image-31893\" src=\"https:\/\/jorgezanoni.com.br\/2019\/wp-content\/uploads\/2020\/08\/ama.jpg\" alt=\"\" width=\"659\" height=\"465\" srcset=\"https:\/\/jorgezanoni.com.br\/2019\/wp-content\/uploads\/2020\/08\/ama.jpg 659w, https:\/\/jorgezanoni.com.br\/2019\/wp-content\/uploads\/2020\/08\/ama-300x212.jpg 300w, https:\/\/jorgezanoni.com.br\/2019\/wp-content\/uploads\/2020\/08\/ama-100x70.jpg 100w, https:\/\/jorgezanoni.com.br\/2019\/wp-content\/uploads\/2020\/08\/ama-595x420.jpg 595w\" sizes=\"auto, (max-width: 659px) 100vw, 659px\" \/><img loading=\"lazy\" decoding=\"async\" class=\"alignnone size-full wp-image-31894\" src=\"https:\/\/jorgezanoni.com.br\/2019\/wp-content\/uploads\/2020\/08\/ama1.jpg\" alt=\"\" width=\"1280\" height=\"685\" srcset=\"https:\/\/jorgezanoni.com.br\/2019\/wp-content\/uploads\/2020\/08\/ama1.jpg 1280w, https:\/\/jorgezanoni.com.br\/2019\/wp-content\/uploads\/2020\/08\/ama1-300x161.jpg 300w, https:\/\/jorgezanoni.com.br\/2019\/wp-content\/uploads\/2020\/08\/ama1-1024x548.jpg 1024w, https:\/\/jorgezanoni.com.br\/2019\/wp-content\/uploads\/2020\/08\/ama1-768x411.jpg 768w, https:\/\/jorgezanoni.com.br\/2019\/wp-content\/uploads\/2020\/08\/ama1-696x372.jpg 696w, https:\/\/jorgezanoni.com.br\/2019\/wp-content\/uploads\/2020\/08\/ama1-1068x572.jpg 1068w, https:\/\/jorgezanoni.com.br\/2019\/wp-content\/uploads\/2020\/08\/ama1-785x420.jpg 785w\" sizes=\"auto, (max-width: 1280px) 100vw, 1280px\" \/><\/p>\n<p>Fonte: Assessoria de Imprensa Dep. Mauro Bragato<\/p>\n<p>&nbsp;<\/p>\n","protected":false},"excerpt":{"rendered":"<p>O governador Jo\u00e3o Doria anunciou nesta sexta-feira, 31\/07, que a regi\u00e3o de Presidente Prudente continua, pelo menos por mais alguns dias, na fase laranja do Plano S\u00e3o Paulo. Mesmo a DRS-11 (Diretoria Regional de Sa\u00fade) informando \u00edndices de 65,28% na taxa de ocupa\u00e7\u00e3o de leitos de UTI, o Governo do Estado manteve todo o Oeste [&hellip;]<\/p>\n","protected":false},"author":1,"featured_media":31895,"comment_status":"closed","ping_status":"open","sticky":false,"template":"","format":"standard","meta":{"footnotes":""},"categories":[110,116],"tags":[],"class_list":["post-31892","post","type-post","status-publish","format-standard","has-post-thumbnail","hentry","category-noticiasdestaque","category-politicaeeconomia"],"_links":{"self":[{"href":"https:\/\/jorgezanoni.com.br\/2019\/wp-json\/wp\/v2\/posts\/31892","targetHints":{"allow":["GET"]}}],"collection":[{"href":"https:\/\/jorgezanoni.com.br\/2019\/wp-json\/wp\/v2\/posts"}],"about":[{"href":"https:\/\/jorgezanoni.com.br\/2019\/wp-json\/wp\/v2\/types\/post"}],"author":[{"embeddable":true,"href":"https:\/\/jorgezanoni.com.br\/2019\/wp-json\/wp\/v2\/users\/1"}],"replies":[{"embeddable":true,"href":"https:\/\/jorgezanoni.com.br\/2019\/wp-json\/wp\/v2\/comments?post=31892"}],"version-history":[{"count":0,"href":"https:\/\/jorgezanoni.com.br\/2019\/wp-json\/wp\/v2\/posts\/31892\/revisions"}],"wp:featuredmedia":[{"embeddable":true,"href":"https:\/\/jorgezanoni.com.br\/2019\/wp-json\/wp\/v2\/media\/31895"}],"wp:attachment":[{"href":"https:\/\/jorgezanoni.com.br\/2019\/wp-json\/wp\/v2\/media?parent=31892"}],"wp:term":[{"taxonomy":"category","embeddable":true,"href":"https:\/\/jorgezanoni.com.br\/2019\/wp-json\/wp\/v2\/categories?post=31892"},{"taxonomy":"post_tag","embeddable":true,"href":"https:\/\/jorgezanoni.com.br\/2019\/wp-json\/wp\/v2\/tags?post=31892"}],"curies":[{"name":"wp","href":"https:\/\/api.w.org\/{rel}","templated":true}]}}