{"id":31885,"date":"2020-08-01T20:42:16","date_gmt":"2020-08-01T20:42:16","guid":{"rendered":"https:\/\/jorgezanoni.com.br\/2019\/?p=31885"},"modified":"2020-08-01T20:43:00","modified_gmt":"2020-08-01T20:43:00","slug":"faculdade-reges-comemora-jubileu-de-prata-do-curso-de-ciencias-contabeis","status":"publish","type":"post","link":"https:\/\/jorgezanoni.com.br\/2019\/faculdade-reges-comemora-jubileu-de-prata-do-curso-de-ciencias-contabeis\/","title":{"rendered":"Faculdade REGES comemora Jubileu de Prata do Curso de Ci\u00eancias Cont\u00e1beis"},"content":{"rendered":"<p style=\"text-align: justify;\"><strong><u>Jubileu de Prata do Curso de Ci\u00eancias Cont\u00e1beis<\/u><\/strong><\/p>\n<p style=\"text-align: justify;\">No dia 01 de agosto de 1995, \u00a0a Faculdade de Ci\u00eancias Gerenciais de Dracena, hoje Faculdade Reges de Dracena,\u00a0 iniciava oficialmente suas atividades.\u00a0 Um ciclo de palestras sobre a import\u00e2ncia da contabilidade, da profiss\u00e3o cont\u00e1bil e dos seus desafios, descortinavam os segredos das Ci\u00eancias Cont\u00e1beis.<\/p>\n<p style=\"text-align: justify;\">Passados exatos 25 anos da instala\u00e7\u00e3o do curso de Ci\u00eancias Cont\u00e1beis, a nova alta paulista est\u00e1 colhendo os frutos\u00a0 da \u201ctransforma\u00e7\u00e3o regional pela forma\u00e7\u00e3o de profissionais \u00e9tica\u00a0 e tecnicamente capazes\u201d, miss\u00e3o da Faculdade Reges de Dracena.<\/p>\n<p style=\"text-align: justify;\">Nessa data memor\u00e1vel, o Professor Jos\u00e9 Gonzaga,\u00a0 presidente da REGES \u2013 Rede Gonzaga de Ensino Superior, e a Dire\u00e7\u00e3o da Faculdade, orgulhosamente sa\u00fadam todos os professores e demais colaboradores que de alguma forma contribu\u00edram para\u00a0 a forma\u00e7\u00e3o de dezenas de bachar\u00e9is em Ci\u00eancias Cont\u00e1beis, remodelando o desenvolvimento social n\u00e3o s\u00f3 da Alta Paulista, mas do Brasil.<\/p>\n<p style=\"text-align: justify;\">Em reconhecimento aos relevantes servi\u00e7os prestados, a Faculdade Reges de Dracena, sa\u00fada especialmente o professor decano do Curso de Ci\u00eancias e da Faculdade, mestre C\u00e9lio Rejani,\u00a0 a Professora mestra Andr\u00e9a\u00a0 Ubeda, Coordenadora\u00a0 do Curso e a professora Cleide Arruda, coordenadora\u00a0 do N\u00facleo de Apoio Cont\u00e1bil e Fiscal\u00a0 (NAF).<\/p>\n<p style=\"text-align: justify;\">Parabenizamos, tamb\u00e9m, todos os alunos e bachar\u00e9is em Ci\u00eancias Cont\u00e1beis que nos confiaram seus sonhos e ideais, e que ajudaram a construir a hist\u00f3ria de conquistas e reconhecimentos do curso\u00a0 de Ci\u00eancias Cont\u00e1beis.<\/p>\n<p style=\"text-align: justify;\">Fonte: Faculdade Reges de Dracena<\/p>\n<p style=\"text-align: justify;\"><strong>\u00a0<\/strong><\/p>\n","protected":false},"excerpt":{"rendered":"<p>Jubileu de Prata do Curso de Ci\u00eancias Cont\u00e1beis No dia 01 de agosto de 1995, \u00a0a Faculdade de Ci\u00eancias Gerenciais de Dracena, hoje Faculdade Reges de Dracena,\u00a0 iniciava oficialmente suas atividades.\u00a0 Um ciclo de palestras sobre a import\u00e2ncia da contabilidade, da profiss\u00e3o cont\u00e1bil e dos seus desafios, descortinavam os segredos das Ci\u00eancias Cont\u00e1beis. Passados exatos [&hellip;]<\/p>\n","protected":false},"author":1,"featured_media":31886,"comment_status":"closed","ping_status":"open","sticky":false,"template":"","format":"standard","meta":{"footnotes":""},"categories":[122],"tags":[],"class_list":["post-31885","post","type-post","status-publish","format-standard","has-post-thumbnail","hentry","category-saudeeducacaoeconcurso"],"_links":{"self":[{"href":"https:\/\/jorgezanoni.com.br\/2019\/wp-json\/wp\/v2\/posts\/31885","targetHints":{"allow":["GET"]}}],"collection":[{"href":"https:\/\/jorgezanoni.com.br\/2019\/wp-json\/wp\/v2\/posts"}],"about":[{"href":"https:\/\/jorgezanoni.com.br\/2019\/wp-json\/wp\/v2\/types\/post"}],"author":[{"embeddable":true,"href":"https:\/\/jorgezanoni.com.br\/2019\/wp-json\/wp\/v2\/users\/1"}],"replies":[{"embeddable":true,"href":"https:\/\/jorgezanoni.com.br\/2019\/wp-json\/wp\/v2\/comments?post=31885"}],"version-history":[{"count":0,"href":"https:\/\/jorgezanoni.com.br\/2019\/wp-json\/wp\/v2\/posts\/31885\/revisions"}],"wp:featuredmedia":[{"embeddable":true,"href":"https:\/\/jorgezanoni.com.br\/2019\/wp-json\/wp\/v2\/media\/31886"}],"wp:attachment":[{"href":"https:\/\/jorgezanoni.com.br\/2019\/wp-json\/wp\/v2\/media?parent=31885"}],"wp:term":[{"taxonomy":"category","embeddable":true,"href":"https:\/\/jorgezanoni.com.br\/2019\/wp-json\/wp\/v2\/categories?post=31885"},{"taxonomy":"post_tag","embeddable":true,"href":"https:\/\/jorgezanoni.com.br\/2019\/wp-json\/wp\/v2\/tags?post=31885"}],"curies":[{"name":"wp","href":"https:\/\/api.w.org\/{rel}","templated":true}]}}