{"id":31876,"date":"2020-08-01T19:46:39","date_gmt":"2020-08-01T19:46:39","guid":{"rendered":"https:\/\/jorgezanoni.com.br\/2019\/?p=31876"},"modified":"2020-08-01T19:48:11","modified_gmt":"2020-08-01T19:48:11","slug":"cansados-de-esperar-pelo-poder-publico-moradores-de-area-rural-constroem-ponte","status":"publish","type":"post","link":"https:\/\/jorgezanoni.com.br\/2019\/cansados-de-esperar-pelo-poder-publico-moradores-de-area-rural-constroem-ponte\/","title":{"rendered":"Cansados de esperar pelo poder p\u00fablico, moradores de \u00e1rea rural constroem ponte"},"content":{"rendered":"<p style=\"text-align: justify;\">Tapa com luva de pelica na cara dos pol\u00edticos.<\/p>\n<p style=\"text-align: justify;\">Ap\u00f3s esperar anos pelo poder p\u00fablico municipal de Dracena e Junqueir\u00f3polis, moradores da \u00e1rea rural da divisa dos munic\u00edpios, se movimentam e CONSTROEM PONTE sobre o rio Caingangs.<\/p>\n<p style=\"text-align: justify;\">O local fica na estrada que liga Dracena\/Jacipor\u00e3 \u00e0 Ribeir\u00e3o dos \u00edndios\/Santo Anast\u00e1cio, conhecido popularmente como &#8220;CANGANHA&#8221;.<\/p>\n<div id=\"fb-root\"><\/div>\n<p><script async=\"1\" defer=\"1\" crossorigin=\"anonymous\" src=\"https:\/\/connect.facebook.net\/en_US\/sdk.js#xfbml=1&amp;version=v7.0\" nonce=\"2c38tioQ\"><\/script><\/p>\n<div class=\"fb-video\" data-href=\"https:\/\/www.facebook.com\/jornalinterativodracena\/videos\/995729907520255\/\" data-width=\"696\">\n<blockquote cite=\"https:\/\/www.facebook.com\/jornalinterativodracena\/videos\/995729907520255\/\" class=\"fb-xfbml-parse-ignore\"><p><a href=\"https:\/\/www.facebook.com\/jornalinterativodracena\/videos\/995729907520255\/\">Tapa com luva de pelica na cara dos pol\u00edticos  Ap\u00f3s esperar anos pelo poder p\u00fablico municipal de Dracena e Junqueir\u00f3polis, moradores da \u00e1rea rural da divisa dos munic\u00edpios, se movimentam e CONSTROEM PONTE sobre o rio Caingangs<\/a><\/p>\n<p>Tapa com luva de pelica na cara dos pol\u00edticosAp\u00f3s esperar anos pelo poder p\u00fablico municipal de Dracena e Junqueir\u00f3polis, moradores da \u00e1rea rural da divisa dos munic\u00edpios, se movimentam e CONSTROEM PONTE sobre o rio Caingangs<\/p>\n<p>Posted by <a href=\"https:\/\/www.facebook.com\/jornalinterativodracena\/\">Jornal Interativo<\/a> on Friday, July 31, 2020<\/p><\/blockquote>\n<\/div>\n<p><img loading=\"lazy\" decoding=\"async\" class=\"alignnone size-full wp-image-31879\" src=\"https:\/\/jorgezanoni.com.br\/2019\/wp-content\/uploads\/2020\/08\/IMG_5412.jpg\" alt=\"\" width=\"800\" height=\"532\" srcset=\"https:\/\/jorgezanoni.com.br\/2019\/wp-content\/uploads\/2020\/08\/IMG_5412.jpg 800w, https:\/\/jorgezanoni.com.br\/2019\/wp-content\/uploads\/2020\/08\/IMG_5412-300x200.jpg 300w, https:\/\/jorgezanoni.com.br\/2019\/wp-content\/uploads\/2020\/08\/IMG_5412-768x511.jpg 768w, https:\/\/jorgezanoni.com.br\/2019\/wp-content\/uploads\/2020\/08\/IMG_5412-696x463.jpg 696w, https:\/\/jorgezanoni.com.br\/2019\/wp-content\/uploads\/2020\/08\/IMG_5412-632x420.jpg 632w\" sizes=\"auto, (max-width: 800px) 100vw, 800px\" \/> <img loading=\"lazy\" decoding=\"async\" class=\"alignnone size-full wp-image-31880\" src=\"https:\/\/jorgezanoni.com.br\/2019\/wp-content\/uploads\/2020\/08\/IMG_5413.jpg\" alt=\"\" width=\"800\" height=\"532\" srcset=\"https:\/\/jorgezanoni.com.br\/2019\/wp-content\/uploads\/2020\/08\/IMG_5413.jpg 800w, https:\/\/jorgezanoni.com.br\/2019\/wp-content\/uploads\/2020\/08\/IMG_5413-300x200.jpg 300w, https:\/\/jorgezanoni.com.br\/2019\/wp-content\/uploads\/2020\/08\/IMG_5413-768x511.jpg 768w, https:\/\/jorgezanoni.com.br\/2019\/wp-content\/uploads\/2020\/08\/IMG_5413-696x463.jpg 696w, https:\/\/jorgezanoni.com.br\/2019\/wp-content\/uploads\/2020\/08\/IMG_5413-632x420.jpg 632w\" sizes=\"auto, (max-width: 800px) 100vw, 800px\" \/> <img loading=\"lazy\" decoding=\"async\" class=\"alignnone size-full wp-image-31881\" src=\"https:\/\/jorgezanoni.com.br\/2019\/wp-content\/uploads\/2020\/08\/IMG_5415.jpg\" alt=\"\" width=\"800\" height=\"532\" srcset=\"https:\/\/jorgezanoni.com.br\/2019\/wp-content\/uploads\/2020\/08\/IMG_5415.jpg 800w, https:\/\/jorgezanoni.com.br\/2019\/wp-content\/uploads\/2020\/08\/IMG_5415-300x200.jpg 300w, https:\/\/jorgezanoni.com.br\/2019\/wp-content\/uploads\/2020\/08\/IMG_5415-768x511.jpg 768w, https:\/\/jorgezanoni.com.br\/2019\/wp-content\/uploads\/2020\/08\/IMG_5415-696x463.jpg 696w, https:\/\/jorgezanoni.com.br\/2019\/wp-content\/uploads\/2020\/08\/IMG_5415-632x420.jpg 632w\" sizes=\"auto, (max-width: 800px) 100vw, 800px\" \/><\/p>\n","protected":false},"excerpt":{"rendered":"<p>Tapa com luva de pelica na cara dos pol\u00edticos. Ap\u00f3s esperar anos pelo poder p\u00fablico municipal de Dracena e Junqueir\u00f3polis, moradores da \u00e1rea rural da divisa dos munic\u00edpios, se movimentam e CONSTROEM PONTE sobre o rio Caingangs. O local fica na estrada que liga Dracena\/Jacipor\u00e3 \u00e0 Ribeir\u00e3o dos \u00edndios\/Santo Anast\u00e1cio, conhecido popularmente como &#8220;CANGANHA&#8221;. Tapa [&hellip;]<\/p>\n","protected":false},"author":1,"featured_media":31882,"comment_status":"closed","ping_status":"open","sticky":false,"template":"","format":"video","meta":{"footnotes":""},"categories":[180,110,1,169],"tags":[],"class_list":["post-31876","post","type-post","status-publish","format-video","has-post-thumbnail","hentry","category-estradastransitoveiculos","category-noticiasdestaque","category-uncategorized","category-videos","post_format-post-format-video"],"_links":{"self":[{"href":"https:\/\/jorgezanoni.com.br\/2019\/wp-json\/wp\/v2\/posts\/31876","targetHints":{"allow":["GET"]}}],"collection":[{"href":"https:\/\/jorgezanoni.com.br\/2019\/wp-json\/wp\/v2\/posts"}],"about":[{"href":"https:\/\/jorgezanoni.com.br\/2019\/wp-json\/wp\/v2\/types\/post"}],"author":[{"embeddable":true,"href":"https:\/\/jorgezanoni.com.br\/2019\/wp-json\/wp\/v2\/users\/1"}],"replies":[{"embeddable":true,"href":"https:\/\/jorgezanoni.com.br\/2019\/wp-json\/wp\/v2\/comments?post=31876"}],"version-history":[{"count":0,"href":"https:\/\/jorgezanoni.com.br\/2019\/wp-json\/wp\/v2\/posts\/31876\/revisions"}],"wp:featuredmedia":[{"embeddable":true,"href":"https:\/\/jorgezanoni.com.br\/2019\/wp-json\/wp\/v2\/media\/31882"}],"wp:attachment":[{"href":"https:\/\/jorgezanoni.com.br\/2019\/wp-json\/wp\/v2\/media?parent=31876"}],"wp:term":[{"taxonomy":"category","embeddable":true,"href":"https:\/\/jorgezanoni.com.br\/2019\/wp-json\/wp\/v2\/categories?post=31876"},{"taxonomy":"post_tag","embeddable":true,"href":"https:\/\/jorgezanoni.com.br\/2019\/wp-json\/wp\/v2\/tags?post=31876"}],"curies":[{"name":"wp","href":"https:\/\/api.w.org\/{rel}","templated":true}]}}