{"id":31871,"date":"2020-08-01T17:09:46","date_gmt":"2020-08-01T17:09:46","guid":{"rendered":"https:\/\/jorgezanoni.com.br\/2019\/?p=31871"},"modified":"2020-08-01T17:09:46","modified_gmt":"2020-08-01T17:09:46","slug":"anglo-cid-arrecada-cestas-basicas-para-doacoes-em-dracena","status":"publish","type":"post","link":"https:\/\/jorgezanoni.com.br\/2019\/anglo-cid-arrecada-cestas-basicas-para-doacoes-em-dracena\/","title":{"rendered":"Anglo-CID arrecada cestas b\u00e1sicas para doa\u00e7\u00f5es em Dracena"},"content":{"rendered":"<p dir=\"ltr\" style=\"text-align: justify;\">O col\u00e9gio Anglo-CID, unidade mantida pela Fundec, fez a doa\u00e7\u00e3o de cestas b\u00e1sicas para a a\u00e7\u00e3o social da Par\u00f3quia S\u00e3o Francisco de Assis, ao Santu\u00e1rio de Nossa Senhora de F\u00e1tima, ao Lar S\u00e3 Doutrina e para fam\u00edlias carentes de Dracena nesta semana.<\/p>\n<p dir=\"ltr\" style=\"text-align: justify;\">As arrecada\u00e7\u00f5es foram feitas nos dias 15 e 16 de julho. &#8220;Os pais buscaram as novas apostilas de seus filhos na porta da escola, no sistema drive thru, e, na ocasi\u00e3o, participaram da a\u00e7\u00e3o solid\u00e1ria de arrecada\u00e7\u00e3o de alimentos. Agradecemos todos os familiares que colaboraram com essas doa\u00e7\u00f5es&#8221;, destacou a diretora do Anglo-CID Eul\u00e1lia Pires Fava.<\/p>\n<div class=\"gmail_signature\" dir=\"ltr\">\n<div dir=\"ltr\" style=\"text-align: justify;\"><b>Carolina Colnago<br \/>\nAssistente de Comunica\u00e7\u00e3o\u00a0<\/b><br \/>\n<b>Funda\u00e7\u00e3o Dracenense de Educa\u00e7\u00e3o e Cultura<\/b><\/div>\n<\/div>\n","protected":false},"excerpt":{"rendered":"<p>O col\u00e9gio Anglo-CID, unidade mantida pela Fundec, fez a doa\u00e7\u00e3o de cestas b\u00e1sicas para a a\u00e7\u00e3o social da Par\u00f3quia S\u00e3o Francisco de Assis, ao Santu\u00e1rio de Nossa Senhora de F\u00e1tima, ao Lar S\u00e3 Doutrina e para fam\u00edlias carentes de Dracena nesta semana. As arrecada\u00e7\u00f5es foram feitas nos dias 15 e 16 de julho. &#8220;Os pais [&hellip;]<\/p>\n","protected":false},"author":1,"featured_media":31874,"comment_status":"closed","ping_status":"open","sticky":false,"template":"","format":"standard","meta":{"footnotes":""},"categories":[122],"tags":[],"class_list":["post-31871","post","type-post","status-publish","format-standard","has-post-thumbnail","hentry","category-saudeeducacaoeconcurso"],"_links":{"self":[{"href":"https:\/\/jorgezanoni.com.br\/2019\/wp-json\/wp\/v2\/posts\/31871","targetHints":{"allow":["GET"]}}],"collection":[{"href":"https:\/\/jorgezanoni.com.br\/2019\/wp-json\/wp\/v2\/posts"}],"about":[{"href":"https:\/\/jorgezanoni.com.br\/2019\/wp-json\/wp\/v2\/types\/post"}],"author":[{"embeddable":true,"href":"https:\/\/jorgezanoni.com.br\/2019\/wp-json\/wp\/v2\/users\/1"}],"replies":[{"embeddable":true,"href":"https:\/\/jorgezanoni.com.br\/2019\/wp-json\/wp\/v2\/comments?post=31871"}],"version-history":[{"count":0,"href":"https:\/\/jorgezanoni.com.br\/2019\/wp-json\/wp\/v2\/posts\/31871\/revisions"}],"wp:featuredmedia":[{"embeddable":true,"href":"https:\/\/jorgezanoni.com.br\/2019\/wp-json\/wp\/v2\/media\/31874"}],"wp:attachment":[{"href":"https:\/\/jorgezanoni.com.br\/2019\/wp-json\/wp\/v2\/media?parent=31871"}],"wp:term":[{"taxonomy":"category","embeddable":true,"href":"https:\/\/jorgezanoni.com.br\/2019\/wp-json\/wp\/v2\/categories?post=31871"},{"taxonomy":"post_tag","embeddable":true,"href":"https:\/\/jorgezanoni.com.br\/2019\/wp-json\/wp\/v2\/tags?post=31871"}],"curies":[{"name":"wp","href":"https:\/\/api.w.org\/{rel}","templated":true}]}}