{"id":31866,"date":"2020-08-01T16:53:34","date_gmt":"2020-08-01T16:53:34","guid":{"rendered":"https:\/\/jorgezanoni.com.br\/2019\/?p=31866"},"modified":"2020-08-01T16:53:34","modified_gmt":"2020-08-01T16:53:34","slug":"ace-e-loja-maconica-fazem-doacao-de-itens-da-campanha-do-agasalho","status":"publish","type":"post","link":"https:\/\/jorgezanoni.com.br\/2019\/ace-e-loja-maconica-fazem-doacao-de-itens-da-campanha-do-agasalho\/","title":{"rendered":"ACE e Loja Ma\u00e7\u00f4nica fazem doa\u00e7\u00e3o de itens da Campanha do Agasalho"},"content":{"rendered":"<div style=\"text-align: justify;\">A Associa\u00e7\u00e3o Comercial de Empresarial de Dracena e a Loja Ma\u00e7\u00f4nica &#8216;Patriarca da Independ\u00eancia&#8217;, realizaram nesta quarta-feira (29 de julho), a entrega das pe\u00e7as de frio recebidas durante a Campanha do Agasalho 2020. Foram arrecadadas aproximadamente 500 pe\u00e7as como blusas, jaquetas, cachec\u00f3is, luvas, toucas, cal\u00e7as, roupas infantis e cobertores em bom estado, que foram encaminhadas a duas institui\u00e7\u00f5es dracenenses: a Casa dos Velhos e a Associa\u00e7\u00e3o de Moradores do Jardim Brasil\u00e2ndia.<\/div>\n<div>\n<p style=\"text-align: justify;\">Na sede da Associa\u00e7\u00e3o Comercial, o vice Presidente, Rodrigo Rufino, representando a diretoria da ACE, ao lado da gerente-administrativa, Rosana Valcezi e do presidente da Loja Ma\u00e7\u00f4nica &#8216;Patriarca da Independ\u00eancia&#8217;, Luciano Gerlin, fizeram a entrega de itens arrecadados durante a campanha, ao presidente da Associa\u00e7\u00e3o dos Moradores do Jardim Brasil\u00e2ndia, Lu\u00eds Coelho, que posteriormente far\u00e1 distribui\u00e7\u00e3o \u00e0 comunidade do bairro.<\/p>\n<p style=\"text-align: justify;\">J\u00e1 na sede da Casa dos Velhos, Luciano Gerlin,\u00a0fez a entrega de parte das doa\u00e7\u00f5es ao presidente da entidade, Am\u00e9rico Zambo e as colaboradoras Adriana (assistente social) e \u00a0Sueli (nutricionista), as pe\u00e7as ser\u00e3o bem utilizadas pelos idosos que moram no local.<\/p>\n<p style=\"text-align: justify;\">&#8220;Mais uma vez a ACE Dracena se empenhou fortemente na Campanha do Agasalho. Tivemos um grande \u00eaxito, gra\u00e7as aos empres\u00e1rios e a popula\u00e7\u00e3o que contribu\u00edram com doa\u00e7\u00f5es. Isso mostra o quanto a reuni\u00e3o em torno dos prop\u00f3sitos traz bons resultados e nos permite fazer o bem&#8221;, declara o presidente da ACE Luis Carlos Scaliante.<\/p>\n<p><img loading=\"lazy\" decoding=\"async\" class=\"alignnone size-full wp-image-31868\" src=\"https:\/\/jorgezanoni.com.br\/2019\/wp-content\/uploads\/2020\/08\/ace1.jpeg\" alt=\"\" width=\"1280\" height=\"960\" srcset=\"https:\/\/jorgezanoni.com.br\/2019\/wp-content\/uploads\/2020\/08\/ace1.jpeg 1280w, https:\/\/jorgezanoni.com.br\/2019\/wp-content\/uploads\/2020\/08\/ace1-300x225.jpeg 300w, https:\/\/jorgezanoni.com.br\/2019\/wp-content\/uploads\/2020\/08\/ace1-1024x768.jpeg 1024w, https:\/\/jorgezanoni.com.br\/2019\/wp-content\/uploads\/2020\/08\/ace1-768x576.jpeg 768w, https:\/\/jorgezanoni.com.br\/2019\/wp-content\/uploads\/2020\/08\/ace1-80x60.jpeg 80w, https:\/\/jorgezanoni.com.br\/2019\/wp-content\/uploads\/2020\/08\/ace1-265x198.jpeg 265w, https:\/\/jorgezanoni.com.br\/2019\/wp-content\/uploads\/2020\/08\/ace1-696x522.jpeg 696w, https:\/\/jorgezanoni.com.br\/2019\/wp-content\/uploads\/2020\/08\/ace1-1068x801.jpeg 1068w, https:\/\/jorgezanoni.com.br\/2019\/wp-content\/uploads\/2020\/08\/ace1-560x420.jpeg 560w\" sizes=\"auto, (max-width: 1280px) 100vw, 1280px\" \/><\/p>\n<p style=\"text-align: justify;\"><em>Fonte: Assessoria de Imprensa\/ACE Dracena<\/em><\/p>\n<\/div>\n","protected":false},"excerpt":{"rendered":"<p>A Associa\u00e7\u00e3o Comercial de Empresarial de Dracena e a Loja Ma\u00e7\u00f4nica &#8216;Patriarca da Independ\u00eancia&#8217;, realizaram nesta quarta-feira (29 de julho), a entrega das pe\u00e7as de frio recebidas durante a Campanha do Agasalho 2020. Foram arrecadadas aproximadamente 500 pe\u00e7as como blusas, jaquetas, cachec\u00f3is, luvas, toucas, cal\u00e7as, roupas infantis e cobertores em bom estado, que foram encaminhadas [&hellip;]<\/p>\n","protected":false},"author":1,"featured_media":31869,"comment_status":"closed","ping_status":"open","sticky":false,"template":"","format":"standard","meta":{"footnotes":""},"categories":[118],"tags":[],"class_list":["post-31866","post","type-post","status-publish","format-standard","has-post-thumbnail","hentry","category-religiaoesolidariedade"],"_links":{"self":[{"href":"https:\/\/jorgezanoni.com.br\/2019\/wp-json\/wp\/v2\/posts\/31866","targetHints":{"allow":["GET"]}}],"collection":[{"href":"https:\/\/jorgezanoni.com.br\/2019\/wp-json\/wp\/v2\/posts"}],"about":[{"href":"https:\/\/jorgezanoni.com.br\/2019\/wp-json\/wp\/v2\/types\/post"}],"author":[{"embeddable":true,"href":"https:\/\/jorgezanoni.com.br\/2019\/wp-json\/wp\/v2\/users\/1"}],"replies":[{"embeddable":true,"href":"https:\/\/jorgezanoni.com.br\/2019\/wp-json\/wp\/v2\/comments?post=31866"}],"version-history":[{"count":0,"href":"https:\/\/jorgezanoni.com.br\/2019\/wp-json\/wp\/v2\/posts\/31866\/revisions"}],"wp:featuredmedia":[{"embeddable":true,"href":"https:\/\/jorgezanoni.com.br\/2019\/wp-json\/wp\/v2\/media\/31869"}],"wp:attachment":[{"href":"https:\/\/jorgezanoni.com.br\/2019\/wp-json\/wp\/v2\/media?parent=31866"}],"wp:term":[{"taxonomy":"category","embeddable":true,"href":"https:\/\/jorgezanoni.com.br\/2019\/wp-json\/wp\/v2\/categories?post=31866"},{"taxonomy":"post_tag","embeddable":true,"href":"https:\/\/jorgezanoni.com.br\/2019\/wp-json\/wp\/v2\/tags?post=31866"}],"curies":[{"name":"wp","href":"https:\/\/api.w.org\/{rel}","templated":true}]}}