{"id":31833,"date":"2020-08-01T13:46:56","date_gmt":"2020-08-01T13:46:56","guid":{"rendered":"https:\/\/jorgezanoni.com.br\/2019\/?p=31833"},"modified":"2020-08-01T13:46:56","modified_gmt":"2020-08-01T13:46:56","slug":"morre-o-comerciante-luiz-bogaz-hernandes","status":"publish","type":"post","link":"https:\/\/jorgezanoni.com.br\/2019\/morre-o-comerciante-luiz-bogaz-hernandes\/","title":{"rendered":"Morre o comerciante Luiz Bogaz Hernandes"},"content":{"rendered":"<p style=\"text-align: justify;\">Faleceu no in\u00edcio da madrugada deste s\u00e1bado (1\u00ba), Luiz Bogaz Hernandes de 69 anos. Deixa a esposa Dalva Frucri, filho George Andr\u00e9, nora e neto.<\/p>\n<p style=\"text-align: justify;\">Bogaiz\u00e3o como era conhecido, al\u00e9m de ser comerciante propriet\u00e1rio da Lajes Dracena, foi presidente do extinto Dracena Futebol Club nas d\u00e9cadas de 1980 e 1990. Tamb\u00e9m trabalhou como rep\u00f3rter da R\u00e1dio Nova Dracena, inclusive participando da cobertura de jogos do Dracen\u00e3o e Jogos Regionais.<\/p>\n<p style=\"text-align: justify;\">O seu Corpo est\u00e1 sendo velado no Memorial Vida Prev das 09:00 \u00e0s 15:00 Horas e o Sepultamento ocorre no Cemit\u00e9rio de Dracena.<\/p>\n<p style=\"text-align: justify;\">O <strong>SITE JORGE ZANONI<\/strong> se solidariza com a familia e os in\u00fameros amigos neste triste momento.<\/p>\n<p style=\"text-align: justify;\">Jorge Zanoni<\/p>\n<p><img loading=\"lazy\" decoding=\"async\" class=\"alignnone size-full wp-image-31834\" src=\"https:\/\/jorgezanoni.com.br\/2019\/wp-content\/uploads\/2020\/08\/Bogaz-1.jpg\" alt=\"\" width=\"1280\" height=\"718\" srcset=\"https:\/\/jorgezanoni.com.br\/2019\/wp-content\/uploads\/2020\/08\/Bogaz-1.jpg 1280w, https:\/\/jorgezanoni.com.br\/2019\/wp-content\/uploads\/2020\/08\/Bogaz-1-300x168.jpg 300w, https:\/\/jorgezanoni.com.br\/2019\/wp-content\/uploads\/2020\/08\/Bogaz-1-1024x574.jpg 1024w, https:\/\/jorgezanoni.com.br\/2019\/wp-content\/uploads\/2020\/08\/Bogaz-1-768x431.jpg 768w, https:\/\/jorgezanoni.com.br\/2019\/wp-content\/uploads\/2020\/08\/Bogaz-1-696x390.jpg 696w, https:\/\/jorgezanoni.com.br\/2019\/wp-content\/uploads\/2020\/08\/Bogaz-1-1068x599.jpg 1068w, https:\/\/jorgezanoni.com.br\/2019\/wp-content\/uploads\/2020\/08\/Bogaz-1-749x420.jpg 749w\" sizes=\"auto, (max-width: 1280px) 100vw, 1280px\" \/><\/p>\n<div class=\"text_exposed_show\">\n<p>&nbsp;<\/p>\n<\/div>\n","protected":false},"excerpt":{"rendered":"<p>Faleceu no in\u00edcio da madrugada deste s\u00e1bado (1\u00ba), Luiz Bogaz Hernandes de 69 anos. Deixa a esposa Dalva Frucri, filho George Andr\u00e9, nora e neto. Bogaiz\u00e3o como era conhecido, al\u00e9m de ser comerciante propriet\u00e1rio da Lajes Dracena, foi presidente do extinto Dracena Futebol Club nas d\u00e9cadas de 1980 e 1990. Tamb\u00e9m trabalhou como rep\u00f3rter da [&hellip;]<\/p>\n","protected":false},"author":1,"featured_media":31835,"comment_status":"closed","ping_status":"open","sticky":false,"template":"","format":"standard","meta":{"footnotes":""},"categories":[178,110],"tags":[],"class_list":["post-31833","post","type-post","status-publish","format-standard","has-post-thumbnail","hentry","category-notadefalecimento","category-noticiasdestaque"],"_links":{"self":[{"href":"https:\/\/jorgezanoni.com.br\/2019\/wp-json\/wp\/v2\/posts\/31833","targetHints":{"allow":["GET"]}}],"collection":[{"href":"https:\/\/jorgezanoni.com.br\/2019\/wp-json\/wp\/v2\/posts"}],"about":[{"href":"https:\/\/jorgezanoni.com.br\/2019\/wp-json\/wp\/v2\/types\/post"}],"author":[{"embeddable":true,"href":"https:\/\/jorgezanoni.com.br\/2019\/wp-json\/wp\/v2\/users\/1"}],"replies":[{"embeddable":true,"href":"https:\/\/jorgezanoni.com.br\/2019\/wp-json\/wp\/v2\/comments?post=31833"}],"version-history":[{"count":0,"href":"https:\/\/jorgezanoni.com.br\/2019\/wp-json\/wp\/v2\/posts\/31833\/revisions"}],"wp:featuredmedia":[{"embeddable":true,"href":"https:\/\/jorgezanoni.com.br\/2019\/wp-json\/wp\/v2\/media\/31835"}],"wp:attachment":[{"href":"https:\/\/jorgezanoni.com.br\/2019\/wp-json\/wp\/v2\/media?parent=31833"}],"wp:term":[{"taxonomy":"category","embeddable":true,"href":"https:\/\/jorgezanoni.com.br\/2019\/wp-json\/wp\/v2\/categories?post=31833"},{"taxonomy":"post_tag","embeddable":true,"href":"https:\/\/jorgezanoni.com.br\/2019\/wp-json\/wp\/v2\/tags?post=31833"}],"curies":[{"name":"wp","href":"https:\/\/api.w.org\/{rel}","templated":true}]}}