{"id":31792,"date":"2020-07-31T02:20:09","date_gmt":"2020-07-31T02:20:09","guid":{"rendered":"https:\/\/jorgezanoni.com.br\/2019\/?p=31792"},"modified":"2020-07-31T02:20:09","modified_gmt":"2020-07-31T02:20:09","slug":"aeard-realiza-ciclo-de-palestras-recursos-hidricos-tecnologia-e-meio-ambiente","status":"publish","type":"post","link":"https:\/\/jorgezanoni.com.br\/2019\/aeard-realiza-ciclo-de-palestras-recursos-hidricos-tecnologia-e-meio-ambiente\/","title":{"rendered":"AEARD realiza Ciclo de Palestras Recursos H\u00eddricos Tecnologia e Meio Ambiente"},"content":{"rendered":"<div class=\"freebirdFormviewerViewHeaderTitleRow\">\n<div dir=\"auto\" style=\"text-align: justify;\" role=\"heading\" aria-level=\"1\">O Ciclo de Palestras Recursos H\u00eddricos, Tecnologia e Meio Ambiente visa promover a participa\u00e7\u00e3o dos profissionais das diversas \u00e1reas da engenharia e tecnologia, e a conscientiza\u00e7\u00e3o na preserva\u00e7\u00e3o do meio ambiente. Evento on-line com transmiss\u00e3o ao vivo atrav\u00e9s do Youtube e Facebook da AEARD. Inscri\u00e7\u00f5es no link: https:\/\/docs.google.com\/forms\/d\/e\/1FAIpQLSczOBC-6OjcPcv-O-TOwWrjcOzNJU5fM-oEbbxDnGP3lJfXQg\/viewform?vc=0&amp;c=0&amp;w=<\/div>\n<\/div>\n<div dir=\"auto\" role=\"heading\" aria-level=\"1\"><\/div>\n<div dir=\"auto\" role=\"heading\" aria-level=\"1\"><img loading=\"lazy\" decoding=\"async\" class=\"alignnone size-full wp-image-31793\" src=\"https:\/\/jorgezanoni.com.br\/2019\/wp-content\/uploads\/2020\/07\/recursos.jpg\" alt=\"\" width=\"854\" height=\"1280\" srcset=\"https:\/\/jorgezanoni.com.br\/2019\/wp-content\/uploads\/2020\/07\/recursos.jpg 854w, https:\/\/jorgezanoni.com.br\/2019\/wp-content\/uploads\/2020\/07\/recursos-200x300.jpg 200w, https:\/\/jorgezanoni.com.br\/2019\/wp-content\/uploads\/2020\/07\/recursos-683x1024.jpg 683w, https:\/\/jorgezanoni.com.br\/2019\/wp-content\/uploads\/2020\/07\/recursos-768x1151.jpg 768w, https:\/\/jorgezanoni.com.br\/2019\/wp-content\/uploads\/2020\/07\/recursos-696x1043.jpg 696w, https:\/\/jorgezanoni.com.br\/2019\/wp-content\/uploads\/2020\/07\/recursos-280x420.jpg 280w\" sizes=\"auto, (max-width: 854px) 100vw, 854px\" \/><\/div>\n<div class=\"freebirdFormviewerViewHeaderTitleRow\">\n<div dir=\"auto\" role=\"heading\" aria-level=\"1\"><\/div>\n<div class=\"freebirdFormviewerViewHeaderTitle exportFormTitle freebirdCustomFont\" dir=\"auto\" style=\"text-align: justify;\" role=\"heading\" aria-level=\"1\">Inscri\u00e7\u00e3o para o CICLO DE PALESTRAS &#8211; RECURSOS H\u00cdDRICOS, TECNOLOGIA E MEIO AMBIENTE<\/div>\n<\/div>\n<div class=\"freebirdFormviewerViewHeaderDescription\" dir=\"auto\" style=\"text-align: justify;\">Ciclo de Palestras on-line atrav\u00e9s do Youtube e Facebook da AEARD<br \/>\nDia: 05 de agosto de 2020<br \/>\nHor\u00e1rio: 14 horas<br \/>\nRealiza\u00e7\u00e3o: AEARD &#8211; Associa\u00e7\u00e3o dos Engenheiros, Arquitetos e Agr\u00f4nomos da Regi\u00e3o de Dracena<br \/>\nInforma\u00e7\u00f5es: (18) 3821-2351 ou <a href=\"mailto:aear.dracena@hotmail.com\">aear.dracena@hotmail.com<\/a><\/div>\n<div class=\"freebirdCommonViewSecurequizSecureQuizBannerContainer\" style=\"text-align: justify;\"><\/div>\n<div class=\"freebirdFormviewerViewHeaderRequiredLegend\" dir=\"auto\" style=\"text-align: justify;\" aria-hidden=\"true\">*Obrigat\u00f3rio<\/div>\n","protected":false},"excerpt":{"rendered":"<p>O Ciclo de Palestras Recursos H\u00eddricos, Tecnologia e Meio Ambiente visa promover a participa\u00e7\u00e3o dos profissionais das diversas \u00e1reas da engenharia e tecnologia, e a conscientiza\u00e7\u00e3o na preserva\u00e7\u00e3o do meio ambiente. Evento on-line com transmiss\u00e3o ao vivo atrav\u00e9s do Youtube e Facebook da AEARD. Inscri\u00e7\u00f5es no link: https:\/\/docs.google.com\/forms\/d\/e\/1FAIpQLSczOBC-6OjcPcv-O-TOwWrjcOzNJU5fM-oEbbxDnGP3lJfXQg\/viewform?vc=0&amp;c=0&amp;w= Inscri\u00e7\u00e3o para o CICLO DE PALESTRAS &#8211; [&hellip;]<\/p>\n","protected":false},"author":1,"featured_media":31793,"comment_status":"closed","ping_status":"open","sticky":false,"template":"","format":"standard","meta":{"footnotes":""},"categories":[176,110],"tags":[],"class_list":["post-31792","post","type-post","status-publish","format-standard","has-post-thumbnail","hentry","category-meioambienteeagricultura","category-noticiasdestaque"],"_links":{"self":[{"href":"https:\/\/jorgezanoni.com.br\/2019\/wp-json\/wp\/v2\/posts\/31792","targetHints":{"allow":["GET"]}}],"collection":[{"href":"https:\/\/jorgezanoni.com.br\/2019\/wp-json\/wp\/v2\/posts"}],"about":[{"href":"https:\/\/jorgezanoni.com.br\/2019\/wp-json\/wp\/v2\/types\/post"}],"author":[{"embeddable":true,"href":"https:\/\/jorgezanoni.com.br\/2019\/wp-json\/wp\/v2\/users\/1"}],"replies":[{"embeddable":true,"href":"https:\/\/jorgezanoni.com.br\/2019\/wp-json\/wp\/v2\/comments?post=31792"}],"version-history":[{"count":0,"href":"https:\/\/jorgezanoni.com.br\/2019\/wp-json\/wp\/v2\/posts\/31792\/revisions"}],"wp:featuredmedia":[{"embeddable":true,"href":"https:\/\/jorgezanoni.com.br\/2019\/wp-json\/wp\/v2\/media\/31793"}],"wp:attachment":[{"href":"https:\/\/jorgezanoni.com.br\/2019\/wp-json\/wp\/v2\/media?parent=31792"}],"wp:term":[{"taxonomy":"category","embeddable":true,"href":"https:\/\/jorgezanoni.com.br\/2019\/wp-json\/wp\/v2\/categories?post=31792"},{"taxonomy":"post_tag","embeddable":true,"href":"https:\/\/jorgezanoni.com.br\/2019\/wp-json\/wp\/v2\/tags?post=31792"}],"curies":[{"name":"wp","href":"https:\/\/api.w.org\/{rel}","templated":true}]}}