{"id":31789,"date":"2020-07-31T01:33:46","date_gmt":"2020-07-31T01:33:46","guid":{"rendered":"https:\/\/jorgezanoni.com.br\/2019\/?p=31789"},"modified":"2020-07-31T01:33:46","modified_gmt":"2020-07-31T01:33:46","slug":"antes-de-cair-helicoptero-do-corpo-de-bombeiros-do-df-bateu-em-predio","status":"publish","type":"post","link":"https:\/\/jorgezanoni.com.br\/2019\/antes-de-cair-helicoptero-do-corpo-de-bombeiros-do-df-bateu-em-predio\/","title":{"rendered":"Antes de cair, helic\u00f3ptero do Corpo de Bombeiros do DF bateu em pr\u00e9dio"},"content":{"rendered":"<h2 class=\"content-head__subtitle\" style=\"text-align: justify;\"><strong>V\u00eddeo mostra que h\u00e9lice atingiu edif\u00edcio e aeronave perdeu altitude. Acidente foi em Vicente Pires; 5 pessoas estavam a bordo e n\u00e3o se feriram com gravidade.<\/strong><\/h2>\n<div class=\"mc-column content-text active-extra-styles \" data-block-type=\"unstyled\" data-block-weight=\"49\" data-block-id=\"2\">\n<p class=\"content-text__container \" style=\"text-align: justify;\" data-track-category=\"Link no Texto\" data-track-links=\"\">Um v\u00eddeo gravado por uma das testemunhas que viram o momento da\u00a0<a href=\"https:\/\/g1.globo.com\/df\/distrito-federal\/noticia\/2020\/07\/30\/helicoptero-do-corpo-de-bombeiros-cai-no-df.ghtml\">queda do helic\u00f3ptero do Corpo de Bombeiros, na manh\u00e3 desta quinta-feira (30)<\/a>, em Vicente Pires, no Distrito Federal, mostra que a h\u00e9lice bateu em um pr\u00e9dio, antes da aeronave come\u00e7ar a perder altitude (<strong>veja v\u00eddeo acima<\/strong>).<\/p>\n<\/div>\n<div class=\"wall protected-content\">\n<div class=\"mc-column content-text active-extra-styles \" style=\"text-align: justify;\" data-block-type=\"unstyled\" data-block-weight=\"26\" data-block-id=\"3\">\n<p class=\"content-text__container \" data-track-category=\"Link no Texto\" data-track-links=\"\">Segundo os bombeiros, o acidente aconteceu durante o processo de pouso para atender uma ocorr\u00eancia de parada cardiorrespirat\u00f3ria. Dos cinco tripulantes, nenhum se feriu com gravidade.<\/p>\n<\/div>\n<div class=\"mc-column content-text active-extra-styles \" style=\"text-align: justify;\" data-block-type=\"unstyled\" data-block-weight=\"26\" data-block-id=\"4\">\n<p class=\"content-text__container \" data-track-category=\"Link no Texto\" data-track-links=\"\">Nas imagens, \u00e9 poss\u00edvel ver o helic\u00f3ptero perto do pr\u00e9dio, quando a h\u00e9lice bateu no edif\u00edcio. Partes da constru\u00e7\u00e3o se soltaram e a aeronave perdeu altitude.<\/p>\n<\/div>\n<div class=\"mc-column content-text active-extra-styles \" style=\"text-align: justify;\" data-block-type=\"unstyled\" data-block-weight=\"21\" data-block-id=\"5\">\n<p class=\"content-text__container \" data-track-category=\"Link no Texto\" data-track-links=\"\">Na grava\u00e7\u00e3o, a mulher que filmava gritou, assustada. &#8220;Oh meu Deus, o helic\u00f3ptero caiu. Bateu nas coisas. Jesus amado&#8221;, diz ela.<\/p>\n<\/div>\n<div class=\"row medium-uncollapsed content-media content-photo\" style=\"text-align: justify;\" data-block-type=\"backstage-photo\" data-block-id=\"6\">\n<div class=\"mc-column content-media__container\">\n<figure><img decoding=\"async\" class=\"i-amphtml-fill-content i-amphtml-replaced-content\" src=\"https:\/\/s2.glbimg.com\/4Lvhc30BSuBb9nFdztdaFoRZexg=\/0x0:1142x639\/984x0\/smart\/filters:strip_icc()\/i.s3.glbimg.com\/v1\/AUTH_59edd422c0c84a879bd37670ae4f538a\/internal_photos\/bs\/2020\/O\/V\/4XfrUTRSCiZ0E1dZtQkg\/queda-cop-cbmdf.jpg\" sizes=\"(max-width: 1242px) 648px, 100vw\" srcset=\"https:\/\/s2.glbimg.com\/g6VnSscwitALMmw6xVTdoFgit6g=\/0x0:1142x639\/1000x0\/smart\/filters:strip_icc()\/i.s3.glbimg.com\/v1\/AUTH_59edd422c0c84a879bd37670ae4f538a\/internal_photos\/bs\/2020\/O\/V\/4XfrUTRSCiZ0E1dZtQkg\/queda-cop-cbmdf.jpg 1000w, https:\/\/s2.glbimg.com\/4Lvhc30BSuBb9nFdztdaFoRZexg=\/0x0:1142x639\/984x0\/smart\/filters:strip_icc()\/i.s3.glbimg.com\/v1\/AUTH_59edd422c0c84a879bd37670ae4f538a\/internal_photos\/bs\/2020\/O\/V\/4XfrUTRSCiZ0E1dZtQkg\/queda-cop-cbmdf.jpg 984w, https:\/\/s2.glbimg.com\/osL4bhD_9-0hr1NN8dhF3Pt4T4s=\/0x0:1142x639\/640x0\/smart\/filters:strip_icc()\/i.s3.glbimg.com\/v1\/AUTH_59edd422c0c84a879bd37670ae4f538a\/internal_photos\/bs\/2020\/O\/V\/4XfrUTRSCiZ0E1dZtQkg\/queda-cop-cbmdf.jpg 640w, https:\/\/s2.glbimg.com\/Q13tAr372Yi3HOP9hLKtQalyeIg=\/0x0:1142x639\/600x0\/smart\/filters:strip_icc()\/i.s3.glbimg.com\/v1\/AUTH_59edd422c0c84a879bd37670ae4f538a\/internal_photos\/bs\/2020\/O\/V\/4XfrUTRSCiZ0E1dZtQkg\/queda-cop-cbmdf.jpg 600w\" alt=\"antes de cair, h\u00e9lice de helic\u00f3ptero do Corpo de Bombeiros bateu em pr\u00e9dio no DF \u2014 Foto: Reprodu\u00e7\u00e3o\" \/><\/figure>\n<p class=\"content-media__description \">antes de cair, h\u00e9lice de helic\u00f3ptero do Corpo de Bombeiros bateu em pr\u00e9dio no DF \u2014 Foto: Reprodu\u00e7\u00e3o<\/p>\n<\/div>\n<\/div>\n<div class=\"content-ads content-ads--reveal\" style=\"text-align: justify;\" data-block-type=\"ads\" data-block-id=\"7\"><\/div>\n<div class=\"mc-column content-text active-extra-styles \" style=\"text-align: justify;\" data-block-type=\"unstyled\" data-block-weight=\"19\" data-block-id=\"8\">\n<p class=\"content-text__container \" data-track-category=\"Link no Texto\" data-track-links=\"\">O v\u00eddeo, feito com um celular, termina com a mulher saindo em busca de informa\u00e7\u00f5es sobre o acidente.<\/p>\n<\/div>\n<div class=\"mc-column content-text active-extra-styles \" data-block-type=\"unstyled\" data-block-weight=\"21\" data-block-id=\"9\">\n<p class=\"content-text__container \" style=\"text-align: justify;\" data-track-category=\"Link no Texto\" data-track-links=\"\">Logo depois da queda, o copiloto enviou um \u00e1udio para militares do Corpo de Bombeiros, tranquilizando os colegas.<\/p>\n<div class=\"mc-column content-text active-extra-styles \" style=\"text-align: justify;\" data-block-type=\"unstyled\" data-block-weight=\"15\" data-block-id=\"11\">\n<p class=\"content-text__container \" data-track-category=\"Link no Texto\" data-track-links=\"\">O Corpo de Bombeiros n\u00e3o informou o nome dos tripulantes. Apenas deu as fun\u00e7\u00f5es deles:<\/p>\n<\/div>\n<div class=\"mc-column content-text active-extra-styles\" style=\"text-align: justify;\" data-block-type=\"raw\" data-block-weight=\"10\" data-block-id=\"12\">\n<ul class=\"content-unordered-list\">\n<li>1 tenente-coronel<\/li>\n<li>1 major<\/li>\n<li>1 sargento<\/li>\n<li>1 m\u00e9dico<\/li>\n<li>1 enfermeira<\/li>\n<\/ul>\n<\/div>\n<div class=\"mc-column content-text active-extra-styles\" style=\"text-align: justify;\" data-block-type=\"raw\" data-block-weight=\"2\" data-block-id=\"13\">\n<div class=\"content-intertitle\">\n<h2>Carro atingido<\/h2>\n<\/div>\n<\/div>\n<div class=\"row medium-uncollapsed content-media content-photo\" style=\"text-align: justify;\" data-block-type=\"backstage-photo\" data-block-id=\"14\">\n<div class=\"mc-column content-media__container\">\n<figure><img decoding=\"async\" class=\"i-amphtml-fill-content i-amphtml-replaced-content\" src=\"https:\/\/s2.glbimg.com\/GJa5EGc0JPz2NvFH0GH7Y94_iGg=\/0x0:1280x960\/984x0\/smart\/filters:strip_icc()\/i.s3.glbimg.com\/v1\/AUTH_59edd422c0c84a879bd37670ae4f538a\/internal_photos\/bs\/2020\/c\/z\/BqMOhbSGqENqiVYSGB9A\/queda-cop.jpeg\" sizes=\"(max-width: 1242px) 648px, 100vw\" srcset=\"https:\/\/s2.glbimg.com\/uxOo7LC_XC9M8Q4d4LAKvjWFK9Q=\/0x0:1280x960\/1000x0\/smart\/filters:strip_icc()\/i.s3.glbimg.com\/v1\/AUTH_59edd422c0c84a879bd37670ae4f538a\/internal_photos\/bs\/2020\/c\/z\/BqMOhbSGqENqiVYSGB9A\/queda-cop.jpeg 1000w, https:\/\/s2.glbimg.com\/GJa5EGc0JPz2NvFH0GH7Y94_iGg=\/0x0:1280x960\/984x0\/smart\/filters:strip_icc()\/i.s3.glbimg.com\/v1\/AUTH_59edd422c0c84a879bd37670ae4f538a\/internal_photos\/bs\/2020\/c\/z\/BqMOhbSGqENqiVYSGB9A\/queda-cop.jpeg 984w, https:\/\/s2.glbimg.com\/7BmrKrAfnaRqMn1YZ5QYff4eBtk=\/0x0:1280x960\/640x0\/smart\/filters:strip_icc()\/i.s3.glbimg.com\/v1\/AUTH_59edd422c0c84a879bd37670ae4f538a\/internal_photos\/bs\/2020\/c\/z\/BqMOhbSGqENqiVYSGB9A\/queda-cop.jpeg 640w, https:\/\/s2.glbimg.com\/0iRbotfxtHLcUT646gHsc9M3GYo=\/0x0:1280x960\/600x0\/smart\/filters:strip_icc()\/i.s3.glbimg.com\/v1\/AUTH_59edd422c0c84a879bd37670ae4f538a\/internal_photos\/bs\/2020\/c\/z\/BqMOhbSGqENqiVYSGB9A\/queda-cop.jpeg 600w\" alt=\"Helic\u00f3ptero dos bombeiros cai e atinge carro no DF \u2014 Foto: Corpo de Bombeiros do DF\/Divulga\u00e7\u00e3o\" \/><\/figure>\n<p class=\"content-media__description \">Helic\u00f3ptero dos bombeiros cai e atinge carro no DF \u2014 Foto: Corpo de Bombeiros do DF\/Divulga\u00e7\u00e3o<\/p>\n<\/div>\n<\/div>\n<div class=\"mc-column content-text active-extra-styles \" style=\"text-align: justify;\" data-block-type=\"unstyled\" data-block-weight=\"30\" data-block-id=\"15\">\n<p class=\"content-text__container \" data-track-category=\"Link no Texto\" data-track-links=\"\">O dono do veiculo atingido pela aeronave disse que trabalha em uma gr\u00e1fica e sempre estaciona no local. Ele contou que estacionou \u00e0s 9h. O acidente ocorreu \u00e0s 10h35.<\/p>\n<\/div>\n<div class=\"mc-column content-text active-extra-styles \" style=\"text-align: justify;\" data-block-type=\"unstyled\" data-block-weight=\"19\" data-block-id=\"16\">\n<p class=\"content-text__container \" data-track-category=\"Link no Texto\" data-track-links=\"\">O homem contou que ele e colegas escutaram um &#8220;barulho muito forte e foram ver o que tinha acontecido&#8221;.<\/p>\n<\/div>\n<div class=\"mc-column content-text active-extra-styles\" style=\"text-align: justify;\" data-block-type=\"raw\" data-block-weight=\"19\" data-block-id=\"18\">\n<blockquote class=\"content-blockquote theme-border-color-primary-before\"><p>&#8220;L\u00e1 fora, muita poeira, n\u00e3o conseguia enxergar nada. Na hora, pensei primeiro nas pessoas, se tinham se machucado.&#8221;<\/p><\/blockquote>\n<\/div>\n<div class=\"mc-column content-text active-extra-styles \" style=\"text-align: justify;\" data-block-type=\"unstyled\" data-block-weight=\"16\" data-block-id=\"19\">\n<p class=\"content-text__container \" data-track-category=\"Link no Texto\" data-track-links=\"\">O dono do carro contou tamb\u00e9m que havia retirado o ve\u00edculo da oficina na semana passada.<\/p>\n<\/div>\n<div class=\"mc-column content-text active-extra-styles\" style=\"text-align: justify;\" data-block-type=\"raw\" data-block-weight=\"2\" data-block-id=\"20\">\n<div class=\"content-intertitle\">\n<h2>Cenipa investiga<\/h2>\n<\/div>\n<\/div>\n<div class=\"row medium-uncollapsed content-media content-photo\" style=\"text-align: justify;\" data-block-type=\"backstage-photo\" data-block-id=\"21\">\n<div class=\"mc-column content-media__container\">\n<figure><img decoding=\"async\" class=\"i-amphtml-fill-content i-amphtml-replaced-content\" src=\"https:\/\/s2.glbimg.com\/mdj819KQMAFQitGYARsDUai8eXw=\/0x0:1280x960\/984x0\/smart\/filters:strip_icc()\/i.s3.glbimg.com\/v1\/AUTH_59edd422c0c84a879bd37670ae4f538a\/internal_photos\/bs\/2020\/H\/o\/MQA0RmSeaSA3JlB718jA\/queda-aeronave-1-.jpeg\" sizes=\"(max-width: 1242px) 648px, 100vw\" srcset=\"https:\/\/s2.glbimg.com\/jyPITx0piZIFYgp9Ldmt3XAKroU=\/0x0:1280x960\/1000x0\/smart\/filters:strip_icc()\/i.s3.glbimg.com\/v1\/AUTH_59edd422c0c84a879bd37670ae4f538a\/internal_photos\/bs\/2020\/H\/o\/MQA0RmSeaSA3JlB718jA\/queda-aeronave-1-.jpeg 1000w, https:\/\/s2.glbimg.com\/mdj819KQMAFQitGYARsDUai8eXw=\/0x0:1280x960\/984x0\/smart\/filters:strip_icc()\/i.s3.glbimg.com\/v1\/AUTH_59edd422c0c84a879bd37670ae4f538a\/internal_photos\/bs\/2020\/H\/o\/MQA0RmSeaSA3JlB718jA\/queda-aeronave-1-.jpeg 984w, https:\/\/s2.glbimg.com\/8_RRnf0R2vqoqIx45mLC7Puj-ZQ=\/0x0:1280x960\/640x0\/smart\/filters:strip_icc()\/i.s3.glbimg.com\/v1\/AUTH_59edd422c0c84a879bd37670ae4f538a\/internal_photos\/bs\/2020\/H\/o\/MQA0RmSeaSA3JlB718jA\/queda-aeronave-1-.jpeg 640w, https:\/\/s2.glbimg.com\/_gD7cXpLrDZPMBx3ncC_Y3ESJ6Y=\/0x0:1280x960\/600x0\/smart\/filters:strip_icc()\/i.s3.glbimg.com\/v1\/AUTH_59edd422c0c84a879bd37670ae4f538a\/internal_photos\/bs\/2020\/H\/o\/MQA0RmSeaSA3JlB718jA\/queda-aeronave-1-.jpeg 600w\" alt=\"Helic\u00f3ptero dos bombeiros cai e atinge carro no DF \u2014 Foto: Corpo de Bombeiros do DF\" \/><\/figure>\n<p class=\"content-media__description \">Helic\u00f3ptero dos bombeiros cai e atinge carro no DF \u2014 Foto: Corpo de Bombeiros do DF<\/p>\n<\/div>\n<\/div>\n<div class=\"mc-column content-text active-extra-styles \" style=\"text-align: justify;\" data-block-type=\"unstyled\" data-block-weight=\"48\" data-block-id=\"22\">\n<p class=\"content-text__container \" data-track-category=\"Link no Texto\" data-track-links=\"\">Em nota, a For\u00e7a A\u00e9rea Brasileira (FAB) disse que Investigadores do 6\u00aa Servi\u00e7o Regional de Investiga\u00e7\u00e3o e Preven\u00e7\u00e3o de Acidentes Aeron\u00e1uticos (Seripa VI), \u00f3rg\u00e3o regional do Centro de Investiga\u00e7\u00e3o e Preven\u00e7\u00e3o de Acidentes Aeron\u00e1uticos (Cenipa ), foram acionados para realizar a a\u00e7\u00e3o inicial da ocorr\u00eancia envolvendo a aeronave.<\/p>\n<\/div>\n<div class=\"mc-column content-text active-extra-styles\" style=\"text-align: justify;\" data-block-type=\"raw\" data-block-weight=\"40\" data-block-id=\"23\">\n<blockquote class=\"content-blockquote theme-border-color-primary-before\"><p>&#8220;A a\u00e7\u00e3o inicial \u00e9 o come\u00e7o do processo de investiga\u00e7\u00e3o e possui o objetivo de coletar dados: fotografar cenas, retirar partes da aeronave para an\u00e1lise, reunir documentos e ouvir relatos de pessoas que possam ter observado a sequ\u00eancia de eventos.&#8221;<\/p><\/blockquote>\n<\/div>\n<div class=\"mc-column content-text active-extra-styles \" style=\"text-align: justify;\" data-block-type=\"unstyled\" data-block-weight=\"24\" data-block-id=\"24\">\n<p class=\"content-text__container \" data-track-category=\"Link no Texto\" data-track-links=\"\">J\u00e1 Ag\u00eancia Nacional de Avia\u00e7\u00e3o Civil (Anac) afirmou que o helic\u00f3ptero est\u00e1 com a documenta\u00e7\u00e3o em dia e aeronave tinha capacidade para seis pessoas.<\/p>\n<\/div>\n<div class=\"mc-column content-text active-extra-styles\" style=\"text-align: justify;\" data-block-type=\"raw\" data-block-weight=\"2\" data-block-id=\"25\">\n<div class=\"content-intertitle\">\n<h2>Outro caso<\/h2>\n<\/div>\n<\/div>\n<div class=\"mc-column content-text active-extra-styles \" data-block-type=\"unstyled\" data-block-weight=\"34\" data-block-id=\"26\">\n<p class=\"content-text__container \" style=\"text-align: justify;\" data-track-category=\"Link no Texto\" data-track-links=\"\"><a href=\"http:\/\/g1.globo.com\/Noticias\/Brasil\/0,,MUL85398-5598,00-HELICOPTERO+DOS+BOMBEIROS+CAI+NO+DF.html\">Em 2007, tr\u00eas bombeiros morreram carbonizados na queda de um helic\u00f3ptero, em Ceil\u00e2ndia<\/a>. O acidente ocorreu durante a opera\u00e7\u00e3o de remo\u00e7\u00e3o de um corpo encontrado em uma usina de lixo, local de dif\u00edcil acesso.<\/p>\n<p style=\"text-align: justify;\" data-track-category=\"Link no Texto\" data-track-links=\"\">Fonte: https:\/\/g1.globo.com\/df\/distrito-federal\/noticia\/2020\/07\/30\/antes-de-cair-helicoptero-do-corpo-de-bombeiros-do-df-bateu-em-predio-veja-imagens.ghtml<\/p>\n<\/div>\n<\/div>\n<\/div>\n","protected":false},"excerpt":{"rendered":"<p>V\u00eddeo mostra que h\u00e9lice atingiu edif\u00edcio e aeronave perdeu altitude. Acidente foi em Vicente Pires; 5 pessoas estavam a bordo e n\u00e3o se feriram com gravidade. Um v\u00eddeo gravado por uma das testemunhas que viram o momento da\u00a0queda do helic\u00f3ptero do Corpo de Bombeiros, na manh\u00e3 desta quinta-feira (30), em Vicente Pires, no Distrito Federal, [&hellip;]<\/p>\n","protected":false},"author":1,"featured_media":31790,"comment_status":"closed","ping_status":"open","sticky":false,"template":"","format":"standard","meta":{"footnotes":""},"categories":[170,110],"tags":[],"class_list":["post-31789","post","type-post","status-publish","format-standard","has-post-thumbnail","hentry","category-acidentes","category-noticiasdestaque"],"_links":{"self":[{"href":"https:\/\/jorgezanoni.com.br\/2019\/wp-json\/wp\/v2\/posts\/31789","targetHints":{"allow":["GET"]}}],"collection":[{"href":"https:\/\/jorgezanoni.com.br\/2019\/wp-json\/wp\/v2\/posts"}],"about":[{"href":"https:\/\/jorgezanoni.com.br\/2019\/wp-json\/wp\/v2\/types\/post"}],"author":[{"embeddable":true,"href":"https:\/\/jorgezanoni.com.br\/2019\/wp-json\/wp\/v2\/users\/1"}],"replies":[{"embeddable":true,"href":"https:\/\/jorgezanoni.com.br\/2019\/wp-json\/wp\/v2\/comments?post=31789"}],"version-history":[{"count":0,"href":"https:\/\/jorgezanoni.com.br\/2019\/wp-json\/wp\/v2\/posts\/31789\/revisions"}],"wp:featuredmedia":[{"embeddable":true,"href":"https:\/\/jorgezanoni.com.br\/2019\/wp-json\/wp\/v2\/media\/31790"}],"wp:attachment":[{"href":"https:\/\/jorgezanoni.com.br\/2019\/wp-json\/wp\/v2\/media?parent=31789"}],"wp:term":[{"taxonomy":"category","embeddable":true,"href":"https:\/\/jorgezanoni.com.br\/2019\/wp-json\/wp\/v2\/categories?post=31789"},{"taxonomy":"post_tag","embeddable":true,"href":"https:\/\/jorgezanoni.com.br\/2019\/wp-json\/wp\/v2\/tags?post=31789"}],"curies":[{"name":"wp","href":"https:\/\/api.w.org\/{rel}","templated":true}]}}