{"id":31786,"date":"2020-07-31T01:06:44","date_gmt":"2020-07-31T01:06:44","guid":{"rendered":"https:\/\/jorgezanoni.com.br\/2019\/?p=31786"},"modified":"2020-07-31T01:07:00","modified_gmt":"2020-07-31T01:07:00","slug":"primeira-dama-michelle-bolsonaro-contraiu-covid-19-mas-estado-de-saude-e-bom-informa-planalto","status":"publish","type":"post","link":"https:\/\/jorgezanoni.com.br\/2019\/primeira-dama-michelle-bolsonaro-contraiu-covid-19-mas-estado-de-saude-e-bom-informa-planalto\/","title":{"rendered":"Primeira-dama Michelle Bolsonaro contraiu Covid-19, mas estado de sa\u00fade \u00e9 &#8216;bom&#8217;, informa Planalto"},"content":{"rendered":"<h2 class=\"content-head__subtitle\" style=\"text-align: justify;\"><strong>Resultado do exame da primeira-dama deu positivo dias depois de o presidente Jair Bolsonaro ter anunciado que se curou da doen\u00e7a.<\/strong><\/h2>\n<div class=\"mc-column content-text active-extra-styles \" data-block-type=\"unstyled\" data-block-weight=\"15\" data-block-id=\"2\">\n<p class=\"content-text__container \" style=\"text-align: justify;\" data-track-category=\"Link no Texto\" data-track-links=\"\">A primeira-dama\u00a0<a href=\"https:\/\/g1.globo.com\/tudo-sobre\/michelle-bolsonaro\/\">Michelle Bolsonaro\u00a0<\/a>est\u00e1 com Covid-19, informou nesta quinta-feira (30) o Pal\u00e1cio do Planalto.<\/p>\n<\/div>\n<div class=\"wall protected-content\">\n<div class=\"mc-column content-text active-extra-styles \" style=\"text-align: justify;\" data-block-type=\"unstyled\" data-block-weight=\"28\" data-block-id=\"3\">\n<p class=\"content-text__container \" data-track-category=\"Link no Texto\" data-track-links=\"\">Em nota, a Presid\u00eancia disse ainda que o estado de sa\u00fade de Michelle \u00e9 bom e que ela seguir\u00e1 &#8220;todos os protocolos estabelecidos&#8221; para tratamento da doen\u00e7a.<\/p>\n<\/div>\n<div class=\"mc-column content-text active-extra-styles \" style=\"text-align: justify;\" data-block-type=\"unstyled\" data-block-weight=\"41\" data-block-id=\"4\">\n<p class=\"content-text__container \" data-track-category=\"Link no Texto\" data-track-links=\"\">&#8220;A primeira-dama Michelle Bolsonaro testou positivo para Covid-19 nesta quinta-feira, 30. Ela apresenta bom estado de sa\u00fade e seguir\u00e1 todos os protocolos estabelecidos. A primeira-dama est\u00e1 sendo acompanhada pela equipe m\u00e9dica da Presid\u00eancia da Rep\u00fablica&#8221;, diz a nota divulgada pela Presid\u00eancia.<\/p>\n<\/div>\n<div class=\"mc-column content-text active-extra-styles \" style=\"text-align: justify;\" data-block-type=\"unstyled\" data-block-weight=\"54\" data-block-id=\"5\">\n<p class=\"content-text__container \" data-track-category=\"Link no Texto\" data-track-links=\"\">O resultado do exame de Michelle saiu dias depois de o presidente\u00a0<a href=\"https:\/\/g1.globo.com\/politica\/politico\/jair-bolsonaro\/\">Jair Bolsonaro<\/a>\u00a0ter anunciado que se curou da Covid-19.\u00a0<a href=\"https:\/\/g1.globo.com\/politica\/noticia\/2020\/07\/07\/bolsonaro-diz-que-seu-exame-para-covid-19-deu-positivo.ghtml\">O presidente informou no dia 7 de julho<\/a>\u00a0que seu exame tinha dado positivo. Passou os dias seguintes trabalhando da resid\u00eancia oficial. No s\u00e1bado (25),\u00a0<a href=\"https:\/\/g1.globo.com\/politica\/noticia\/2020\/07\/25\/bolsonaro-diz-que-teste-de-coronavirus-deu-resultado-negativo.ghtml\">disse que n\u00e3o tinha mais o v\u00edrus<\/a>.<\/p>\n<\/div>\n<div class=\"mc-column content-text active-extra-styles \" style=\"text-align: justify;\" data-block-type=\"unstyled\" data-block-weight=\"19\" data-block-id=\"6\">\n<p class=\"content-text__container \" data-track-category=\"Link no Texto\" data-track-links=\"\">A primeira-dama mora com Bolsonaro e as filhas Let\u00edcia e Laura na resid\u00eancia oficial do Pal\u00e1cio da Alvorada.<\/p>\n<\/div>\n<div class=\"row medium-uncollapsed content-media content-photo\" style=\"text-align: justify;\" data-block-type=\"backstage-photo\" data-block-id=\"7\">\n<div class=\"mc-column content-media__container\">\n<figure><img decoding=\"async\" class=\"i-amphtml-fill-content i-amphtml-replaced-content\" src=\"https:\/\/s2.glbimg.com\/df0l7umK_P78JgSYwEjs5mjUOMc=\/0x0:2048x1365\/984x0\/smart\/filters:strip_icc()\/i.s3.glbimg.com\/v1\/AUTH_59edd422c0c84a879bd37670ae4f538a\/internal_photos\/bs\/2020\/S\/O\/3lNl9GQtCbFmErA01AdQ\/michelle.jpg\" sizes=\"(max-width: 1242px) 648px, 100vw\" srcset=\"https:\/\/s2.glbimg.com\/MOyF3iSaMC23xVqqcKVJ1eLRw98=\/0x0:2048x1365\/1000x0\/smart\/filters:strip_icc()\/i.s3.glbimg.com\/v1\/AUTH_59edd422c0c84a879bd37670ae4f538a\/internal_photos\/bs\/2020\/S\/O\/3lNl9GQtCbFmErA01AdQ\/michelle.jpg 1000w, https:\/\/s2.glbimg.com\/df0l7umK_P78JgSYwEjs5mjUOMc=\/0x0:2048x1365\/984x0\/smart\/filters:strip_icc()\/i.s3.glbimg.com\/v1\/AUTH_59edd422c0c84a879bd37670ae4f538a\/internal_photos\/bs\/2020\/S\/O\/3lNl9GQtCbFmErA01AdQ\/michelle.jpg 984w, https:\/\/s2.glbimg.com\/88vr5nIIc8Kbd9GDOzTwlZJtBkw=\/0x0:2048x1365\/640x0\/smart\/filters:strip_icc()\/i.s3.glbimg.com\/v1\/AUTH_59edd422c0c84a879bd37670ae4f538a\/internal_photos\/bs\/2020\/S\/O\/3lNl9GQtCbFmErA01AdQ\/michelle.jpg 640w, https:\/\/s2.glbimg.com\/u3jDwmZrvhQItucBSYFqro8kmDE=\/0x0:2048x1365\/600x0\/smart\/filters:strip_icc()\/i.s3.glbimg.com\/v1\/AUTH_59edd422c0c84a879bd37670ae4f538a\/internal_photos\/bs\/2020\/S\/O\/3lNl9GQtCbFmErA01AdQ\/michelle.jpg 600w\" alt=\"Michelle Bolsonaro participou de solenidade no Pal\u00e1cio do Planalto ao lado do presidente e de ministros um dia antes de o exame dar positivo para Covid-19 \u2014 Foto: Alan Santos\/PR\" \/><\/figure>\n<p class=\"content-media__description \">Michelle Bolsonaro participou de solenidade no Pal\u00e1cio do Planalto ao lado do presidente e de ministros um dia antes de o exame dar positivo para Covid-19 \u2014 Foto: Alan Santos\/PR<\/p>\n<\/div>\n<\/div>\n<div class=\"mc-column content-text active-extra-styles \" style=\"text-align: justify;\" data-block-type=\"unstyled\" data-block-weight=\"25\" data-block-id=\"9\">\n<p class=\"content-text__container \" data-track-category=\"Link no Texto\" data-track-links=\"\">Michelle participou na quarta-feira (29) de uma cerim\u00f4nia no Pal\u00e1cio do Planalto, na qual discursou. A primeira-dama apareceu ao lado do presidente e utilizou m\u00e1scara.<\/p>\n<\/div>\n<div class=\"mc-column content-text active-extra-styles \" style=\"text-align: justify;\" data-block-type=\"unstyled\" data-block-weight=\"17\" data-block-id=\"10\">\n<p class=\"content-text__container \" data-track-category=\"Link no Texto\" data-track-links=\"\">As ministras Tereza Cristina (Agricultura) e Damares Alves (Mulher, Fam\u00edlia e Direitos Humanos) discursaram no mesmo evento.<\/p>\n<\/div>\n<div class=\"mc-column content-text active-extra-styles \" style=\"text-align: justify;\" data-block-type=\"unstyled\" data-block-weight=\"19\" data-block-id=\"11\">\n<p class=\"content-text__container \" data-track-category=\"Link no Texto\" data-track-links=\"\">O l\u00edder do governo na C\u00e2mara, deputado Major Vitor Hugo (PSL-GO), tamb\u00e9m compareceu e ficou pr\u00f3ximo da primeira-dama.<\/p>\n<\/div>\n<div class=\"mc-column content-text active-extra-styles \" style=\"text-align: justify;\" data-block-type=\"unstyled\" data-block-weight=\"22\" data-block-id=\"12\">\n<p class=\"content-text__container \" data-track-category=\"Link no Texto\" data-track-links=\"\">J\u00e1 os ministros Paulo Guedes (Economia), Fernando Azevedo (Defesa), Andr\u00e9 Mendon\u00e7a (Justi\u00e7a) e F\u00e1bio Faria (Comunica\u00e7\u00f5es) acompanharam a solenidade junto \u00e0 plateia.<\/p>\n<\/div>\n<div class=\"mc-column content-text active-extra-styles \" data-block-type=\"unstyled\" data-block-weight=\"26\" data-block-id=\"13\">\n<p class=\"content-text__container \" style=\"text-align: justify;\" data-track-category=\"Link no Texto\" data-track-links=\"\">Em uma rede social, Tereza Cristina informou que, assim que soube do resultado de Michelle, decidiu suspender a agenda do dia e fazer o exame.<\/p>\n<p style=\"text-align: justify;\" data-track-category=\"Link no Texto\" data-track-links=\"\">Fonte: G1<\/p>\n<\/div>\n<\/div>\n","protected":false},"excerpt":{"rendered":"<p>Resultado do exame da primeira-dama deu positivo dias depois de o presidente Jair Bolsonaro ter anunciado que se curou da doen\u00e7a. A primeira-dama\u00a0Michelle Bolsonaro\u00a0est\u00e1 com Covid-19, informou nesta quinta-feira (30) o Pal\u00e1cio do Planalto. Em nota, a Presid\u00eancia disse ainda que o estado de sa\u00fade de Michelle \u00e9 bom e que ela seguir\u00e1 &#8220;todos os [&hellip;]<\/p>\n","protected":false},"author":1,"featured_media":31787,"comment_status":"closed","ping_status":"open","sticky":false,"template":"","format":"standard","meta":{"footnotes":""},"categories":[110,116],"tags":[],"class_list":["post-31786","post","type-post","status-publish","format-standard","has-post-thumbnail","hentry","category-noticiasdestaque","category-politicaeeconomia"],"_links":{"self":[{"href":"https:\/\/jorgezanoni.com.br\/2019\/wp-json\/wp\/v2\/posts\/31786","targetHints":{"allow":["GET"]}}],"collection":[{"href":"https:\/\/jorgezanoni.com.br\/2019\/wp-json\/wp\/v2\/posts"}],"about":[{"href":"https:\/\/jorgezanoni.com.br\/2019\/wp-json\/wp\/v2\/types\/post"}],"author":[{"embeddable":true,"href":"https:\/\/jorgezanoni.com.br\/2019\/wp-json\/wp\/v2\/users\/1"}],"replies":[{"embeddable":true,"href":"https:\/\/jorgezanoni.com.br\/2019\/wp-json\/wp\/v2\/comments?post=31786"}],"version-history":[{"count":0,"href":"https:\/\/jorgezanoni.com.br\/2019\/wp-json\/wp\/v2\/posts\/31786\/revisions"}],"wp:featuredmedia":[{"embeddable":true,"href":"https:\/\/jorgezanoni.com.br\/2019\/wp-json\/wp\/v2\/media\/31787"}],"wp:attachment":[{"href":"https:\/\/jorgezanoni.com.br\/2019\/wp-json\/wp\/v2\/media?parent=31786"}],"wp:term":[{"taxonomy":"category","embeddable":true,"href":"https:\/\/jorgezanoni.com.br\/2019\/wp-json\/wp\/v2\/categories?post=31786"},{"taxonomy":"post_tag","embeddable":true,"href":"https:\/\/jorgezanoni.com.br\/2019\/wp-json\/wp\/v2\/tags?post=31786"}],"curies":[{"name":"wp","href":"https:\/\/api.w.org\/{rel}","templated":true}]}}