{"id":31783,"date":"2020-07-31T00:21:29","date_gmt":"2020-07-31T00:21:29","guid":{"rendered":"https:\/\/jorgezanoni.com.br\/2019\/?p=31783"},"modified":"2020-07-31T00:21:29","modified_gmt":"2020-07-31T00:21:29","slug":"bicicleta-furtada-ha-cinco-anos-e-encontrada-em-loja-onde-tinha-sido-comprada-no-centro-de-presidente-prudente","status":"publish","type":"post","link":"https:\/\/jorgezanoni.com.br\/2019\/bicicleta-furtada-ha-cinco-anos-e-encontrada-em-loja-onde-tinha-sido-comprada-no-centro-de-presidente-prudente\/","title":{"rendered":"Bicicleta furtada h\u00e1 cinco anos \u00e9 encontrada em loja onde tinha sido comprada no Centro de Presidente Prudente"},"content":{"rendered":"<h2 class=\"content-head__subtitle\" style=\"text-align: justify;\"><strong>Propriet\u00e1rio do estabelecimento reconheceu o ve\u00edculo, que foi deixado no local para conserto, e contatou a v\u00edtima. Crime foi em 2015.<\/strong><\/h2>\n<div class=\"mc-column content-text active-extra-styles \" data-block-type=\"unstyled\" data-block-weight=\"21\" data-block-id=\"2\">\n<p class=\"content-text__container \" style=\"text-align: justify;\" data-track-category=\"Link no Texto\" data-track-links=\"\">Uma bicicleta que havia sido furtada h\u00e1 cinco anos foi localizada pela pol\u00edcia nesta quinta-feira (30), no Centro, em\u00a0<a href=\"https:\/\/g1.globo.com\/sp\/presidente-prudente-regiao\/cidade\/presidente-prudente\/\">Presidente Prudente<\/a>.<\/p>\n<\/div>\n<div class=\"wall protected-content\">\n<div class=\"mc-column content-text active-extra-styles \" style=\"text-align: justify;\" data-block-type=\"unstyled\" data-block-weight=\"24\" data-block-id=\"3\">\n<p class=\"content-text__container \" data-track-category=\"Link no Texto\" data-track-links=\"\">A bicicleta, conforme o Boletim de Ocorr\u00eancia, havia sido furtada de dentro da garagem da casa da v\u00edtima, de 41 anos, em 2015.<\/p>\n<\/div>\n<div class=\"mc-column content-text active-extra-styles \" style=\"text-align: justify;\" data-block-type=\"unstyled\" data-block-weight=\"55\" data-block-id=\"4\">\n<p class=\"content-text__container \" data-track-category=\"Link no Texto\" data-track-links=\"\">Nesta quinta-feira (30), o propriet\u00e1rio da loja onde a bicicleta havia sido comprada pela v\u00edtima, recebeu um suposto cliente que levou o ve\u00edculo para consertar. A bicicleta chegou em um carro, onde estava um homem e uma mulher, que a deixaram e solicitaram que ap\u00f3s o conserto, fossem avisados para que pudessem ir busc\u00e1-la.<\/p>\n<\/div>\n<div class=\"mc-column content-text active-extra-styles \" style=\"text-align: justify;\" data-block-type=\"unstyled\" data-block-weight=\"34\" data-block-id=\"5\">\n<p class=\"content-text__container \" data-track-category=\"Link no Texto\" data-track-links=\"\">Conforme o boletim, o propriet\u00e1rio da loja reconheceu a bicicleta e contatou a v\u00edtima, que foi at\u00e9 a loja e reconheceu o ve\u00edculo. Na loja ainda foi localizada a nota fiscal da bicicleta.<\/p>\n<\/div>\n<div class=\"mc-column content-text active-extra-styles \" style=\"text-align: justify;\" data-block-type=\"unstyled\" data-block-weight=\"27\" data-block-id=\"6\">\n<p class=\"content-text__container \" data-track-category=\"Link no Texto\" data-track-links=\"\">A v\u00edtima entrou em contato com as pessoas que deixaram a bicicleta na loja, que alegaram n\u00e3o saberem do ocorrido, fornecendo os dados pessoais e endere\u00e7o.<\/p>\n<\/div>\n<div class=\"mc-column content-text active-extra-styles \" style=\"text-align: justify;\" data-block-type=\"unstyled\" data-block-weight=\"26\" data-block-id=\"7\">\n<p class=\"content-text__container \" data-track-category=\"Link no Texto\" data-track-links=\"\">A Pol\u00edcia Militar foi acionada e acompanhou a v\u00edtima at\u00e9 a Delegacia Participativa da Pol\u00edcia Civil, onde a bicicleta foi apreendida e devolvida ao propriet\u00e1rio.<\/p>\n<\/div>\n<div class=\"mc-column content-text active-extra-styles \" data-block-type=\"unstyled\" data-block-weight=\"19\" data-block-id=\"8\">\n<p class=\"content-text__container \" style=\"text-align: justify;\" data-track-category=\"Link no Texto\" data-track-links=\"\">A Pol\u00edcia Civil destacou a import\u00e2ncia do fornecimento de dados precisos no momento da elabora\u00e7\u00e3o do Boletim de Ocorr\u00eancia.<\/p>\n<p style=\"text-align: justify;\" data-track-category=\"Link no Texto\" data-track-links=\"\">Fonte: G1<\/p>\n<\/div>\n<\/div>\n","protected":false},"excerpt":{"rendered":"<p>Propriet\u00e1rio do estabelecimento reconheceu o ve\u00edculo, que foi deixado no local para conserto, e contatou a v\u00edtima. Crime foi em 2015. Uma bicicleta que havia sido furtada h\u00e1 cinco anos foi localizada pela pol\u00edcia nesta quinta-feira (30), no Centro, em\u00a0Presidente Prudente. A bicicleta, conforme o Boletim de Ocorr\u00eancia, havia sido furtada de dentro da garagem [&hellip;]<\/p>\n","protected":false},"author":1,"featured_media":31784,"comment_status":"closed","ping_status":"open","sticky":false,"template":"","format":"standard","meta":{"footnotes":""},"categories":[110,2],"tags":[],"class_list":["post-31783","post","type-post","status-publish","format-standard","has-post-thumbnail","hentry","category-noticiasdestaque","category-policial"],"_links":{"self":[{"href":"https:\/\/jorgezanoni.com.br\/2019\/wp-json\/wp\/v2\/posts\/31783","targetHints":{"allow":["GET"]}}],"collection":[{"href":"https:\/\/jorgezanoni.com.br\/2019\/wp-json\/wp\/v2\/posts"}],"about":[{"href":"https:\/\/jorgezanoni.com.br\/2019\/wp-json\/wp\/v2\/types\/post"}],"author":[{"embeddable":true,"href":"https:\/\/jorgezanoni.com.br\/2019\/wp-json\/wp\/v2\/users\/1"}],"replies":[{"embeddable":true,"href":"https:\/\/jorgezanoni.com.br\/2019\/wp-json\/wp\/v2\/comments?post=31783"}],"version-history":[{"count":0,"href":"https:\/\/jorgezanoni.com.br\/2019\/wp-json\/wp\/v2\/posts\/31783\/revisions"}],"wp:featuredmedia":[{"embeddable":true,"href":"https:\/\/jorgezanoni.com.br\/2019\/wp-json\/wp\/v2\/media\/31784"}],"wp:attachment":[{"href":"https:\/\/jorgezanoni.com.br\/2019\/wp-json\/wp\/v2\/media?parent=31783"}],"wp:term":[{"taxonomy":"category","embeddable":true,"href":"https:\/\/jorgezanoni.com.br\/2019\/wp-json\/wp\/v2\/categories?post=31783"},{"taxonomy":"post_tag","embeddable":true,"href":"https:\/\/jorgezanoni.com.br\/2019\/wp-json\/wp\/v2\/tags?post=31783"}],"curies":[{"name":"wp","href":"https:\/\/api.w.org\/{rel}","templated":true}]}}