{"id":31780,"date":"2020-07-30T23:42:04","date_gmt":"2020-07-30T23:42:04","guid":{"rendered":"https:\/\/jorgezanoni.com.br\/2019\/?p=31780"},"modified":"2020-07-30T23:43:44","modified_gmt":"2020-07-30T23:43:44","slug":"apos-denuncia-policia-ambiental-apreende-17-jabutis-e-multa-homem-em-r-85-mil","status":"publish","type":"post","link":"https:\/\/jorgezanoni.com.br\/2019\/apos-denuncia-policia-ambiental-apreende-17-jabutis-e-multa-homem-em-r-85-mil\/","title":{"rendered":"Ap\u00f3s den\u00fancia, Pol\u00edcia Ambiental apreende 17 jabutis e multa homem em R$ 8,5 mil"},"content":{"rendered":"<h2 class=\"content-head__subtitle\" style=\"text-align: justify;\"><strong>Animais eram mantidos em cativeiro sem autoriza\u00e7\u00e3o. Caso foi registrado em Presidente Epit\u00e1cio.<\/strong><\/h2>\n<div class=\"mc-column content-text active-extra-styles \" data-block-type=\"unstyled\" data-block-weight=\"36\" data-block-id=\"2\">\n<p class=\"content-text__container \" style=\"text-align: justify;\" data-track-category=\"Link no Texto\" data-track-links=\"\">A Pol\u00edcia Militar Ambiental apreendeu, nesta quarta-feira (29), 17 jabutis. Os animais eram mantidos em cativeiro sem autoriza\u00e7\u00e3o, o que rendeu a um homem uma multa de R$ 8,5 mil. O caso foi em\u00a0<a href=\"http:\/\/g1.globo.com\/sp\/presidente-prudente-regiao\/cidade\/presidente-epitacio.html\">Presidente Epit\u00e1cio<\/a>.<\/p>\n<\/div>\n<div class=\"wall protected-content\">\n<div class=\"mc-column content-text active-extra-styles \" style=\"text-align: justify;\" data-block-type=\"unstyled\" data-block-weight=\"31\" data-block-id=\"3\">\n<p class=\"content-text__container \" data-track-category=\"Link no Texto\" data-track-links=\"\">A equipe foi averiguar uma den\u00fancia sobre animal silvestre em cativeiro. Quando chegaram ao local, os policiais contataram o morador, que foi cientificado da situa\u00e7\u00e3o. Ele autorizou e acompanhou a vistoria.<\/p>\n<\/div>\n<div class=\"mc-column content-text active-extra-styles \" style=\"text-align: justify;\" data-block-type=\"unstyled\" data-block-weight=\"19\" data-block-id=\"4\">\n<p class=\"content-text__container \" data-track-category=\"Link no Texto\" data-track-links=\"\">Durante a a\u00e7\u00e3o, foi constatada a manuten\u00e7\u00e3o em cativeiro de 17 jabutis, sem a autoriza\u00e7\u00e3o do \u00f3rg\u00e3o competente.<\/p>\n<\/div>\n<div class=\"mc-column content-text active-extra-styles \" style=\"text-align: justify;\" data-block-type=\"unstyled\" data-block-weight=\"34\" data-block-id=\"5\">\n<p class=\"content-text__container \" data-track-category=\"Link no Texto\" data-track-links=\"\">Com os fatos, foi lavrado em desfavor do envolvido um Auto de Infra\u00e7\u00e3o Ambiental no valor de R$ 8,5 mil, com base no Artigo 25, Par\u00e1grafo 3\u00ba, inciso III da resolu\u00e7\u00e3o SMA 48\/2014.<\/p>\n<\/div>\n<div class=\"mc-column content-text active-extra-styles \" style=\"text-align: justify;\" data-block-type=\"unstyled\" data-block-weight=\"15\" data-block-id=\"6\">\n<p class=\"content-text__container \" data-track-category=\"Link no Texto\" data-track-links=\"\">Os animais foram apreendidos e encaminhados \u00e0 Associa\u00e7\u00e3o Protetora dos Animais Silvestres de Assis (Apass).<\/p>\n<\/div>\n<div class=\"row medium-uncollapsed content-media content-photo\" data-block-type=\"backstage-photo\" data-block-id=\"7\">\n<div class=\"mc-column content-media__container\">\n<figure style=\"text-align: justify;\"><img decoding=\"async\" class=\"i-amphtml-fill-content i-amphtml-replaced-content\" src=\"https:\/\/s2.glbimg.com\/8WU_jMefPD3e3O9S42qf5qWJh-Q=\/0x0:1280x960\/984x0\/smart\/filters:strip_icc()\/i.s3.glbimg.com\/v1\/AUTH_59edd422c0c84a879bd37670ae4f538a\/internal_photos\/bs\/2020\/K\/y\/Bs4zjESfmwZLRBz0MDjQ\/whatsapp-image-2020-07-29-at-21.15.57.jpeg\" sizes=\"(max-width: 1242px) 648px, 100vw\" srcset=\"https:\/\/s2.glbimg.com\/js6VCBaJ6oSKFi56xE356or-BtE=\/0x0:1280x960\/1000x0\/smart\/filters:strip_icc()\/i.s3.glbimg.com\/v1\/AUTH_59edd422c0c84a879bd37670ae4f538a\/internal_photos\/bs\/2020\/K\/y\/Bs4zjESfmwZLRBz0MDjQ\/whatsapp-image-2020-07-29-at-21.15.57.jpeg 1000w, https:\/\/s2.glbimg.com\/8WU_jMefPD3e3O9S42qf5qWJh-Q=\/0x0:1280x960\/984x0\/smart\/filters:strip_icc()\/i.s3.glbimg.com\/v1\/AUTH_59edd422c0c84a879bd37670ae4f538a\/internal_photos\/bs\/2020\/K\/y\/Bs4zjESfmwZLRBz0MDjQ\/whatsapp-image-2020-07-29-at-21.15.57.jpeg 984w, https:\/\/s2.glbimg.com\/3MlyBGEvCh7dAr6r_WmRROMI3qE=\/0x0:1280x960\/640x0\/smart\/filters:strip_icc()\/i.s3.glbimg.com\/v1\/AUTH_59edd422c0c84a879bd37670ae4f538a\/internal_photos\/bs\/2020\/K\/y\/Bs4zjESfmwZLRBz0MDjQ\/whatsapp-image-2020-07-29-at-21.15.57.jpeg 640w, https:\/\/s2.glbimg.com\/uc5dGdb0GEUql4QaHJREv6t8W9w=\/0x0:1280x960\/600x0\/smart\/filters:strip_icc()\/i.s3.glbimg.com\/v1\/AUTH_59edd422c0c84a879bd37670ae4f538a\/internal_photos\/bs\/2020\/K\/y\/Bs4zjESfmwZLRBz0MDjQ\/whatsapp-image-2020-07-29-at-21.15.57.jpeg 600w\" alt=\"Jabutis eram mantidos em cativeiro sem autoriza\u00e7\u00e3o \u2014 Foto: Pol\u00edcia Ambiental\" \/><\/figure>\n<p class=\"content-media__description \" style=\"text-align: justify;\">Jabutis eram mantidos em cativeiro sem autoriza\u00e7\u00e3o \u2014 Foto: Pol\u00edcia Ambiental<\/p>\n<p style=\"text-align: justify;\">Fonte: G1<\/p>\n<\/div>\n<\/div>\n<\/div>\n","protected":false},"excerpt":{"rendered":"<p>Animais eram mantidos em cativeiro sem autoriza\u00e7\u00e3o. Caso foi registrado em Presidente Epit\u00e1cio. A Pol\u00edcia Militar Ambiental apreendeu, nesta quarta-feira (29), 17 jabutis. Os animais eram mantidos em cativeiro sem autoriza\u00e7\u00e3o, o que rendeu a um homem uma multa de R$ 8,5 mil. O caso foi em\u00a0Presidente Epit\u00e1cio. A equipe foi averiguar uma den\u00fancia sobre [&hellip;]<\/p>\n","protected":false},"author":1,"featured_media":31781,"comment_status":"closed","ping_status":"open","sticky":false,"template":"","format":"standard","meta":{"footnotes":""},"categories":[176,110],"tags":[],"class_list":["post-31780","post","type-post","status-publish","format-standard","has-post-thumbnail","hentry","category-meioambienteeagricultura","category-noticiasdestaque"],"_links":{"self":[{"href":"https:\/\/jorgezanoni.com.br\/2019\/wp-json\/wp\/v2\/posts\/31780","targetHints":{"allow":["GET"]}}],"collection":[{"href":"https:\/\/jorgezanoni.com.br\/2019\/wp-json\/wp\/v2\/posts"}],"about":[{"href":"https:\/\/jorgezanoni.com.br\/2019\/wp-json\/wp\/v2\/types\/post"}],"author":[{"embeddable":true,"href":"https:\/\/jorgezanoni.com.br\/2019\/wp-json\/wp\/v2\/users\/1"}],"replies":[{"embeddable":true,"href":"https:\/\/jorgezanoni.com.br\/2019\/wp-json\/wp\/v2\/comments?post=31780"}],"version-history":[{"count":0,"href":"https:\/\/jorgezanoni.com.br\/2019\/wp-json\/wp\/v2\/posts\/31780\/revisions"}],"wp:featuredmedia":[{"embeddable":true,"href":"https:\/\/jorgezanoni.com.br\/2019\/wp-json\/wp\/v2\/media\/31781"}],"wp:attachment":[{"href":"https:\/\/jorgezanoni.com.br\/2019\/wp-json\/wp\/v2\/media?parent=31780"}],"wp:term":[{"taxonomy":"category","embeddable":true,"href":"https:\/\/jorgezanoni.com.br\/2019\/wp-json\/wp\/v2\/categories?post=31780"},{"taxonomy":"post_tag","embeddable":true,"href":"https:\/\/jorgezanoni.com.br\/2019\/wp-json\/wp\/v2\/tags?post=31780"}],"curies":[{"name":"wp","href":"https:\/\/api.w.org\/{rel}","templated":true}]}}