{"id":31777,"date":"2020-07-30T23:14:01","date_gmt":"2020-07-30T23:14:01","guid":{"rendered":"https:\/\/jorgezanoni.com.br\/2019\/?p=31777"},"modified":"2020-07-30T23:14:01","modified_gmt":"2020-07-30T23:14:01","slug":"tentativa-de-fuga-e-registrada-na-penitenciaria-2-de-presidente-venceslau","status":"publish","type":"post","link":"https:\/\/jorgezanoni.com.br\/2019\/tentativa-de-fuga-e-registrada-na-penitenciaria-2-de-presidente-venceslau\/","title":{"rendered":"Tentativa de fuga \u00e9 registrada na Penitenci\u00e1ria 2 de Presidente Venceslau"},"content":{"rendered":"<h2 class=\"content-head__subtitle\" style=\"text-align: justify;\"><strong>De acordo com a SAP, presos foram contidos antes de deixarem a cela.<\/strong><\/h2>\n<div class=\"mc-column content-text active-extra-styles \" data-block-type=\"unstyled\" data-block-weight=\"18\" data-block-id=\"2\">\n<p class=\"content-text__container \" style=\"text-align: justify;\" data-track-category=\"Link no Texto\" data-track-links=\"\">Uma tentativa de fuga foi registrada da Penitenci\u00e1ria 2 de\u00a0<a href=\"http:\/\/g1.globo.com\/sp\/presidente-prudente-regiao\/cidade\/presidente-venceslau.html\">Presidente Venceslau (SP)<\/a>, na manh\u00e3 desta quinta-feira (30).<\/p>\n<\/div>\n<div class=\"wall protected-content\">\n<div class=\"mc-column content-text active-extra-styles \" style=\"text-align: justify;\" data-block-type=\"unstyled\" data-block-weight=\"11\" data-block-id=\"3\">\n<p class=\"content-text__container \" data-track-category=\"Link no Texto\" data-track-links=\"\">Conforme a Pol\u00edcia Militar, tr\u00eas presos tentaram fugir da unidade.<\/p>\n<\/div>\n<div class=\"mc-column content-text active-extra-styles \" style=\"text-align: justify;\" data-block-type=\"unstyled\" data-block-weight=\"12\" data-block-id=\"4\">\n<p class=\"content-text__container \" data-track-category=\"Link no Texto\" data-track-links=\"\">Os detentos, no entanto, foram contidos antes de deixarem o pres\u00eddio.<\/p>\n<\/div>\n<div class=\"mc-column content-text active-extra-styles \" style=\"text-align: justify;\" data-block-type=\"unstyled\" data-block-weight=\"42\" data-block-id=\"5\">\n<p class=\"content-text__container \" data-track-category=\"Link no Texto\" data-track-links=\"\">Em nota ao\u00a0<strong>G1<\/strong>, a Secretaria da Administra\u00e7\u00e3o Penitenci\u00e1ria do Estado de S\u00e3o Paulo (SAP) informou que nesta quinta-feira (30), por volta das 8h, agentes de seguran\u00e7a penitenci\u00e1ria impediram a fuga de tr\u00eas presos da Penitenci\u00e1ria 2, em Presidente Venceslau.<\/p>\n<\/div>\n<div class=\"mc-column content-text active-extra-styles \" style=\"text-align: justify;\" data-block-type=\"unstyled\" data-block-weight=\"72\" data-block-id=\"6\">\n<p class=\"content-text__container \" data-track-category=\"Link no Texto\" data-track-links=\"\">\u201cOs reeducandos tentaram fugir da unidade serrando as grades da janela da cela que habitavam. Por\u00e9m, a tentativa n\u00e3o obteve \u00eaxito e eles nem conseguiram sair da cela, sendo surpreendidos pelos servidores. Os presos foram revistados e conduzidos \u00e0 cela disciplinar. A penitenci\u00e1ria realizou a contagem de toda a popula\u00e7\u00e3o carcer\u00e1ria e revista geral. Salientamos que n\u00e3o houve fugas na unidade esse ano, tampouco nos anos anteriores\u201d, detalhou a SAP ao\u00a0<strong>G1<\/strong>.<\/p>\n<\/div>\n<div class=\"mc-column content-text active-extra-styles \" data-block-type=\"unstyled\" data-block-weight=\"34\" data-block-id=\"7\">\n<p class=\"content-text__container \" style=\"text-align: justify;\" data-track-category=\"Link no Texto\" data-track-links=\"\">A unidade, que leva o nome de Maur\u00edcio Henrique Guimar\u00e3es Pereira, tem uma popula\u00e7\u00e3o de 770 presos, conforme dados desta quarta-feira (29) da SAP, enquanto a capacidade do pr\u00e9dio \u00e9 para 1.280 pessoas.<\/p>\n<p style=\"text-align: justify;\" data-track-category=\"Link no Texto\" data-track-links=\"\">Fonte: G1<\/p>\n<\/div>\n<\/div>\n","protected":false},"excerpt":{"rendered":"<p>De acordo com a SAP, presos foram contidos antes de deixarem a cela. Uma tentativa de fuga foi registrada da Penitenci\u00e1ria 2 de\u00a0Presidente Venceslau (SP), na manh\u00e3 desta quinta-feira (30). Conforme a Pol\u00edcia Militar, tr\u00eas presos tentaram fugir da unidade. Os detentos, no entanto, foram contidos antes de deixarem o pres\u00eddio. Em nota ao\u00a0G1, a [&hellip;]<\/p>\n","protected":false},"author":1,"featured_media":31778,"comment_status":"closed","ping_status":"open","sticky":false,"template":"","format":"standard","meta":{"footnotes":""},"categories":[110,2],"tags":[],"class_list":["post-31777","post","type-post","status-publish","format-standard","has-post-thumbnail","hentry","category-noticiasdestaque","category-policial"],"_links":{"self":[{"href":"https:\/\/jorgezanoni.com.br\/2019\/wp-json\/wp\/v2\/posts\/31777","targetHints":{"allow":["GET"]}}],"collection":[{"href":"https:\/\/jorgezanoni.com.br\/2019\/wp-json\/wp\/v2\/posts"}],"about":[{"href":"https:\/\/jorgezanoni.com.br\/2019\/wp-json\/wp\/v2\/types\/post"}],"author":[{"embeddable":true,"href":"https:\/\/jorgezanoni.com.br\/2019\/wp-json\/wp\/v2\/users\/1"}],"replies":[{"embeddable":true,"href":"https:\/\/jorgezanoni.com.br\/2019\/wp-json\/wp\/v2\/comments?post=31777"}],"version-history":[{"count":0,"href":"https:\/\/jorgezanoni.com.br\/2019\/wp-json\/wp\/v2\/posts\/31777\/revisions"}],"wp:featuredmedia":[{"embeddable":true,"href":"https:\/\/jorgezanoni.com.br\/2019\/wp-json\/wp\/v2\/media\/31778"}],"wp:attachment":[{"href":"https:\/\/jorgezanoni.com.br\/2019\/wp-json\/wp\/v2\/media?parent=31777"}],"wp:term":[{"taxonomy":"category","embeddable":true,"href":"https:\/\/jorgezanoni.com.br\/2019\/wp-json\/wp\/v2\/categories?post=31777"},{"taxonomy":"post_tag","embeddable":true,"href":"https:\/\/jorgezanoni.com.br\/2019\/wp-json\/wp\/v2\/tags?post=31777"}],"curies":[{"name":"wp","href":"https:\/\/api.w.org\/{rel}","templated":true}]}}