{"id":31738,"date":"2020-07-30T13:42:22","date_gmt":"2020-07-30T13:42:22","guid":{"rendered":"https:\/\/jorgezanoni.com.br\/2019\/?p=31738"},"modified":"2020-07-30T13:42:22","modified_gmt":"2020-07-30T13:42:22","slug":"terror-em-botucatu-bandidos-atacam-agencias-bancarias-e-trocam-tiros-com-a-pm","status":"publish","type":"post","link":"https:\/\/jorgezanoni.com.br\/2019\/terror-em-botucatu-bandidos-atacam-agencias-bancarias-e-trocam-tiros-com-a-pm\/","title":{"rendered":"Terror em Botucatu: bandidos atacam ag\u00eancias banc\u00e1rias e trocam tiros com a PM"},"content":{"rendered":"<h2 class=\"content-head__subtitle\" style=\"text-align: justify;\"><strong>Dezenas de criminosos participaram dos ataques. Moradores foram feitos ref\u00e9ns; dois policiais ficaram feridos e um suspeito morreu.<\/strong><\/h2>\n<div class=\"mc-column content-text active-extra-styles \" data-block-type=\"unstyled\" data-block-weight=\"43\" data-block-id=\"2\">\n<p class=\"content-text__container \" style=\"text-align: justify;\" data-track-category=\"Link no Texto\" data-track-links=\"\">Bandidos armados atacaram ag\u00eancias banc\u00e1rias em Botucatu (SP), a 235 quil\u00f4metros de SP, e levaram p\u00e2nico \u00e0 cidade no final da noite desta quarta-feira (29). Dois policiais ficaram feridos na troca de tiros com os criminosos, mas n\u00e3o correm risco de morrer.<\/p>\n<\/div>\n<div class=\"wall protected-content\">\n<div class=\"mc-column content-text active-extra-styles \" style=\"text-align: justify;\" data-block-type=\"unstyled\" data-block-weight=\"3\" data-block-id=\"3\">\n<p class=\"content-text__container \" data-track-category=\"Link no Texto\" data-track-links=\"\"><strong>Resumo do ocorrido:<\/strong><\/p>\n<\/div>\n<div class=\"mc-column content-text active-extra-styles\" style=\"text-align: justify;\" data-block-type=\"raw\" data-block-weight=\"113\" data-block-id=\"4\">\n<ul class=\"content-unordered-list\">\n<li>ataque foi em ag\u00eancias no centro de Botucatu &#8211; o n\u00famero ainda n\u00e3o foi confirmado porque a pol\u00edcia aguarda a per\u00edcia<\/li>\n<li>uma das ag\u00eancias foi destru\u00edda com explosivos; nas outras as dinamites n\u00e3o foram detonadas<\/li>\n<li>a\u00e7\u00e3o criminosa durou cerca de 3 horas madrugada adentro, com intensa troca de tiros<\/li>\n<li>quadrilha era formada por cerca de 40 criminosos<\/li>\n<li>por volta das 8h houve uma nova troca de tiros nos arredores da cidade<\/li>\n<li>dois PMs ficaram feridos no tiroteio de madrugada<\/li>\n<li>um suspeito foi baleado pela manh\u00e3 enquanto tentava fugir e morreu<\/li>\n<li>equipes da For\u00e7a T\u00e1tica, GOE e Rota fazem patrulhamento na regi\u00e3o para prender os criminosos<\/li>\n<li><a href=\"https:\/\/g1.globo.com\/sp\/bauru-marilia\/playlist\/videos-mostram-acao-de-bandidos-durante-ataque-a-agencias-bancarias-em-botucatu.ghtml\">veja os v\u00eddeos da a\u00e7\u00e3o criminosa em Botucatu<\/a><\/li>\n<\/ul>\n<\/div>\n<div class=\"row medium-uncollapsed content-media content-photo\" style=\"text-align: justify;\" data-block-type=\"backstage-photo\" data-block-id=\"5\">\n<div class=\"mc-column content-media__container\">\n<figure><img decoding=\"async\" class=\"i-amphtml-fill-content i-amphtml-replaced-content\" src=\"https:\/\/s2.glbimg.com\/nTD1hhqV4gQk0pxxL44lR9a1hnI=\/0x0:579x1280\/984x0\/smart\/filters:strip_icc()\/i.s3.glbimg.com\/v1\/AUTH_59edd422c0c84a879bd37670ae4f538a\/internal_photos\/bs\/2020\/A\/k\/JgNkCuQNax7VZ6UizvhQ\/whatsapp-image-2020-07-30-at-10.07.49.jpeg\" sizes=\"(max-width: 1242px) 648px, 100vw\" srcset=\"https:\/\/s2.glbimg.com\/HpV36LF41TrBt9PlW8lSpZsDLPk=\/0x0:579x1280\/1000x0\/smart\/filters:strip_icc()\/i.s3.glbimg.com\/v1\/AUTH_59edd422c0c84a879bd37670ae4f538a\/internal_photos\/bs\/2020\/A\/k\/JgNkCuQNax7VZ6UizvhQ\/whatsapp-image-2020-07-30-at-10.07.49.jpeg 1000w, https:\/\/s2.glbimg.com\/nTD1hhqV4gQk0pxxL44lR9a1hnI=\/0x0:579x1280\/984x0\/smart\/filters:strip_icc()\/i.s3.glbimg.com\/v1\/AUTH_59edd422c0c84a879bd37670ae4f538a\/internal_photos\/bs\/2020\/A\/k\/JgNkCuQNax7VZ6UizvhQ\/whatsapp-image-2020-07-30-at-10.07.49.jpeg 984w, https:\/\/s2.glbimg.com\/8i8biPpWfaJO5tg8QEs95eZOrfM=\/0x0:579x1280\/640x0\/smart\/filters:strip_icc()\/i.s3.glbimg.com\/v1\/AUTH_59edd422c0c84a879bd37670ae4f538a\/internal_photos\/bs\/2020\/A\/k\/JgNkCuQNax7VZ6UizvhQ\/whatsapp-image-2020-07-30-at-10.07.49.jpeg 640w, https:\/\/s2.glbimg.com\/efFvcvMQfYpVP3yRW3bmABVZMjE=\/0x0:579x1280\/600x0\/smart\/filters:strip_icc()\/i.s3.glbimg.com\/v1\/AUTH_59edd422c0c84a879bd37670ae4f538a\/internal_photos\/bs\/2020\/A\/k\/JgNkCuQNax7VZ6UizvhQ\/whatsapp-image-2020-07-30-at-10.07.49.jpeg 600w\" alt=\"Criminosos atacaram pelo menos tr\u00eas ag\u00eancias na Rua Amando de Barros, no centro de Botucatu  \u2014 Foto: Arte G1 \" \/><\/figure>\n<p class=\"content-media__description \">Criminosos atacaram pelo menos tr\u00eas ag\u00eancias na Rua Amando de Barros, no centro de Botucatu \u2014 Foto: Arte G1<\/p>\n<\/div>\n<\/div>\n<div class=\"mc-column content-text active-extra-styles \" style=\"text-align: justify;\" data-block-type=\"unstyled\" data-block-weight=\"17\" data-block-id=\"7\">\n<p class=\"content-text__container \" data-track-category=\"Link no Texto\" data-track-links=\"\">A a\u00e7\u00e3o come\u00e7ou por volta das 23h30, segundo informa\u00e7\u00f5es da pol\u00edcia, e durou mais de tr\u00eas horas.<\/p>\n<\/div>\n<div class=\"mc-column content-text active-extra-styles \" style=\"text-align: justify;\" data-block-type=\"unstyled\" data-block-weight=\"32\" data-block-id=\"8\">\n<p class=\"content-text__container \" data-track-category=\"Link no Texto\" data-track-links=\"\">Pela manh\u00e3, em um novo tiroteio entre policiais e criminosos nos arredores da cidade, um suspeito ficou ferido ap\u00f3s ser baleado enquanto tentava fugir. Ele foi socorrido,\u00a0<a href=\"https:\/\/g1.globo.com\/sp\/bauru-marilia\/noticia\/2020\/07\/30\/integrante-de-quadrilha-que-atacou-agencias-bancarias-em-botucatu-morre-baleado.ghtml\">mas chegou morto ao hospital.<\/a><\/p>\n<\/div>\n<div class=\"row medium-uncollapsed content-media content-photo\" style=\"text-align: justify;\" data-block-type=\"backstage-photo\" data-block-id=\"9\">\n<div class=\"column medium-22 large-20 medium-centered content-media__container\">\n<figure><img decoding=\"async\" class=\"i-amphtml-fill-content i-amphtml-replaced-content\" src=\"https:\/\/s2.glbimg.com\/a6zRjTYP4smmgCJ3U7qVatDYEmo=\/0x0:1615x1107\/1008x0\/smart\/filters:strip_icc()\/i.s3.glbimg.com\/v1\/AUTH_59edd422c0c84a879bd37670ae4f538a\/internal_photos\/bs\/2020\/Q\/5\/xb6kaaR7mqBzf4WgPuSg\/bo.jpg\" srcset=\"\" alt=\"Bandidos atacam ag\u00eancias banc\u00e1rias em Botucatu \u2014 Foto: Reprodu\u00e7\u00e3o\" \/><\/figure>\n<p class=\"content-media__description \">Bandidos atacam ag\u00eancias banc\u00e1rias em Botucatu \u2014 Foto: Reprodu\u00e7\u00e3o<\/p>\n<\/div>\n<\/div>\n<div class=\"mc-column content-text active-extra-styles \" style=\"text-align: justify;\" data-block-type=\"unstyled\" data-block-weight=\"35\" data-block-id=\"10\">\n<p class=\"content-text__container \" data-track-category=\"Link no Texto\" data-track-links=\"\">Pelo menos 40 criminosos mascarados, fortemente armados e com coletes \u00e0 prova de balas, participaram do ataque em Botucatu. V\u00e1rios moradores foram feitos ref\u00e9ns, mas n\u00e3o h\u00e1 informa\u00e7\u00f5es sobre feridos, al\u00e9m dos dois policiais militares.<\/p>\n<\/div>\n<div class=\"mc-column content-text active-extra-styles \" data-block-type=\"unstyled\" data-block-weight=\"35\" data-block-id=\"11\">\n<p class=\"content-text__container \" style=\"text-align: justify;\" data-track-category=\"Link no Texto\" data-track-links=\"\">Policiais do GOE (Grupo de Opera\u00e7\u00f5es Especiais) e da Rota foram acionados e est\u00e3o na cidade. Equipes da Pol\u00edcia Militar fazem patrulhamento pelas vias que d\u00e3o acesso ao munic\u00edpio, mas, por enquanto, ningu\u00e9m foi preso.<\/p>\n<div class=\"mc-column content-text active-extra-styles \" style=\"text-align: justify;\" data-block-type=\"unstyled\" data-block-weight=\"42\" data-block-id=\"14\">\n<p class=\"content-text__container \" data-track-category=\"Link no Texto\" data-track-links=\"\">Em uma a\u00e7\u00e3o coordenada, bandidos atacaram simultaneamente pelo menos tr\u00eas ag\u00eancias banc\u00e1rias na regi\u00e3o central. Os criminosos usaram explosivos para destruir uma das ag\u00eancias. Nas outras foram encontrados explosivos n\u00e3o detonados. Equipes do Gate v\u00e3o at\u00e9 a cidade para recolher as dinamites.<\/p>\n<\/div>\n<div class=\"mc-column content-text active-extra-styles \" data-block-type=\"unstyled\" data-block-weight=\"18\" data-block-id=\"15\">\n<p class=\"content-text__container \" style=\"text-align: justify;\" data-track-category=\"Link no Texto\" data-track-links=\"\">Em um v\u00eddeo registrado por moradores \u00e9 poss\u00edvel ver o fogo causado por uma das explos\u00f5es.<\/p>\n<div class=\"mc-column content-text active-extra-styles \" style=\"text-align: justify;\" data-block-type=\"unstyled\" data-block-weight=\"15\" data-block-id=\"17\">\n<p class=\"content-text__container \" data-track-category=\"Link no Texto\" data-track-links=\"\">Moradores relataram intenso tiroteio em v\u00e1rios pontos da cidade que durou mais de duas horas.<\/p>\n<\/div>\n<div class=\"mc-column content-text active-extra-styles \" style=\"text-align: justify;\" data-block-type=\"unstyled\" data-block-weight=\"30\" data-block-id=\"18\">\n<p class=\"content-text__container \" data-track-category=\"Link no Texto\" data-track-links=\"\">Os bandidos dispararam contra o batalh\u00e3o da PM e queimaram uma caminhonete na frente do pr\u00e9dio, para dificultar a sa\u00edda dos policiais. Na parede ficaram marcas dos tiros de fuzil.<\/p>\n<\/div>\n<div class=\"mc-column content-text active-extra-styles \" style=\"text-align: justify;\" data-block-type=\"unstyled\" data-block-weight=\"20\" data-block-id=\"19\">\n<p class=\"content-text__container \" data-track-category=\"Link no Texto\" data-track-links=\"\">A Secretaria de Seguran\u00e7a P\u00fablica informou que foram apreendidos fuzis, ve\u00edculos, dinheiro e muni\u00e7\u00f5es, que est\u00e3o sendo contabilizados e periciados.<\/p>\n<\/div>\n<div class=\"row medium-uncollapsed content-media content-photo\" style=\"text-align: justify;\" data-block-type=\"backstage-photo\" data-block-id=\"20\">\n<div class=\"mc-column content-media__container\">\n<figure><img decoding=\"async\" class=\"i-amphtml-fill-content i-amphtml-replaced-content\" src=\"https:\/\/s2.glbimg.com\/AqU6ELVGpaLBDYGGT_En7MCraK0=\/0x0:975x559\/984x0\/smart\/filters:strip_icc()\/i.s3.glbimg.com\/v1\/AUTH_59edd422c0c84a879bd37670ae4f538a\/internal_photos\/bs\/2020\/1\/A\/RbQshhSN2JGvv68E8irw\/whatsapp-image-2020-07-30-at-01.41.08.jpeg\" sizes=\"(max-width: 1242px) 648px, 100vw\" srcset=\"https:\/\/s2.glbimg.com\/CK5sPpfNukz10Bfv8yoUgPN29Nw=\/0x0:975x559\/1000x0\/smart\/filters:strip_icc()\/i.s3.glbimg.com\/v1\/AUTH_59edd422c0c84a879bd37670ae4f538a\/internal_photos\/bs\/2020\/1\/A\/RbQshhSN2JGvv68E8irw\/whatsapp-image-2020-07-30-at-01.41.08.jpeg 1000w, https:\/\/s2.glbimg.com\/AqU6ELVGpaLBDYGGT_En7MCraK0=\/0x0:975x559\/984x0\/smart\/filters:strip_icc()\/i.s3.glbimg.com\/v1\/AUTH_59edd422c0c84a879bd37670ae4f538a\/internal_photos\/bs\/2020\/1\/A\/RbQshhSN2JGvv68E8irw\/whatsapp-image-2020-07-30-at-01.41.08.jpeg 984w, https:\/\/s2.glbimg.com\/FpvzGyPgPKUv9prdWA65XIQZ648=\/0x0:975x559\/640x0\/smart\/filters:strip_icc()\/i.s3.glbimg.com\/v1\/AUTH_59edd422c0c84a879bd37670ae4f538a\/internal_photos\/bs\/2020\/1\/A\/RbQshhSN2JGvv68E8irw\/whatsapp-image-2020-07-30-at-01.41.08.jpeg 640w, https:\/\/s2.glbimg.com\/E7iYKlzYdaXZWWAj7JyDtdolpFI=\/0x0:975x559\/600x0\/smart\/filters:strip_icc()\/i.s3.glbimg.com\/v1\/AUTH_59edd422c0c84a879bd37670ae4f538a\/internal_photos\/bs\/2020\/1\/A\/RbQshhSN2JGvv68E8irw\/whatsapp-image-2020-07-30-at-01.41.08.jpeg 600w\" alt=\"Moradores foram feitos ref\u00e9ns pelos criminosos em Botucatu \u2014 Foto: Reprodu\u00e7\u00e3o\" \/><\/figure>\n<p class=\"content-media__description \">Moradores foram feitos ref\u00e9ns pelos criminosos em Botucatu \u2014 Foto: Reprodu\u00e7\u00e3o<\/p>\n<div class=\"mc-column content-text active-extra-styles \" data-block-type=\"unstyled\" data-block-weight=\"35\" data-block-id=\"22\">\n<p class=\"content-text__container \" data-track-category=\"Link no Texto\" data-track-links=\"\">Segundo informa\u00e7\u00f5es da concession\u00e1ria que administra as rodovias da regi\u00e3o, cinco ve\u00edculos foram incendiados pelos criminosos. Um deles foi uma carreta, na altura do quil\u00f4metro 264 da rodovia Marechal Rondon, sentido S\u00e3o Manuel.\u00a0<strong><em>(Veja abaixo)<\/em><\/strong><\/p>\n<\/div>\n<div class=\"row medium-uncollapsed content-media content-photo\" data-block-type=\"backstage-photo\" data-block-id=\"23\">\n<div class=\"mc-column content-media__container\">\n<figure><img decoding=\"async\" class=\"i-amphtml-fill-content i-amphtml-replaced-content\" src=\"https:\/\/s2.glbimg.com\/BBbg_M9PTgoO6FjdE3khGBE90MM=\/0x153:1280x804\/984x0\/smart\/filters:strip_icc()\/i.s3.glbimg.com\/v1\/AUTH_59edd422c0c84a879bd37670ae4f538a\/internal_photos\/bs\/2020\/Z\/Q\/jTnCnQRWGuEfDnM30DLw\/whatsapp-image-2020-07-30-at-01.31.29.jpeg\" sizes=\"(max-width: 1242px) 648px, 100vw\" srcset=\"https:\/\/s2.glbimg.com\/XNxK6nCtgdCpFjKTk-L2Ptk35eQ=\/0x153:1280x804\/1000x0\/smart\/filters:strip_icc()\/i.s3.glbimg.com\/v1\/AUTH_59edd422c0c84a879bd37670ae4f538a\/internal_photos\/bs\/2020\/Z\/Q\/jTnCnQRWGuEfDnM30DLw\/whatsapp-image-2020-07-30-at-01.31.29.jpeg 1000w, https:\/\/s2.glbimg.com\/BBbg_M9PTgoO6FjdE3khGBE90MM=\/0x153:1280x804\/984x0\/smart\/filters:strip_icc()\/i.s3.glbimg.com\/v1\/AUTH_59edd422c0c84a879bd37670ae4f538a\/internal_photos\/bs\/2020\/Z\/Q\/jTnCnQRWGuEfDnM30DLw\/whatsapp-image-2020-07-30-at-01.31.29.jpeg 984w, https:\/\/s2.glbimg.com\/6Ujj2fs5dbor9C9Y5YjSjFXUbgY=\/0x153:1280x804\/640x0\/smart\/filters:strip_icc()\/i.s3.glbimg.com\/v1\/AUTH_59edd422c0c84a879bd37670ae4f538a\/internal_photos\/bs\/2020\/Z\/Q\/jTnCnQRWGuEfDnM30DLw\/whatsapp-image-2020-07-30-at-01.31.29.jpeg 640w, https:\/\/s2.glbimg.com\/8Fb22fJT8R6TRcLDbmUftxnEj4s=\/0x153:1280x804\/600x0\/smart\/filters:strip_icc()\/i.s3.glbimg.com\/v1\/AUTH_59edd422c0c84a879bd37670ae4f538a\/internal_photos\/bs\/2020\/Z\/Q\/jTnCnQRWGuEfDnM30DLw\/whatsapp-image-2020-07-30-at-01.31.29.jpeg 600w\" alt=\"Imagem de inc\u00eandio provocado por criminosos em Botucatu \u2014 Foto: Arquivo pessoal\" \/><\/figure>\n<p class=\"content-media__description \">Imagem de inc\u00eandio provocado por criminosos em Botucatu \u2014 Foto: Arquivo pessoal<\/p>\n<\/div>\n<\/div>\n<div class=\"mc-column content-text active-extra-styles \" data-block-type=\"unstyled\" data-block-weight=\"29\" data-block-id=\"24\">\n<p class=\"content-text__container \" data-track-category=\"Link no Texto\" data-track-links=\"\">Outro caminh\u00e3o tamb\u00e9m foi incendiado na Rondon. J\u00e1 na rodovia Jo\u00e3o Hip\u00f3lito Mattos (Castelinho), os bandidos incendiaram tr\u00eas carros. Nenhum motorista ficou ferido e as rodovias j\u00e1 est\u00e3o liberadas.<\/p>\n<div class=\"mc-column content-text active-extra-styles \" data-block-type=\"unstyled\" data-block-weight=\"29\" data-block-id=\"26\">\n<p class=\"content-text__container \" data-track-category=\"Link no Texto\" data-track-links=\"\">A a\u00e7\u00e3o criminosa em Botucatu fez a cidade, de pouco mais de 115 mil habitantes, ser um dos assuntos mais comentados no Twitter na madrugada desta quinta-feira (30).<\/p>\n<\/div>\n<div class=\"mc-column content-text active-extra-styles \" data-block-type=\"unstyled\" data-block-weight=\"19\" data-block-id=\"27\">\n<p class=\"content-text__container \" data-track-category=\"Link no Texto\" data-track-links=\"\">A p\u00e1gina da Prefeitura de Botucatu no Facebook publicou um comunicado orientando que moradores fiquem trancados em suas casas.<\/p>\n<\/div>\n<div class=\"mc-column content-text active-extra-styles \" data-block-type=\"unstyled\" data-block-weight=\"45\" data-block-id=\"29\">\n<p class=\"content-text__container \" data-track-category=\"Link no Texto\" data-track-links=\"\">&#8220;A Prefeitura de Botucatu solicita a todos os mun\u00edcipes que durante esta madrugada permane\u00e7am em suas casas e n\u00e3o procurem poss\u00edveis pontos danificados pela cidade, para que isso n\u00e3o coloque em risco a seguran\u00e7a de todos e n\u00e3o interfira no trabalho das for\u00e7as de seguran\u00e7a.&#8221;<\/p>\n<\/div>\n<div class=\"mc-column content-text active-extra-styles\" data-block-type=\"raw\" data-block-weight=\"2\" data-block-id=\"30\">\n<div class=\"content-intertitle\">\n<h2>A\u00e7\u00e3o semelhante<\/h2>\n<\/div>\n<\/div>\n<div class=\"mc-column content-text active-extra-styles \" data-block-type=\"unstyled\" data-block-weight=\"30\" data-block-id=\"31\">\n<p class=\"content-text__container \" data-track-category=\"Link no Texto\" data-track-links=\"\">O ataque a ag\u00eancias banc\u00e1rias de Botucatu (SP) n\u00e3o \u00e9 novidade na cidade. H\u00e1 apenas sete meses uma a\u00e7\u00e3o parecida, mas em menor propor\u00e7\u00e3o, tamb\u00e9m tirou o sono dos moradores.<\/p>\n<\/div>\n<div class=\"mc-column content-text active-extra-styles \" data-block-type=\"unstyled\" data-block-weight=\"37\" data-block-id=\"32\">\n<p class=\"content-text__container \" data-track-category=\"Link no Texto\" data-track-links=\"\">Em 11 de dezembro do ano passado uma\u00a0<a href=\"https:\/\/g1.globo.com\/sp\/bauru-marilia\/noticia\/2019\/12\/11\/ladroes-armados-atacam-agencia-bancaria-em-botucatu.ghtml\">quadrilha fortemente armada assaltou uma ag\u00eancia da Caixa Econ\u00f4mica federal<\/a>. Assim como na a\u00e7\u00e3o desta quarta, os criminosos tamb\u00e9m chegaram durante a madrugada e dispararam v\u00e1rios tiros pela cidade.<\/p>\n<\/div>\n<div class=\"mc-column content-text active-extra-styles \" data-block-type=\"unstyled\" data-block-weight=\"12\" data-block-id=\"33\">\n<p class=\"content-text__container \" data-track-category=\"Link no Texto\" data-track-links=\"\">Neste ano j\u00e1 foram registrados\u00a0<a href=\"https:\/\/g1.globo.com\/sp\/bauru-marilia\/noticia\/2020\/07\/30\/botucatu-teve-acao-semelhante-de-quadrilha-ha-sete-meses.ghtml\">ataques deste tipo em Avanhandava e Ourinhos<\/a>.<\/p>\n<p data-track-category=\"Link no Texto\" data-track-links=\"\">Fonte: https:\/\/g1.globo.com\/sp\/bauru-marilia\/noticia\/2020\/07\/30\/terror-em-botucatu-bandidos-atacam-agencias-bancarias-e-trocam-tiros-com-a-pm.ghtml<\/p>\n<\/div>\n<\/div>\n<\/div>\n<\/div>\n<div class=\"mc-column content-text active-extra-styles \" data-block-type=\"unstyled\" data-block-weight=\"35\" data-block-id=\"22\">\n<p data-track-category=\"Link no Texto\" data-track-links=\"\">\n<\/div>\n<\/div>\n<\/div>\n<\/div>\n","protected":false},"excerpt":{"rendered":"<p>Dezenas de criminosos participaram dos ataques. Moradores foram feitos ref\u00e9ns; dois policiais ficaram feridos e um suspeito morreu. Bandidos armados atacaram ag\u00eancias banc\u00e1rias em Botucatu (SP), a 235 quil\u00f4metros de SP, e levaram p\u00e2nico \u00e0 cidade no final da noite desta quarta-feira (29). Dois policiais ficaram feridos na troca de tiros com os criminosos, mas [&hellip;]<\/p>\n","protected":false},"author":1,"featured_media":31739,"comment_status":"closed","ping_status":"open","sticky":false,"template":"","format":"standard","meta":{"footnotes":""},"categories":[110,2],"tags":[],"class_list":["post-31738","post","type-post","status-publish","format-standard","has-post-thumbnail","hentry","category-noticiasdestaque","category-policial"],"_links":{"self":[{"href":"https:\/\/jorgezanoni.com.br\/2019\/wp-json\/wp\/v2\/posts\/31738","targetHints":{"allow":["GET"]}}],"collection":[{"href":"https:\/\/jorgezanoni.com.br\/2019\/wp-json\/wp\/v2\/posts"}],"about":[{"href":"https:\/\/jorgezanoni.com.br\/2019\/wp-json\/wp\/v2\/types\/post"}],"author":[{"embeddable":true,"href":"https:\/\/jorgezanoni.com.br\/2019\/wp-json\/wp\/v2\/users\/1"}],"replies":[{"embeddable":true,"href":"https:\/\/jorgezanoni.com.br\/2019\/wp-json\/wp\/v2\/comments?post=31738"}],"version-history":[{"count":0,"href":"https:\/\/jorgezanoni.com.br\/2019\/wp-json\/wp\/v2\/posts\/31738\/revisions"}],"wp:featuredmedia":[{"embeddable":true,"href":"https:\/\/jorgezanoni.com.br\/2019\/wp-json\/wp\/v2\/media\/31739"}],"wp:attachment":[{"href":"https:\/\/jorgezanoni.com.br\/2019\/wp-json\/wp\/v2\/media?parent=31738"}],"wp:term":[{"taxonomy":"category","embeddable":true,"href":"https:\/\/jorgezanoni.com.br\/2019\/wp-json\/wp\/v2\/categories?post=31738"},{"taxonomy":"post_tag","embeddable":true,"href":"https:\/\/jorgezanoni.com.br\/2019\/wp-json\/wp\/v2\/tags?post=31738"}],"curies":[{"name":"wp","href":"https:\/\/api.w.org\/{rel}","templated":true}]}}