{"id":3173,"date":"2019-08-08T12:18:45","date_gmt":"2019-08-08T12:18:45","guid":{"rendered":"https:\/\/jorgezanoni.com.br\/2019\/?p=3173"},"modified":"2019-08-08T12:18:45","modified_gmt":"2019-08-08T12:18:45","slug":"stf-suspende-transferencia-para-presidio-paulista-e-decide-manter-lula-preso-em-curitiba","status":"publish","type":"post","link":"https:\/\/jorgezanoni.com.br\/2019\/stf-suspende-transferencia-para-presidio-paulista-e-decide-manter-lula-preso-em-curitiba\/","title":{"rendered":"STF suspende transfer\u00eancia para pres\u00eddio paulista e decide manter Lula preso em Curitiba"},"content":{"rendered":"<h2 class=\"content-head__subtitle\" style=\"text-align: justify;\"><strong>Ao analisar nesta quarta (7) pedido da defesa do ex-presidente em car\u00e1ter de urg\u00eancia, 10 dos 11 ministros do Supremo concordaram em manter ex-presidente na sede da PF no Paran\u00e1.<\/strong><\/h2>\n<div class=\"mc-column content-text active-extra-styles \" data-block-type=\"unstyled\" data-block-weight=\"54\" data-block-id=\"2\">\n<p class=\"content-text__container \" style=\"text-align: justify;\" data-track-category=\"Link no Texto\" data-track-links=\"\">O\u00a0<a href=\"https:\/\/g1.globo.com\/tudo-sobre\/supremo-tribunal-federal\/\">Supremo Tribunal Federal (STF)<\/a>\u00a0suspendeu nesta quarta-feira (7), por 10 votos a 1, a transfer\u00eancia do ex-presidente\u00a0<a href=\"https:\/\/g1.globo.com\/politica\/politico\/lula\/\">Luiz In\u00e1cio Lula da Silva<\/a>\u00a0para o pres\u00eddio de Trememb\u00e9, no interior de S\u00e3o Paulo, e decidiu mant\u00ea-lo preso na Superintend\u00eancia da Pol\u00edcia Federal em Curitiba. O \u00fanico voto contr\u00e1rio foi do ministro Marco Aur\u00e9lio Mello.<\/p>\n<\/div>\n<div class=\"wall protected-content\">\n<div class=\"mc-column content-text active-extra-styles \" style=\"text-align: justify;\" data-block-type=\"unstyled\" data-block-weight=\"62\" data-block-id=\"3\">\n<p class=\"content-text__container \" data-track-category=\"Link no Texto\" data-track-links=\"\">O\u00a0<a href=\"https:\/\/g1.globo.com\/pr\/parana\/noticia\/2019\/08\/07\/defesa-defendeu-que-ex-presidente-lula-ficasse-em-sala-de-estado-maior.ghtml\">caso foi levado ao Supremo pela defesa de Lula<\/a>\u00a0depois de o juiz Paulo Eduardo de Almeida Sorci, da Justi\u00e7a estadual de S\u00e3o Paulo, ter\u00a0<a href=\"https:\/\/g1.globo.com\/sp\/sao-paulo\/noticia\/2019\/08\/07\/juiz-determina-que-lula-seja-transferido-para-presidio-em-tremembe-no-interior-de-sp.ghtml\">decidido mais cedo que o ex-presidente cumpriria pena em Trememb\u00e9<\/a>. Essa decis\u00e3o foi tomada horas depois de a ju\u00edza federal do Paran\u00e1 Carolina Lebbos emitir\u00a0<a href=\"https:\/\/g1.globo.com\/pr\/parana\/noticia\/2019\/08\/07\/justica-autoriza-transferencia-de-lula-para-sao-paulo.ghtml\">ordem de transfer\u00eancia de Lula de Curitiba para um pres\u00eddio paulista<\/a>.<\/p>\n<\/div>\n<div class=\"mc-column content-text active-extra-styles \" style=\"text-align: justify;\" data-block-type=\"unstyled\" data-block-weight=\"58\" data-block-id=\"4\">\n<p class=\"content-text__container \" data-track-category=\"Link no Texto\" data-track-links=\"\">Ap\u00f3s\u00a0<a href=\"https:\/\/g1.globo.com\/politica\/noticia\/2019\/08\/07\/defesa-de-lula-entra-com-novo-pedido-de-liberdade-no-supremo.ghtml\">receber no Supremo parlamentares<\/a>\u00a0que protestavam contra a transfer\u00eancia, o presidente do STF, ministro Dias Toffoli, decidiu em car\u00e1ter de urg\u00eancia submeter o recurso de Lula ao plen\u00e1rio do tribunal enquanto ainda transcorria a sess\u00e3o desta quarta \u2013 at\u00e9 aquele momento, os ministros julgavam uma a\u00e7\u00e3o que questiona trechos do Estatuto da Crian\u00e7a e do Adolescente (ECA).<\/p>\n<\/div>\n<div class=\"mc-column content-text active-extra-styles \" data-block-type=\"unstyled\" data-block-weight=\"71\" data-block-id=\"5\">\n<p class=\"content-text__container \" style=\"text-align: justify;\" data-track-category=\"Link no Texto\" data-track-links=\"\">Em menos de meia hora, os ministros decidiram manter o ex-presidente em Curitiba at\u00e9 que a Segunda Turma do STF\u00a0<a href=\"https:\/\/g1.globo.com\/politica\/noticia\/2019\/06\/25\/segunda-turma-do-stf-decide-manter-lula-preso-enquanto-nao-analisar-suspeicao-de-moro.ghtml\">conclua o julgamento<\/a>\u00a0de um\u00a0<a href=\"https:\/\/g1.globo.com\/politica\/operacao-lava-jato\/noticia\/2018\/11\/05\/defesa-apresenta-ao-stf-novo-pedido-para-soltar-lula-apos-escolha-de-moro-por-bolsonaro.ghtml\">pedido de suspei\u00e7\u00e3o<\/a>\u00a0do ex-juiz e atual ministro da Justi\u00e7a, S\u00e9rgio Moro, na condu\u00e7\u00e3o do processo do triplex de Guaruj\u00e1 (SP), no qual\u00a0<a href=\"https:\/\/g1.globo.com\/politica\/noticia\/entenda-a-condenacao-de-lula-no-caso-do-triplex.ghtml\">Lula foi condenado<\/a>. Na a\u00e7\u00e3o, a defesa aponta parcialidade do ex-juiz no julgamento e, em raz\u00e3o disso, pede que o ex-presidente seja libertado.<\/p>\n<div class=\"mc-column content-text active-extra-styles\" style=\"text-align: justify;\" data-block-type=\"raw\" data-block-weight=\"2\" data-block-id=\"8\">\n<div class=\"content-intertitle\">\n<h2>O julgamento<\/h2>\n<\/div>\n<\/div>\n<div class=\"mc-column content-text active-extra-styles \" style=\"text-align: justify;\" data-block-type=\"unstyled\" data-block-weight=\"50\" data-block-id=\"9\">\n<p class=\"content-text__container \" data-track-category=\"Link no Texto\" data-track-links=\"\">Relator da Lava Jato no STF, o ministro Edson Fachin foi o primeiro a votar sobre o pedido da defesa de Lula. Ele se posicionou a favor da suspens\u00e3o da decis\u00e3o da ju\u00edza do Paran\u00e1 e da manuten\u00e7\u00e3o do petista em uma cela especial no Paran\u00e1 ou em S\u00e3o Paulo.<\/p>\n<\/div>\n<div class=\"mc-column content-text active-extra-styles \" style=\"text-align: justify;\" data-block-type=\"unstyled\" data-block-weight=\"36\" data-block-id=\"10\">\n<p class=\"content-text__container \" data-track-category=\"Link no Texto\" data-track-links=\"\">Fachin rejeitou a parte do pedido da defesa que solicitava que o ex-presidente fosse colocado em liberdade at\u00e9 at\u00e9 a conclus\u00e3o da an\u00e1lise do habeas corpus. O voto de Fachin foi acompanhado por outros nove ministros.<\/p>\n<\/div>\n<div class=\"mc-column content-text active-extra-styles \" style=\"text-align: justify;\" data-block-type=\"unstyled\" data-block-weight=\"54\" data-block-id=\"11\">\n<p class=\"content-text__container \" data-track-category=\"Link no Texto\" data-track-links=\"\">Ao se manifestar sobre o caso no plen\u00e1rio do STF, a procuradora-geral da Rep\u00fablica, Raquel Dodge, defendeu que Lula n\u00e3o fosse transferido para um pres\u00eddio comum. A chefe do Minist\u00e9rio P\u00fablico se manifestou a favor de o petista continuar preso na superintend\u00eancia da PF em Curitiba ou em uma cela especial em S\u00e3o Paulo.<\/p>\n<\/div>\n<div class=\"mc-column content-text active-extra-styles \" style=\"text-align: justify;\" data-block-type=\"unstyled\" data-block-weight=\"46\" data-block-id=\"12\">\n<p class=\"content-text__container \" data-track-category=\"Link no Texto\" data-track-links=\"\">\u00danico ministro a votar contra a recomenda\u00e7\u00e3o de Fachin, Marco Aur\u00e9lio Mello argumentou que a decis\u00e3o de manter Lula em uma cela especial n\u00e3o caberia ao plen\u00e1rio do Supremo, e sim \u00e0 Segunda Turma do tribunal, colegiado composto por 5 dos 11 magistrados da Corte.<\/p>\n<\/div>\n<div class=\"mc-column content-text active-extra-styles \" style=\"text-align: justify;\" data-block-type=\"unstyled\" data-block-weight=\"15\" data-block-id=\"13\">\n<p class=\"content-text__container \" data-track-category=\"Link no Texto\" data-track-links=\"\">O ministro questionou se \u00e9 poss\u00edvel ao tribunal endossar a &#8220;queima de etapas&#8221;.<\/p>\n<\/div>\n<div class=\"mc-column content-text active-extra-styles \" style=\"text-align: justify;\" data-block-type=\"unstyled\" data-block-weight=\"35\" data-block-id=\"15\">\n<p class=\"content-text__container \" data-track-category=\"Link no Texto\" data-track-links=\"\">&#8220;N\u00e3o posso conceber que este tribunal endosse a queima de etapas, por pior que seja o objetivo. N\u00f3s aprendemos desde sempre que, no direito, o meio justifica o fim, n\u00e3o o fim justifica o meio.&#8221;<\/p>\n<\/div>\n<div class=\"mc-column content-text active-extra-styles \" data-block-type=\"unstyled\" data-block-weight=\"25\" data-block-id=\"16\">\n<p class=\"content-text__container \" style=\"text-align: justify;\" data-track-category=\"Link no Texto\" data-track-links=\"\">Para ele, a defesa deveria ter recorrido ao Tribunal Regional Federal da 4\u00aa Regi\u00e3o,\u00a0<a href=\"https:\/\/g1.globo.com\/politica\/noticia\/julgamento-recurso-de-lula-no-trf-4-decisao-desembargadores-da-8-turma.ghtml\">tribunal de segunda inst\u00e2ncia que confirmou a condena\u00e7\u00e3o <\/a>de Lula.<\/p>\n<div class=\"mc-column content-text active-extra-styles\" style=\"text-align: justify;\" data-block-type=\"raw\" data-block-weight=\"3\" data-block-id=\"18\">\n<div class=\"content-intertitle\">\n<h2>Advogado de Lula<\/h2>\n<\/div>\n<\/div>\n<div class=\"mc-column content-text active-extra-styles \" style=\"text-align: justify;\" data-block-type=\"unstyled\" data-block-weight=\"28\" data-block-id=\"19\">\n<p class=\"content-text__container \" data-track-category=\"Link no Texto\" data-track-links=\"\">Ap\u00f3s o julgamento no Supremo, o advogado Cristiano Zanin, defensor de Lula, afirmou o tribunal evitou uma \u201cviol\u00eancia jur\u00eddica\u201d contra o ex-presidente Luiz In\u00e1cio Lula da Silva.<\/p>\n<\/div>\n<div class=\"mc-column content-text active-extra-styles \" style=\"text-align: justify;\" data-block-type=\"unstyled\" data-block-weight=\"36\" data-block-id=\"20\">\n<p class=\"content-text__container \" data-track-category=\"Link no Texto\" data-track-links=\"\">&#8220;Ao longo do processo foram cometidas in\u00fameras ilegalidades e arbitrariedades contra o ex-presidente Lula. E essa [a ordem de transfer\u00eancia para S\u00e3o Paulo] foi mais uma. Felizmente, o Supremo impediu que ocorresse essa viol\u00eancia jur\u00eddica\u201d, afirmou.<\/p>\n<\/div>\n<div class=\"mc-column content-text active-extra-styles \" data-block-type=\"unstyled\" data-block-weight=\"18\" data-block-id=\"21\">\n<p class=\"content-text__container \" style=\"text-align: justify;\" data-track-category=\"Link no Texto\" data-track-links=\"\">Para o advogado, havia uma inten\u00e7\u00e3o de colocar o ex-presidente em \u201cuma situa\u00e7\u00e3o de vulnerabilidade jur\u00eddica e pessoal\u201d.<\/p>\n<p style=\"text-align: justify;\" data-track-category=\"Link no Texto\" data-track-links=\"\">Fonte: https:\/\/g1.globo.com\/politica\/noticia\/2019\/08\/07\/maioria-do-stf-nega-transferencia-de-lula-para-presidio-de-tremembe.ghtml<\/p>\n<\/div>\n<\/div>\n<\/div>\n<\/div>\n","protected":false},"excerpt":{"rendered":"<p>Ao analisar nesta quarta (7) pedido da defesa do ex-presidente em car\u00e1ter de urg\u00eancia, 10 dos 11 ministros do Supremo concordaram em manter ex-presidente na sede da PF no Paran\u00e1. O\u00a0Supremo Tribunal Federal (STF)\u00a0suspendeu nesta quarta-feira (7), por 10 votos a 1, a transfer\u00eancia do ex-presidente\u00a0Luiz In\u00e1cio Lula da Silva\u00a0para o pres\u00eddio de Trememb\u00e9, no [&hellip;]<\/p>\n","protected":false},"author":1,"featured_media":3174,"comment_status":"closed","ping_status":"open","sticky":false,"template":"","format":"standard","meta":{"footnotes":""},"categories":[120,110],"tags":[],"class_list":["post-3173","post","type-post","status-publish","format-standard","has-post-thumbnail","hentry","category-justicahabitacaotecnologia","category-noticiasdestaque"],"_links":{"self":[{"href":"https:\/\/jorgezanoni.com.br\/2019\/wp-json\/wp\/v2\/posts\/3173","targetHints":{"allow":["GET"]}}],"collection":[{"href":"https:\/\/jorgezanoni.com.br\/2019\/wp-json\/wp\/v2\/posts"}],"about":[{"href":"https:\/\/jorgezanoni.com.br\/2019\/wp-json\/wp\/v2\/types\/post"}],"author":[{"embeddable":true,"href":"https:\/\/jorgezanoni.com.br\/2019\/wp-json\/wp\/v2\/users\/1"}],"replies":[{"embeddable":true,"href":"https:\/\/jorgezanoni.com.br\/2019\/wp-json\/wp\/v2\/comments?post=3173"}],"version-history":[{"count":0,"href":"https:\/\/jorgezanoni.com.br\/2019\/wp-json\/wp\/v2\/posts\/3173\/revisions"}],"wp:featuredmedia":[{"embeddable":true,"href":"https:\/\/jorgezanoni.com.br\/2019\/wp-json\/wp\/v2\/media\/3174"}],"wp:attachment":[{"href":"https:\/\/jorgezanoni.com.br\/2019\/wp-json\/wp\/v2\/media?parent=3173"}],"wp:term":[{"taxonomy":"category","embeddable":true,"href":"https:\/\/jorgezanoni.com.br\/2019\/wp-json\/wp\/v2\/categories?post=3173"},{"taxonomy":"post_tag","embeddable":true,"href":"https:\/\/jorgezanoni.com.br\/2019\/wp-json\/wp\/v2\/tags?post=3173"}],"curies":[{"name":"wp","href":"https:\/\/api.w.org\/{rel}","templated":true}]}}