{"id":31716,"date":"2020-07-30T01:20:11","date_gmt":"2020-07-30T01:20:11","guid":{"rendered":"https:\/\/jorgezanoni.com.br\/2019\/?p=31716"},"modified":"2020-07-30T01:20:55","modified_gmt":"2020-07-30T01:20:55","slug":"31716","status":"publish","type":"post","link":"https:\/\/jorgezanoni.com.br\/2019\/31716\/","title":{"rendered":"Moradora de Dracena faleceu com Covid-19 na cidade de Tr\u00eas Lagoas\/MS."},"content":{"rendered":"<p style=\"text-align: justify;\"><strong>Uma moradora de Dracena faleceu aos 74 anos na cidade de Tr\u00eas Lagoas v\u00edtima de Covid-19.<\/strong><\/p>\n<p style=\"text-align: justify;\">Segundo informa\u00e7\u00f5es da Secretaria Municipal de Sa\u00fade de Tr\u00eas Lagoas, a idosa era diab\u00e9tica e tinha problema renal cr\u00f4nico. Por op\u00e7\u00e3o da fam\u00edlia, ela estava internada no Hospital Auxiliadora daquela cidade desde o dia 23 de julho.<\/p>\n<div class=\"text_exposed_show\">\n<p style=\"text-align: justify;\">O \u00f3bito foi registrado no s\u00e1bado (25), e o exame PCR realizado na paciente ficou pronto hoje (29) pela manh\u00e3, momento este que a Vigil\u00e2ncia Epidemiol\u00f3gica de Dracena foi avisada oficialmente pelas autoridades de sa\u00fade de Tr\u00eas Lagoas, portanto, este \u00e9 o sexto \u00f3bito de moradores de Dracena por Covid-19.<\/p>\n<p style=\"text-align: justify;\">O marido da v\u00edtima tamb\u00e9m est\u00e1 em Tr\u00eas Lagoas, apresentou os sintomas, \u00e9 considerado suspeito e est\u00e1 sendo assistido pela Secretaria de Sa\u00fade local.<\/p>\n<p style=\"text-align: justify;\">A Prefeitura de Dracena lamenta o ocorrido e externa solidariedade aos familiares e amigos da v\u00edtima.<\/p>\n<p style=\"text-align: justify;\">Fonte: https:\/\/www.facebook.com\/prefeituradracena\/<\/p>\n<\/div>\n","protected":false},"excerpt":{"rendered":"<p>Uma moradora de Dracena faleceu aos 74 anos na cidade de Tr\u00eas Lagoas v\u00edtima de Covid-19. Segundo informa\u00e7\u00f5es da Secretaria Municipal de Sa\u00fade de Tr\u00eas Lagoas, a idosa era diab\u00e9tica e tinha problema renal cr\u00f4nico. Por op\u00e7\u00e3o da fam\u00edlia, ela estava internada no Hospital Auxiliadora daquela cidade desde o dia 23 de julho. O \u00f3bito [&hellip;]<\/p>\n","protected":false},"author":1,"featured_media":31717,"comment_status":"closed","ping_status":"open","sticky":false,"template":"","format":"standard","meta":{"footnotes":""},"categories":[179,184,110],"tags":[],"class_list":["post-31716","post","type-post","status-publish","format-standard","has-post-thumbnail","hentry","category-cidadeseregiao","category-dracena","category-noticiasdestaque"],"_links":{"self":[{"href":"https:\/\/jorgezanoni.com.br\/2019\/wp-json\/wp\/v2\/posts\/31716","targetHints":{"allow":["GET"]}}],"collection":[{"href":"https:\/\/jorgezanoni.com.br\/2019\/wp-json\/wp\/v2\/posts"}],"about":[{"href":"https:\/\/jorgezanoni.com.br\/2019\/wp-json\/wp\/v2\/types\/post"}],"author":[{"embeddable":true,"href":"https:\/\/jorgezanoni.com.br\/2019\/wp-json\/wp\/v2\/users\/1"}],"replies":[{"embeddable":true,"href":"https:\/\/jorgezanoni.com.br\/2019\/wp-json\/wp\/v2\/comments?post=31716"}],"version-history":[{"count":0,"href":"https:\/\/jorgezanoni.com.br\/2019\/wp-json\/wp\/v2\/posts\/31716\/revisions"}],"wp:featuredmedia":[{"embeddable":true,"href":"https:\/\/jorgezanoni.com.br\/2019\/wp-json\/wp\/v2\/media\/31717"}],"wp:attachment":[{"href":"https:\/\/jorgezanoni.com.br\/2019\/wp-json\/wp\/v2\/media?parent=31716"}],"wp:term":[{"taxonomy":"category","embeddable":true,"href":"https:\/\/jorgezanoni.com.br\/2019\/wp-json\/wp\/v2\/categories?post=31716"},{"taxonomy":"post_tag","embeddable":true,"href":"https:\/\/jorgezanoni.com.br\/2019\/wp-json\/wp\/v2\/tags?post=31716"}],"curies":[{"name":"wp","href":"https:\/\/api.w.org\/{rel}","templated":true}]}}