{"id":31710,"date":"2020-07-30T00:38:11","date_gmt":"2020-07-30T00:38:11","guid":{"rendered":"https:\/\/jorgezanoni.com.br\/2019\/?p=31710"},"modified":"2020-07-30T00:38:11","modified_gmt":"2020-07-30T00:38:11","slug":"ivinhema-pmr-prende-quatro-homens-que-levariam-drogas-para-sp-destino-seria-dracena","status":"publish","type":"post","link":"https:\/\/jorgezanoni.com.br\/2019\/ivinhema-pmr-prende-quatro-homens-que-levariam-drogas-para-sp-destino-seria-dracena\/","title":{"rendered":"IVINHEMA: PMR prende quatro homens que levariam drogas para SP. Destino seria Dracena"},"content":{"rendered":"<p style=\"text-align: justify;\">Durante a Opera\u00e7\u00e3o H\u00f3rus, desencadeada pela SEJUSP\/MS e pela Secretaria Nacional de Opera\u00e7\u00f5es Integradas (SEOPI) do Minist\u00e9rio de Justi\u00e7a e Seguran\u00e7a P\u00fablica, na tarde desta ter\u00e7a-feira (28) em Ivinhema, a Pol\u00edcia Militar Rodovi\u00e1ria prendeu quatro homens, entre batedores e transportador, que levariam 42,8 kg de maconha para o estado de SP.<\/p>\n<p style=\"text-align: justify;\">Conforme apurou o Site Ivinoticias, a a\u00e7\u00e3o ocorreu enquanto uma equipe da Pol\u00edcia Militar Rodovi\u00e1ria fazia policiamento ostensivo na BR 376. Ao abordar um ve\u00edculo Hyundai\/HB20, com placas de Belo Horizonte \u2013 MG, a equipe notou que os ocupantes, dois homens de 19 e 20 anos, aparentavam muito nervosos, por\u00e9m nada de il\u00edcito foi encontrado. Em seguida mais dois ve\u00edculos foram abordados, um Ford\/Focus, com um condutor de 22 anos e um Hyundai\/HB20, com um condutor 24 anos, todos eles em atitudes suspeitas. Ao vistoriarem o ve\u00edculo H20, os policiais obtiveram \u00eaxito em localizar no interior das portas e no assoalho diversos tabletes de maconha.<\/p>\n<p style=\"text-align: justify;\">Os autores, todos moradores do estado de S\u00e3o Paulo, confessaram o crime e que levariam as drogas at\u00e9 a cidade de Dracena \u2013 SP, n\u00e3o informando quanto ganhariam nem quem receberia o entorpecente.<\/p>\n<p style=\"text-align: justify;\">Diante dos fatos, os autores, os ve\u00edculos e as drogas foram encaminhados para a Delegacia de Pol\u00edcia Civil de Ivinhema.<\/p>\n<p style=\"text-align: justify;\">Fonte: https:\/\/www.ivinoticias.com.br\/<\/p>\n","protected":false},"excerpt":{"rendered":"<p>Durante a Opera\u00e7\u00e3o H\u00f3rus, desencadeada pela SEJUSP\/MS e pela Secretaria Nacional de Opera\u00e7\u00f5es Integradas (SEOPI) do Minist\u00e9rio de Justi\u00e7a e Seguran\u00e7a P\u00fablica, na tarde desta ter\u00e7a-feira (28) em Ivinhema, a Pol\u00edcia Militar Rodovi\u00e1ria prendeu quatro homens, entre batedores e transportador, que levariam 42,8 kg de maconha para o estado de SP. Conforme apurou o Site [&hellip;]<\/p>\n","protected":false},"author":1,"featured_media":31711,"comment_status":"closed","ping_status":"open","sticky":false,"template":"","format":"standard","meta":{"footnotes":""},"categories":[110,2],"tags":[],"class_list":["post-31710","post","type-post","status-publish","format-standard","has-post-thumbnail","hentry","category-noticiasdestaque","category-policial"],"_links":{"self":[{"href":"https:\/\/jorgezanoni.com.br\/2019\/wp-json\/wp\/v2\/posts\/31710","targetHints":{"allow":["GET"]}}],"collection":[{"href":"https:\/\/jorgezanoni.com.br\/2019\/wp-json\/wp\/v2\/posts"}],"about":[{"href":"https:\/\/jorgezanoni.com.br\/2019\/wp-json\/wp\/v2\/types\/post"}],"author":[{"embeddable":true,"href":"https:\/\/jorgezanoni.com.br\/2019\/wp-json\/wp\/v2\/users\/1"}],"replies":[{"embeddable":true,"href":"https:\/\/jorgezanoni.com.br\/2019\/wp-json\/wp\/v2\/comments?post=31710"}],"version-history":[{"count":0,"href":"https:\/\/jorgezanoni.com.br\/2019\/wp-json\/wp\/v2\/posts\/31710\/revisions"}],"wp:featuredmedia":[{"embeddable":true,"href":"https:\/\/jorgezanoni.com.br\/2019\/wp-json\/wp\/v2\/media\/31711"}],"wp:attachment":[{"href":"https:\/\/jorgezanoni.com.br\/2019\/wp-json\/wp\/v2\/media?parent=31710"}],"wp:term":[{"taxonomy":"category","embeddable":true,"href":"https:\/\/jorgezanoni.com.br\/2019\/wp-json\/wp\/v2\/categories?post=31710"},{"taxonomy":"post_tag","embeddable":true,"href":"https:\/\/jorgezanoni.com.br\/2019\/wp-json\/wp\/v2\/tags?post=31710"}],"curies":[{"name":"wp","href":"https:\/\/api.w.org\/{rel}","templated":true}]}}