{"id":31707,"date":"2020-07-30T00:03:05","date_gmt":"2020-07-30T00:03:05","guid":{"rendered":"https:\/\/jorgezanoni.com.br\/2019\/?p=31707"},"modified":"2020-07-30T00:03:05","modified_gmt":"2020-07-30T00:03:05","slug":"fundec-realiza-palestra-de-empreendedorismo-para-alunos-e-colaboradores","status":"publish","type":"post","link":"https:\/\/jorgezanoni.com.br\/2019\/fundec-realiza-palestra-de-empreendedorismo-para-alunos-e-colaboradores\/","title":{"rendered":"Fundec realiza palestra de Empreendedorismo para alunos e colaboradores"},"content":{"rendered":"<p dir=\"ltr\" style=\"text-align: justify;\">Especialmente neste momento \u00fanico da pandemia, mais do que nunca todos est\u00e3o se reinventando para se destacar no mercado de trabalho. O empreendedorismo \u00e9 uma das chaves de sucesso e sobreviv\u00eancia para o per\u00edodo.<br \/>\nA Fundec realizou a palestra Empreendedorismo com os convidados Jos\u00e9 Carlos Cavalcante (Gerente Regional do Sebrae de Presidente Prudente\/SP) e Wendell Gussoni (Gerente Regional do Sebrae do Paran\u00e1), no dia 22 de junho, pela plataforma on-line Google Meet.<br \/>\nA webpalestra foi mediada pelo Prof. Me. Tiago de David, docente da disciplina extracurricular de Empreendedorismo da Fundec.<br \/>\nH\u00e1 12 anos, os alunos do CEP\/UME e da Unifadra possuem a disciplina extracurricular gratuita de Empreendedorismo em parceria com o Sebrae, visando auxiliar os estudantes a agregar base empreendedora \u00e0s suas profiss\u00f5es.<br \/>\nO palestrante convidado Jos\u00e9 Carlos Cavalcante, que est\u00e1 ao lado da Fundec desde o in\u00edcio da parceria da disciplina extracurricular, parabenizou a institui\u00e7\u00e3o por proporcionar aos estudantes essa disciplina complementar \u00e0 forma\u00e7\u00e3o acad\u00eamica.<br \/>\nO palestrante Wendell Gussoni destacou que, a partir deste momento de pandemia, o panorama das empresas ir\u00e1 se transformar para garantir sua sobreviv\u00eancia no mercado e trabalho.<br \/>\nO agente do Sebrae Dracena Caio Pedro Lemos tamb\u00e9m participou da palestra e destacou que a unidade est\u00e1 \u00e0 disposi\u00e7\u00e3o para auxiliar os alunos e empreendedores com orienta\u00e7\u00f5es.<br \/>\nO diretor acad\u00eamico da Unifadra Prof. Dr. Enio Garbelini ressaltou que &#8220;essa parceria com o Sebrae \u00e9 importante para qualificar ainda mais a forma\u00e7\u00e3o dos nossos alunos, preparando-os para o mercado de trabalho&#8221;.<br \/>\nA diretora do CEP\/UME Profa. Julia Portari destacou que &#8220;essa \u00e9 uma disciplina muito importante para os alunos, pois o empreendedorismo \u00e9 considerado um elemento impulsionador do crescimento e desenvolvimento econ\u00f4mico e social&#8221;.<\/p>\n<p dir=\"ltr\" style=\"text-align: justify;\">A disciplina de Empreendedorismo \u00e9 composta de 3 m\u00f3dulos (Indiv\u00edduo, Mercado e Plano de Neg\u00f3cios), com carga hor\u00e1ria de 36 horas, ministrada pelos professores da Fundec Prof. Esp. Alexandre de Queiroz, Prof. Esp. Jos\u00e9 Marcos Tanganini, Prof. Me. Ronaldo Cust\u00f3dio e Prof. Me. Tiago de David.\u00a0<span id=\"gmail-docs-internal-guid-82d98477-7fff-7c60-e45e-e8147718f0aa\"><\/span><\/p>\n<div style=\"text-align: justify;\">Foto:\u00a0 Jos\u00e9 Carlos Cavalcante, Gerente Regional do Sebrae de Presidente Prudente\/SP, foi um dos palestrantes.<\/div>\n<div style=\"text-align: justify;\"><\/div>\n<div class=\"gmail_signature\" dir=\"ltr\">\n<div dir=\"ltr\" style=\"text-align: justify;\">Carolina Colnago<br \/>\nAssistente de Comunica\u00e7\u00e3o<br \/>\nFunda\u00e7\u00e3o Dracenense de Educa\u00e7\u00e3o e Cultura<\/div>\n<\/div>\n","protected":false},"excerpt":{"rendered":"<p>Especialmente neste momento \u00fanico da pandemia, mais do que nunca todos est\u00e3o se reinventando para se destacar no mercado de trabalho. O empreendedorismo \u00e9 uma das chaves de sucesso e sobreviv\u00eancia para o per\u00edodo. A Fundec realizou a palestra Empreendedorismo com os convidados Jos\u00e9 Carlos Cavalcante (Gerente Regional do Sebrae de Presidente Prudente\/SP) e Wendell [&hellip;]<\/p>\n","protected":false},"author":1,"featured_media":31708,"comment_status":"closed","ping_status":"open","sticky":false,"template":"","format":"standard","meta":{"footnotes":""},"categories":[122],"tags":[],"class_list":["post-31707","post","type-post","status-publish","format-standard","has-post-thumbnail","hentry","category-saudeeducacaoeconcurso"],"_links":{"self":[{"href":"https:\/\/jorgezanoni.com.br\/2019\/wp-json\/wp\/v2\/posts\/31707","targetHints":{"allow":["GET"]}}],"collection":[{"href":"https:\/\/jorgezanoni.com.br\/2019\/wp-json\/wp\/v2\/posts"}],"about":[{"href":"https:\/\/jorgezanoni.com.br\/2019\/wp-json\/wp\/v2\/types\/post"}],"author":[{"embeddable":true,"href":"https:\/\/jorgezanoni.com.br\/2019\/wp-json\/wp\/v2\/users\/1"}],"replies":[{"embeddable":true,"href":"https:\/\/jorgezanoni.com.br\/2019\/wp-json\/wp\/v2\/comments?post=31707"}],"version-history":[{"count":0,"href":"https:\/\/jorgezanoni.com.br\/2019\/wp-json\/wp\/v2\/posts\/31707\/revisions"}],"wp:featuredmedia":[{"embeddable":true,"href":"https:\/\/jorgezanoni.com.br\/2019\/wp-json\/wp\/v2\/media\/31708"}],"wp:attachment":[{"href":"https:\/\/jorgezanoni.com.br\/2019\/wp-json\/wp\/v2\/media?parent=31707"}],"wp:term":[{"taxonomy":"category","embeddable":true,"href":"https:\/\/jorgezanoni.com.br\/2019\/wp-json\/wp\/v2\/categories?post=31707"},{"taxonomy":"post_tag","embeddable":true,"href":"https:\/\/jorgezanoni.com.br\/2019\/wp-json\/wp\/v2\/tags?post=31707"}],"curies":[{"name":"wp","href":"https:\/\/api.w.org\/{rel}","templated":true}]}}