{"id":31700,"date":"2020-07-29T23:15:43","date_gmt":"2020-07-29T23:15:43","guid":{"rendered":"https:\/\/jorgezanoni.com.br\/2019\/?p=31700"},"modified":"2020-07-29T23:15:43","modified_gmt":"2020-07-29T23:15:43","slug":"unifai-e-gestao-organizacional-em-terras-provincianas","status":"publish","type":"post","link":"https:\/\/jorgezanoni.com.br\/2019\/unifai-e-gestao-organizacional-em-terras-provincianas\/","title":{"rendered":"UniFAI e Gest\u00e3o Organizacional em terras provincianas&#8230;"},"content":{"rendered":"<p><strong>UniFAI e Gest\u00e3o Organizacional em terras provincianas&#8230;<\/strong><\/p>\n<p style=\"text-align: justify;\"><em>&#8220;A chamada gest\u00e3o organizacional nada mais \u00e9 do que a administra\u00e7\u00e3o de um neg\u00f3cio, empresa ou organiza\u00e7\u00e3o com o objetivo de alcan\u00e7ar metas e conquistar resultados positivos e rent\u00e1veis.<\/em><\/p>\n<p style=\"text-align: justify;\"><em>A fun\u00e7\u00e3o desse tipo de gest\u00e3o \u00e9 conduzir pessoas e processos de forma eficaz, promover melhorias, criar um ambiente colaborativo, motivado, prop\u00edcio ao autodesenvolvimento e, consequentemente, \u00e0 conquista de resultados&#8221;. <\/em><\/p>\n<p style=\"text-align: justify;\"><strong>FONTE:<\/strong><em> Portal IBC acessado in 21\/6\/2016, 19h10.<\/em><\/p>\n<p style=\"text-align: justify;\">S\u00e9rgio Barbosa (*)<\/p>\n<p style=\"text-align: justify;\">Neste novo tempo novo, quando as denominadas organiza\u00e7\u00f5es est\u00e3o desenvolvendo diversas atividades em \u00e1reas distintas no mercado glocal, ou seja, do global para o local, faz-se necess\u00e1rio estar em conex\u00e3o com as novas propostas focadas em &#8220;Gest\u00e3o Organizacional&#8221;&#8230;<\/p>\n<p style=\"text-align: justify;\">Desta forma, a comunidade &#8220;regiocal&#8221;, isso \u00e9, do contexto regional para o local, considerando os cen\u00e1rios internacional, nacional e estadual, deve estar atenta aos fatos que est\u00e3o ocorrendo no mercado, tendo em vista as prioridades desta ou daquele \u00e1rea de atua\u00e7\u00e3o&#8230;<\/p>\n<p style=\"text-align: justify;\">No contexto das presta\u00e7\u00e3o de servi\u00e7os, bem como, na produ\u00e7\u00e3o de bens em geral, deve-se pautar pelos conceitos de pre\u00e7o, ainda, pela qualidade do produto ou do servi\u00e7o colocado no mercado em tempo de p\u00f3s-globaliza\u00e7\u00e3o organizacional&#8230;<\/p>\n<p style=\"text-align: justify;\">Assim, existem op\u00e7\u00f5es em n\u00edvel acad\u00eamico, isso \u00e9, para quem busca estar em sintonia com as exig\u00eancias deste mercado que selecionada e qualifica todas as a\u00e7\u00f5es estrat\u00e9gicas direcionadas para atender a demanda em n\u00edveis de produto ou servi\u00e7o&#8230;<\/p>\n<p style=\"text-align: justify;\">Nestes desencontros patrocinados quase sempre pelas &#8220;crises&#8221; localizadas, por\u00e9m, com abrang\u00eancia em n\u00edvel nacional, n\u00e3o tem como o cen\u00e1rio provinciano ficar distantes dos resultados negativos direcionados para o mercado local em todas as \u00e1reas da produ\u00e7\u00e3o, dos servi\u00e7os e do consumo&#8230;<\/p>\n<p style=\"text-align: justify;\">Por\u00e9m, como afirma o dito popular tupiniquim, a saber: &#8220;melhor prevenir do que remediar&#8221;, portanto, faz-se necess\u00e1rio estar buscando sempre uma qualifica\u00e7\u00e3o acad\u00eamica, neste caso espec\u00edfico da &#8220;Gest\u00e3o Organizacional&#8221;, a UniFAI-Centro Universit\u00e1rio de Adamantina, oferece dois cursos focados nesta \u00e1rea: ADMINISTRA\u00c7\u00c3O E CI\u00caNCIAS ECON\u00d4MICAS&#8230;<\/p>\n<p style=\"text-align: justify;\">Al\u00e9m de contar com um corpo docente qualificado em titula\u00e7\u00e3o acad\u00eamica e experi\u00eancia profissional de mercado, existem diversas possibilidades de escolha em \u00e1reas espec\u00edficas de atua\u00e7\u00e3o nas \u00e1reas da ADMINISTRA\u00c7\u00c3O ou CI\u00caNCIAS ECON\u00d4MICAS para os interessados em geral&#8230;<\/p>\n<p style=\"text-align: justify;\">Tamb\u00e9m, como alerta outro dito popular, &#8220;o rio n\u00e3o est\u00e1 pra peixe&#8221;, haja vista as exig\u00eancias do mercado consumidor que busca al\u00e9m da qualidade deste ou daquele produto\/servi\u00e7o, ainda, destacando a import\u00e2ncia do pre\u00e7o e ponto quase final&#8230;<\/p>\n<p style=\"text-align: justify;\">Refor\u00e7ando que n\u00e3o se pode ficar distante dos fatos em n\u00edvel mundial, considerando que tais ocorr\u00eancias acabam chegando em terras provincianas, todavia, sempre \u00e9 tempo de rever esta ou aquela posi\u00e7\u00e3o para quem est\u00e1 no mercado das organiza\u00e7\u00f5es, por isso, torna-se fundamental estar em conex\u00e3o com as propostas mediadas pela \u00e1rea da &#8220;Gest\u00e3o&#8221; nas \u00e1reas da ADMINISTRA\u00c7\u00c3O ou CI\u00caNCIAS ECON\u00d4MICAS&#8230;<\/p>\n<p style=\"text-align: justify;\">Mas, n\u00e3o se deve esquecer que o mercado provinciano deve estar preparado para tais exig\u00eancias, por isso a forma\u00e7\u00e3o acad\u00eamica \u00e9 importante para que o\/a &#8220;Gestor\/a&#8221; possa oferecer condi\u00e7\u00f5es de atua\u00e7\u00e3o com resultados de acordo com o Planejamento Organizacionalem Produ\u00e7\u00e3o ou Servi\u00e7os&#8230;<\/p>\n<p style=\"text-align: justify;\"><em>______________________________<\/em><\/p>\n<p style=\"text-align: justify;\"><em>(*) jornalista diplomado e professor universit\u00e1rio.<\/em><\/p>\n<p style=\"text-align: justify;\">\n<p>&nbsp;<\/p>\n<p>&nbsp;<\/p>\n","protected":false},"excerpt":{"rendered":"<p>UniFAI e Gest\u00e3o Organizacional em terras provincianas&#8230; &#8220;A chamada gest\u00e3o organizacional nada mais \u00e9 do que a administra\u00e7\u00e3o de um neg\u00f3cio, empresa ou organiza\u00e7\u00e3o com o objetivo de alcan\u00e7ar metas e conquistar resultados positivos e rent\u00e1veis. A fun\u00e7\u00e3o desse tipo de gest\u00e3o \u00e9 conduzir pessoas e processos de forma eficaz, promover melhorias, criar um ambiente [&hellip;]<\/p>\n","protected":false},"author":1,"featured_media":31701,"comment_status":"closed","ping_status":"open","sticky":false,"template":"","format":"standard","meta":{"footnotes":""},"categories":[175],"tags":[],"class_list":["post-31700","post","type-post","status-publish","format-standard","has-post-thumbnail","hentry","category-artigos"],"_links":{"self":[{"href":"https:\/\/jorgezanoni.com.br\/2019\/wp-json\/wp\/v2\/posts\/31700","targetHints":{"allow":["GET"]}}],"collection":[{"href":"https:\/\/jorgezanoni.com.br\/2019\/wp-json\/wp\/v2\/posts"}],"about":[{"href":"https:\/\/jorgezanoni.com.br\/2019\/wp-json\/wp\/v2\/types\/post"}],"author":[{"embeddable":true,"href":"https:\/\/jorgezanoni.com.br\/2019\/wp-json\/wp\/v2\/users\/1"}],"replies":[{"embeddable":true,"href":"https:\/\/jorgezanoni.com.br\/2019\/wp-json\/wp\/v2\/comments?post=31700"}],"version-history":[{"count":0,"href":"https:\/\/jorgezanoni.com.br\/2019\/wp-json\/wp\/v2\/posts\/31700\/revisions"}],"wp:featuredmedia":[{"embeddable":true,"href":"https:\/\/jorgezanoni.com.br\/2019\/wp-json\/wp\/v2\/media\/31701"}],"wp:attachment":[{"href":"https:\/\/jorgezanoni.com.br\/2019\/wp-json\/wp\/v2\/media?parent=31700"}],"wp:term":[{"taxonomy":"category","embeddable":true,"href":"https:\/\/jorgezanoni.com.br\/2019\/wp-json\/wp\/v2\/categories?post=31700"},{"taxonomy":"post_tag","embeddable":true,"href":"https:\/\/jorgezanoni.com.br\/2019\/wp-json\/wp\/v2\/tags?post=31700"}],"curies":[{"name":"wp","href":"https:\/\/api.w.org\/{rel}","templated":true}]}}