{"id":31685,"date":"2020-07-29T15:05:10","date_gmt":"2020-07-29T15:05:10","guid":{"rendered":"https:\/\/jorgezanoni.com.br\/2019\/?p=31685"},"modified":"2020-07-29T15:05:10","modified_gmt":"2020-07-29T15:05:10","slug":"homem-fica-ferido-apos-cavalo-se-assustar-e-disparar-com-ele-em-charrete","status":"publish","type":"post","link":"https:\/\/jorgezanoni.com.br\/2019\/homem-fica-ferido-apos-cavalo-se-assustar-e-disparar-com-ele-em-charrete\/","title":{"rendered":"Homem fica ferido ap\u00f3s cavalo se assustar e disparar com ele em charrete"},"content":{"rendered":"<p style=\"text-align: justify;\">Um morador de In\u00fabia Paulista sofreu v\u00e1rios ferimentos depois que o cavalo que puxava a charrete que conduzia disparar por ruas da cidade e provocar sua queda no asfalto, na noite dessa segunda-feira, dia 27. \u00a0Com v\u00e1rios ferimentos, o homem foi conduzido pela unidade resgate do Corpo de Bombeiros ao Pronto Socorro da Santa Casa de Osvaldo Cruz, onde recebeu atendimento m\u00e9dico. Depois de passar a noite em observa\u00e7\u00e3o, a v\u00edtima recebeu alta na manh\u00e3 desta ter\u00e7a-feira, dia 28.<\/p>\n<p style=\"text-align: justify;\">Segundo informa\u00e7\u00f5es, o homem conduzia uma charrete pela Rua Sely F. Rocha e, segundo relato da pr\u00f3pria v\u00edtima, um cachorro avan\u00e7ou no cavalo que saiu em disparada e, ap\u00f3s adentrar a Rua Armando Delai, derrubou a v\u00edtima no ch\u00e3o. Devido \u00e0 queda, o morador bateu a cabe\u00e7a no ch\u00e3o e desmaiou no local. O cavalo continuou a correr e acabou colidindo contra um caminh\u00e3o. A v\u00edtima sofreu v\u00e1rios ferimentos, inclusive cortes na cabe\u00e7a e perfura\u00e7\u00f5es no bra\u00e7o, m\u00e3os e costas.<\/p>\n<p style=\"text-align: justify;\">Fonte: Bastos J\u00e1<\/p>\n","protected":false},"excerpt":{"rendered":"<p>Um morador de In\u00fabia Paulista sofreu v\u00e1rios ferimentos depois que o cavalo que puxava a charrete que conduzia disparar por ruas da cidade e provocar sua queda no asfalto, na noite dessa segunda-feira, dia 27. \u00a0Com v\u00e1rios ferimentos, o homem foi conduzido pela unidade resgate do Corpo de Bombeiros ao Pronto Socorro da Santa Casa [&hellip;]<\/p>\n","protected":false},"author":1,"featured_media":31686,"comment_status":"closed","ping_status":"open","sticky":false,"template":"","format":"standard","meta":{"footnotes":""},"categories":[170,110],"tags":[],"class_list":["post-31685","post","type-post","status-publish","format-standard","has-post-thumbnail","hentry","category-acidentes","category-noticiasdestaque"],"_links":{"self":[{"href":"https:\/\/jorgezanoni.com.br\/2019\/wp-json\/wp\/v2\/posts\/31685","targetHints":{"allow":["GET"]}}],"collection":[{"href":"https:\/\/jorgezanoni.com.br\/2019\/wp-json\/wp\/v2\/posts"}],"about":[{"href":"https:\/\/jorgezanoni.com.br\/2019\/wp-json\/wp\/v2\/types\/post"}],"author":[{"embeddable":true,"href":"https:\/\/jorgezanoni.com.br\/2019\/wp-json\/wp\/v2\/users\/1"}],"replies":[{"embeddable":true,"href":"https:\/\/jorgezanoni.com.br\/2019\/wp-json\/wp\/v2\/comments?post=31685"}],"version-history":[{"count":0,"href":"https:\/\/jorgezanoni.com.br\/2019\/wp-json\/wp\/v2\/posts\/31685\/revisions"}],"wp:featuredmedia":[{"embeddable":true,"href":"https:\/\/jorgezanoni.com.br\/2019\/wp-json\/wp\/v2\/media\/31686"}],"wp:attachment":[{"href":"https:\/\/jorgezanoni.com.br\/2019\/wp-json\/wp\/v2\/media?parent=31685"}],"wp:term":[{"taxonomy":"category","embeddable":true,"href":"https:\/\/jorgezanoni.com.br\/2019\/wp-json\/wp\/v2\/categories?post=31685"},{"taxonomy":"post_tag","embeddable":true,"href":"https:\/\/jorgezanoni.com.br\/2019\/wp-json\/wp\/v2\/tags?post=31685"}],"curies":[{"name":"wp","href":"https:\/\/api.w.org\/{rel}","templated":true}]}}